{"id":30874405,"date":"2022-07-27T14:06:54","date_gmt":"2022-07-27T12:06:54","guid":{"rendered":"https:\/\/www.upo.es\/diario\/?p=30874405"},"modified":"2022-08-31T10:48:03","modified_gmt":"2022-08-31T08:48:03","slug":"la-upo-y-el-ayuntamiento-de-sevilla-plantean-las-bases-de-las-acciones-socioeducativas-en-la-flora-para-el-proximo-curso","status":"publish","type":"post","link":"https:\/\/www.upo.es\/diario\/cultura-social\/2022\/07\/la-upo-y-el-ayuntamiento-de-sevilla-plantean-las-bases-de-las-acciones-socioeducativas-en-la-flora-para-el-proximo-curso\/","title":{"rendered":"La UPO y el Ayuntamiento de Sevilla plantean las bases de las acciones socioeducativas en la Flora para el pr\u00f3ximo curso"},"content":{"rendered":"<figure id=\"attachment_30874406\" aria-describedby=\"caption-attachment-30874406\" style=\"width: 385px\" class=\"wp-caption alignright\"><a href=\"https:\/\/www.upo.es\/diario\/wp-content\/uploads\/2022\/07\/reunion_trabajo_Flora.jpg\"><img loading=\"lazy\" decoding=\"async\" class=\"wp-image-30874406 size-medium\" src=\"https:\/\/www.upo.es\/diario\/wp-content\/uploads\/2022\/07\/reunion_trabajo_Flora-385x289.jpg\" alt=\"\" width=\"385\" height=\"289\" srcset=\"https:\/\/www.upo.es\/diario\/wp-content\/uploads\/2022\/07\/reunion_trabajo_Flora-385x289.jpg 385w, https:\/\/www.upo.es\/diario\/wp-content\/uploads\/2022\/07\/reunion_trabajo_Flora-750x563.jpg 750w, https:\/\/www.upo.es\/diario\/wp-content\/uploads\/2022\/07\/reunion_trabajo_Flora-768x576.jpg 768w, https:\/\/www.upo.es\/diario\/wp-content\/uploads\/2022\/07\/reunion_trabajo_Flora-1536x1152.jpg 1536w, https:\/\/www.upo.es\/diario\/wp-content\/uploads\/2022\/07\/reunion_trabajo_Flora-1320x990.jpg 1320w, https:\/\/www.upo.es\/diario\/wp-content\/uploads\/2022\/07\/reunion_trabajo_Flora.jpg 1600w\" sizes=\"auto, (max-width: 385px) 100vw, 385px\" \/><\/a><figcaption id=\"caption-attachment-30874406\" class=\"wp-caption-text\">Reuni\u00f3n celebrada esta ma\u00f1ana en la Residencia Universitaria Flora Trist\u00e1n<\/figcaption><\/figure>\n<p>Hoy mi\u00e9rcoles 27 de julio la presidenta de la Junta Municipal del Distrito Sur, teniente de alcalde y delegada de Limpieza P\u00fablica y Educaci\u00f3n del Ayuntamiento de Sevilla,<strong> Mar\u00eda Luisa G\u00f3mez Casta\u00f1o<\/strong>, y \u00a0el vicerrector de Cultura y Pol\u00edticas Sociales de la Universidad Pablo de Olavide, <strong>David Cobos Sanchiz,<\/strong> han mantenido una reuni\u00f3n de trabajo en la Residencia Universitaria Flora Trist\u00e1n, con el objeto de evaluar la colaboraci\u00f3n interinstitucional durante este curso acad\u00e9mico y plantear las bases para el desarrollo de acciones socioeducativas conjuntas para el periodo 2022\/2023. En la mesa de trabajo han participado tambi\u00e9n <strong>Esther Prieto<\/strong>, directora de Innovaci\u00f3n Social de la Olavide, as\u00ed como <strong>Trinidad Camacho<\/strong> y<strong> Jes\u00fas Gonz\u00e1lez<\/strong>, directora general y coordinador del Distrito Sur, respectivamente.<\/p>\n<p>Ambas instituciones se han mostrado muy satisfechas con el balance de las acciones emprendidas, que han tenido su hito en la creaci\u00f3n el pasado mes de diciembre del <a href=\"https:\/\/www.upo.es\/diario\/cultura-social\/2021\/12\/la-upo-y-el-ayuntamiento-de-sevilla-firman-un-convenio-para-la-creacion-del-espacio-de-innovacion-social-cultural-y-tecnologica-flora-tristan\/\">\u2018Espacio Internacional de Innovaci\u00f3n Social, Tecnol\u00f3gica y Cultural Flora Trist\u00e1n\u2019<\/a>, un proyecto que ha puesto en marcha estrategias innovadoras para resolver los problemas sociolaborales del Pol\u00edgono Sur y que pueden ser, adem\u00e1s, herramientas extrapolables a otras zonas de similares caracter\u00edsticas.<\/p>\n<p>Tambi\u00e9n, gracias a los acuerdos materializados entre el Ayuntamiento \u00a0y la Universidad, la Residencia Universitaria Flora Trist\u00e1n ha continuado con el \u2018Proyecto de la Biblioteca\u2019, mediante el cual la Residencia ha seguido abriendo sus puertas durante los fines de semana para <a href=\"https:\/\/www.upo.es\/diario\/cultura-social\/2021\/05\/la-residencia-flora-tristan-de-la-upo-abre-sus-puertas-para-acompanar-a-ninos-y-jovenes-del-poligono-sur-en-sus-tareas-escolares\/\">acompa\u00f1ar a ni\u00f1os y j\u00f3venes del Pol\u00edgono Sur en sus tareas escolares.<\/a><\/p>\n<p>Adem\u00e1s, el Ayuntamiento sigue colaborando con el mantenimiento del proyecto social y sus acciones en el barrio, a trav\u00e9s del Programa \u2018Sevilla Solidaria\u2019. Y, a su vez, desde la Residencia Universitaria se participa activamente en todas las actividades que se organizan desde el Distrito Sur.<\/p>\n<h3><strong>Nuevas propuestas para promover sociedades inclusivas<\/strong><\/h3>\n<p>Junto a la evaluaci\u00f3n y balance de las pol\u00edticas desplegadas en este curso, la reuni\u00f3n ha servido para sentar las bases de nuevas acciones socioeducativas en el marco de esta colaboraci\u00f3n conjunta.<\/p>\n<p>As\u00ed, entre las iniciativas previstas para 2022\/2023, se pretende consolidar\u00a0 el Espacio Internacional de Innovaci\u00f3n Social, Tecnol\u00f3gica y Cultural,\u00a0con una nueva actividad de impacto de la mano de la Fundaci\u00f3n Aret\u00e9. Se trata de la <strong>puesta en marcha de un FabLab<\/strong>, un espacio de producci\u00f3n de objetos f\u00edsicos a escala personal o local. En este caso, el proyecto<strong> pertenece a la Red de Laboratorios Ciudadanos de Fabricaci\u00f3n Digital<\/strong> y busca la participaci\u00f3n de empresas de inserci\u00f3n que desarrollar\u00e1n itinerarios con colectivos en riesgo de exclusi\u00f3n de la zona de influencia en la que radica la Residencia Universitaria.<\/p>\n<p>De otro lado, durante el encuentro se ha abordado tambi\u00e9n la posibilidad de llegar a acuerdos para <strong>potenciar el envejecimiento activo y saludable, mediante la puesta en marcha de programas de formaci\u00f3n, atenci\u00f3n e intervenci\u00f3n<\/strong>, dirigidos a las personas mayores de dentro y fuera de la comunidad universitaria, uno de los objetivos operativos del Plan Estrat\u00e9gico de la Universidad, recientemente aprobado.<\/p>\n<p>Por \u00faltimo, con esta reuni\u00f3n de trabajo, se concluyen las actividades institucionales del curso acad\u00e9mico en la Residencia Universitaria Flora Trist\u00e1n, que arrancar\u00e1 el pr\u00f3ximo mes de septiembre acogiendo otra actividad singular de gran inter\u00e9s: el proyecto \u2018<strong>Campus Inclusivos. Campus sin l\u00edmites\u2019, una acci\u00f3n conjunta del Ministerio de Universidades y de la Fundaci\u00f3n ONCE<\/strong>, cuya finalidad \u00faltima es que el estudiantado con discapacidad y con otras situaciones de especial vulnerabilidad social contin\u00faen con su formaci\u00f3n hasta finalizar la Educaci\u00f3n Superior, reduciendo con ello las tasas de abandono escolar temprano y mejorando as\u00ed su empleabilidad futura. <strong>Se trata de un proyecto para el que la Universidad Pablo de Olavide ha sido seleccionada, junto a las universidades de Sevilla y C\u00e1diz<\/strong>, y que se pone en marcha el pr\u00f3ximo 4 de septiembre en la propia residencia universitaria.<\/p>\n<p>&nbsp;<\/p>\n<p>&nbsp;<\/p>\n","protected":false},"excerpt":{"rendered":"<p>Hoy mi\u00e9rcoles 27 de julio la presidenta de la Junta Municipal del Distrito Sur, teniente de alcalde y delegada de Limpieza P\u00fablica y Educaci\u00f3n del Ayuntamiento de Sevilla, Mar\u00eda Luisa G\u00f3mez Casta\u00f1o, y \u00a0el vicerrector de Cultura y Pol\u00edticas Sociales de la Universidad Pablo de Olavide, David Cobos Sanchiz, han mantenido una reuni\u00f3n de trabajo en la Residencia Universitaria Flora Trist\u00e1n, con el objeto de evaluar la colaboraci\u00f3n interinstitucional durante este curso acad\u00e9mico y plantear las bases para el desarrollo de acciones socioeducativas conjuntas para el periodo 2022\/2023. En la mesa de trabajo han participado tambi\u00e9n Esther Prieto, directora de Innovaci\u00f3n Social de la Olavide, as\u00ed como Trinidad Camacho y Jes\u00fas Gonz\u00e1lez, directora general y coordinador del Distrito Sur, respectivamente.<\/p>\n","protected":false},"author":15,"featured_media":30874406,"comment_status":"closed","ping_status":"open","sticky":false,"template":"","format":"standard","meta":{"_monsterinsights_skip_tracking":false,"_monsterinsights_sitenote_active":false,"_monsterinsights_sitenote_note":"","_monsterinsights_sitenote_category":0,"footnotes":""},"categories":[5843],"tags":[8000,1754,3595,7922,1195,2359,7999,7998,1756,437],"class_list":["post-30874405","post","type-post","status-publish","format-standard","has-post-thumbnail","hentry","category-cultura-social","tag-acciones-socioeducativas","tag-balance","tag-david-cobos","tag-esther-prieto","tag-flora","tag-innovacion-social","tag-maria-luisa-gomez","tag-proyectos-futuros","tag-reunion","tag-trabajo"],"_links":{"self":[{"href":"https:\/\/www.upo.es\/diario\/wp-json\/wp\/v2\/posts\/30874405","targetHints":{"allow":["GET"]}}],"collection":[{"href":"https:\/\/www.upo.es\/diario\/wp-json\/wp\/v2\/posts"}],"about":[{"href":"https:\/\/www.upo.es\/diario\/wp-json\/wp\/v2\/types\/post"}],"author":[{"embeddable":true,"href":"https:\/\/www.upo.es\/diario\/wp-json\/wp\/v2\/users\/15"}],"replies":[{"embeddable":true,"href":"https:\/\/www.upo.es\/diario\/wp-json\/wp\/v2\/comments?post=30874405"}],"version-history":[{"count":1,"href":"https:\/\/www.upo.es\/diario\/wp-json\/wp\/v2\/posts\/30874405\/revisions"}],"predecessor-version":[{"id":30874407,"href":"https:\/\/www.upo.es\/diario\/wp-json\/wp\/v2\/posts\/30874405\/revisions\/30874407"}],"wp:featuredmedia":[{"embeddable":true,"href":"https:\/\/www.upo.es\/diario\/wp-json\/wp\/v2\/media\/30874406"}],"wp:attachment":[{"href":"https:\/\/www.upo.es\/diario\/wp-json\/wp\/v2\/media?parent=30874405"}],"wp:term":[{"taxonomy":"category","embeddable":true,"href":"https:\/\/www.upo.es\/diario\/wp-json\/wp\/v2\/categories?post=30874405"},{"taxonomy":"post_tag","embeddable":true,"href":"https:\/\/www.upo.es\/diario\/wp-json\/wp\/v2\/tags?post=30874405"}],"curies":[{"name":"wp","href":"https:\/\/api.w.org\/{rel}","templated":true}]}}