{"id":30874408,"date":"2022-07-27T14:26:53","date_gmt":"2022-07-27T12:26:53","guid":{"rendered":"https:\/\/www.upo.es\/diario\/?p=30874408"},"modified":"2022-07-29T12:52:11","modified_gmt":"2022-07-29T10:52:11","slug":"presentacion-en-la-upo-del-informe-sobre-la-implementacion-de-los-acuerdos-de-paz-en-colombia","status":"publish","type":"post","link":"https:\/\/www.upo.es\/diario\/institucional\/2022\/07\/presentacion-en-la-upo-del-informe-sobre-la-implementacion-de-los-acuerdos-de-paz-en-colombia\/","title":{"rendered":"Presentaci\u00f3n en la UPO del informe sobre la implementaci\u00f3n de los Acuerdos de Paz en Colombia  \u00a0"},"content":{"rendered":"<figure id=\"attachment_30874409\" aria-describedby=\"caption-attachment-30874409\" style=\"width: 385px\" class=\"wp-caption alignright\"><a href=\"https:\/\/www.upo.es\/diario\/wp-content\/uploads\/2022\/07\/catedraPaz00.jpg\"><img loading=\"lazy\" decoding=\"async\" class=\"wp-image-30874409 size-medium\" src=\"https:\/\/www.upo.es\/diario\/wp-content\/uploads\/2022\/07\/catedraPaz00-385x257.jpg\" alt=\"\" width=\"385\" height=\"257\" srcset=\"https:\/\/www.upo.es\/diario\/wp-content\/uploads\/2022\/07\/catedraPaz00-385x257.jpg 385w, https:\/\/www.upo.es\/diario\/wp-content\/uploads\/2022\/07\/catedraPaz00-750x500.jpg 750w, https:\/\/www.upo.es\/diario\/wp-content\/uploads\/2022\/07\/catedraPaz00-768x512.jpg 768w, https:\/\/www.upo.es\/diario\/wp-content\/uploads\/2022\/07\/catedraPaz00-1536x1025.jpg 1536w, https:\/\/www.upo.es\/diario\/wp-content\/uploads\/2022\/07\/catedraPaz00-165x109.jpg 165w, https:\/\/www.upo.es\/diario\/wp-content\/uploads\/2022\/07\/catedraPaz00-1320x880.jpg 1320w, https:\/\/www.upo.es\/diario\/wp-content\/uploads\/2022\/07\/catedraPaz00.jpg 2000w\" sizes=\"auto, (max-width: 385px) 100vw, 385px\" \/><\/a><figcaption id=\"caption-attachment-30874409\" class=\"wp-caption-text\">Desde la izquierda: Guillermo Dom\u00ednguez, Pedro Medell\u00edn, Francisco Oliva y David Cobos.<\/figcaption><\/figure>\n<p>El Vicerrectorado de Cultura y Pol\u00edticas Sociales de la Universidad Pablo de Olavide, junto a la C\u00e1tedra Iberoamericana de Educaci\u00f3n en Derechos Humanos, Ciudadan\u00eda Inclusiva y Desarrollo Sostenible han presentado hoy\u00a0en la UPO el\u00a0<strong>informe de seguimiento a la\u00a0implementaci\u00f3n de los Acuerdos de Paz en Colombia (2018-2022), <\/strong>a cargo del\u00a0Defensor del Pueblo de Colombia,<strong> Carlos Camargo Assis.<\/strong><\/p>\n<p>Durante el acto han estado presentes <strong>Francisco Oliva<\/strong>, rector de la Olavide; <strong>David Cobos<\/strong>,\u00a0 vicerrector de Cultura y Pol\u00edticas Sociales; <strong>Pedro Medell\u00edn<\/strong>, director del Centro de Estudios de la Defensor\u00eda del Pueblo de Colombia; <strong>Guillermo Dom\u00ednguez<\/strong>, director de la C\u00e1tedra Iberoamericana de Educaci\u00f3n en Derechos Humanos, Ciudadan\u00eda Inclusiva y Desarrollo Sostenible; <strong>Gricerio Perdomo<\/strong>, experto en materia de acuerdos de paz, exguerrillero y miembro del grupo del proceso de paz; y <strong>Diana G\u00f3mez<\/strong>, miembro de la ejecutiva de la Red de Universidades Comprometidas con la Educaci\u00f3n y los Derechos Humanos y Ciudadan\u00eda Inclusiva, quien, al igual que Gricerio Perdomo, ha participado de manera <em>online.<\/em><\/p>\n<p><a href=\"https:\/\/www.upo.es\/diario\/wp-content\/uploads\/2022\/07\/catedraPaz01.jpg\"><img loading=\"lazy\" decoding=\"async\" class=\"size-medium wp-image-30874410 alignleft\" src=\"https:\/\/www.upo.es\/diario\/wp-content\/uploads\/2022\/07\/catedraPaz01-385x257.jpg\" alt=\"\" width=\"385\" height=\"257\" srcset=\"https:\/\/www.upo.es\/diario\/wp-content\/uploads\/2022\/07\/catedraPaz01-385x257.jpg 385w, https:\/\/www.upo.es\/diario\/wp-content\/uploads\/2022\/07\/catedraPaz01-750x500.jpg 750w, https:\/\/www.upo.es\/diario\/wp-content\/uploads\/2022\/07\/catedraPaz01-768x512.jpg 768w, https:\/\/www.upo.es\/diario\/wp-content\/uploads\/2022\/07\/catedraPaz01-1536x1025.jpg 1536w, https:\/\/www.upo.es\/diario\/wp-content\/uploads\/2022\/07\/catedraPaz01-165x109.jpg 165w, https:\/\/www.upo.es\/diario\/wp-content\/uploads\/2022\/07\/catedraPaz01-1320x880.jpg 1320w, https:\/\/www.upo.es\/diario\/wp-content\/uploads\/2022\/07\/catedraPaz01.jpg 2000w\" sizes=\"auto, (max-width: 385px) 100vw, 385px\" \/><\/a>El informe presentado refleja un balance general de la implementaci\u00f3n del Acuerdo Final para la Terminaci\u00f3n del Conflicto y la Construcci\u00f3n de una Paz Estable y Duradera en Colombia, as\u00ed como una serie de recomendaciones \u201cconstruidas a partir de las dificultades y obst\u00e1culos que desde la Defensor\u00eda del Pueblo de Colombia se han evidenciado y que pueden poner en riesgo el goce efectivo de derechos en los territorios\u201d. Como explica el informe de presentaci\u00f3n, el documento \u201cpretende servir de gu\u00eda tanto a las entidades del gobierno nacional, como a los liderazgos rurales, organizaciones sociales y comunitarias, para reconocer los avances, dificultades, oportunidades y las lecciones aprendidas\u201d.<\/p>\n<p>La presentaci\u00f3n de este documento se enmarca en el \u00e1mbito de actividades promovidas por la\u00a0<strong>C\u00e1tedra Iberoamericana de Educaci\u00f3n en Derechos Humanos y Ciudadan\u00eda Cr\u00edtica para el Desarrollo Sostenible<\/strong>, un proyecto creado en junio de 2021 por la Universidad Pablo de Olavide, a trav\u00e9s de su profesor Guillermo Dom\u00ednguez, la Organizaci\u00f3n de Estados Iberoamericanos (OEI) y la Fundaci\u00f3n Layret y cuyo objetivo es promocionar la Educaci\u00f3n en Derechos Humanos en Iberoam\u00e9rica a trav\u00e9s de la formaci\u00f3n, intervenci\u00f3n e investigaci\u00f3n. Esta c\u00e1tedra sirve de apoyo a la Red Iberoamericana de Universidades comprometidas con la Educaci\u00f3n en Derechos Humanos y Ciudadan\u00eda Inclusiva.<\/p>\n","protected":false},"excerpt":{"rendered":"<p>El Vicerrectorado de Cultura y Pol\u00edticas Sociales de la Universidad Pablo de Olavide, junto a la C\u00e1tedra Iberoamericana de Educaci\u00f3n en Derechos Humanos, Ciudadan\u00eda Inclusiva y Desarrollo Sostenible han presentado hoy\u00a0en la UPO el\u00a0informe de seguimiento a la\u00a0implementaci\u00f3n de los Acuerdos de Paz en Colombia (2018-2022), a cargo del\u00a0Defensor del Pueblo de Colombia, Carlos Camargo Assis.<\/p>\n","protected":false},"author":15,"featured_media":30874409,"comment_status":"closed","ping_status":"open","sticky":false,"template":"","format":"standard","meta":{"_monsterinsights_skip_tracking":false,"_monsterinsights_sitenote_active":false,"_monsterinsights_sitenote_note":"","_monsterinsights_sitenote_category":0,"footnotes":""},"categories":[6],"tags":[8002,8005,8003,8004,946,3595,92,3007,465,7381,1765,8001,731,464,8006,334],"class_list":["post-30874408","post","type-post","status-publish","format-standard","has-post-thumbnail","hentry","category-institucional","tag-acuerdos","tag-carlos-camargo","tag-catedra-iberoamericana","tag-ciudadania-critica","tag-colombia","tag-david-cobos","tag-derechos-humanos","tag-desarrollo-sostenible","tag-educacion","tag-francisco-oliva","tag-guillermo-dominguez","tag-implementacion","tag-informe","tag-paz","tag-pedro-medellin","tag-presentacion"],"_links":{"self":[{"href":"https:\/\/www.upo.es\/diario\/wp-json\/wp\/v2\/posts\/30874408","targetHints":{"allow":["GET"]}}],"collection":[{"href":"https:\/\/www.upo.es\/diario\/wp-json\/wp\/v2\/posts"}],"about":[{"href":"https:\/\/www.upo.es\/diario\/wp-json\/wp\/v2\/types\/post"}],"author":[{"embeddable":true,"href":"https:\/\/www.upo.es\/diario\/wp-json\/wp\/v2\/users\/15"}],"replies":[{"embeddable":true,"href":"https:\/\/www.upo.es\/diario\/wp-json\/wp\/v2\/comments?post=30874408"}],"version-history":[{"count":1,"href":"https:\/\/www.upo.es\/diario\/wp-json\/wp\/v2\/posts\/30874408\/revisions"}],"predecessor-version":[{"id":30874411,"href":"https:\/\/www.upo.es\/diario\/wp-json\/wp\/v2\/posts\/30874408\/revisions\/30874411"}],"wp:featuredmedia":[{"embeddable":true,"href":"https:\/\/www.upo.es\/diario\/wp-json\/wp\/v2\/media\/30874409"}],"wp:attachment":[{"href":"https:\/\/www.upo.es\/diario\/wp-json\/wp\/v2\/media?parent=30874408"}],"wp:term":[{"taxonomy":"category","embeddable":true,"href":"https:\/\/www.upo.es\/diario\/wp-json\/wp\/v2\/categories?post=30874408"},{"taxonomy":"post_tag","embeddable":true,"href":"https:\/\/www.upo.es\/diario\/wp-json\/wp\/v2\/tags?post=30874408"}],"curies":[{"name":"wp","href":"https:\/\/api.w.org\/{rel}","templated":true}]}}