{"id":30874417,"date":"2022-07-28T11:54:54","date_gmt":"2022-07-28T09:54:54","guid":{"rendered":"https:\/\/www.upo.es\/diario\/?p=30874417"},"modified":"2022-07-29T12:52:03","modified_gmt":"2022-07-29T10:52:03","slug":"la-upo-celebra-la-noche-europea-de-los-investigadores-el-proximo-30-de-septiembre","status":"publish","type":"post","link":"https:\/\/www.upo.es\/diario\/docencia-formacion\/2022\/07\/la-upo-celebra-la-noche-europea-de-los-investigadores-el-proximo-30-de-septiembre\/","title":{"rendered":"La UPO celebra la Noche Europea de los Investigadores el pr\u00f3ximo 30 de septiembre"},"content":{"rendered":"<figure id=\"attachment_30874418\" aria-describedby=\"caption-attachment-30874418\" style=\"width: 385px\" class=\"wp-caption alignright\"><a href=\"https:\/\/www.upo.es\/diario\/wp-content\/uploads\/2022\/07\/La-Noche-europea-investigadores-Sevilla.jpg\"><img loading=\"lazy\" decoding=\"async\" class=\"wp-image-30874418 size-medium\" src=\"https:\/\/www.upo.es\/diario\/wp-content\/uploads\/2022\/07\/La-Noche-europea-investigadores-Sevilla-385x289.jpg\" alt=\"\" width=\"385\" height=\"289\" srcset=\"https:\/\/www.upo.es\/diario\/wp-content\/uploads\/2022\/07\/La-Noche-europea-investigadores-Sevilla-385x289.jpg 385w, https:\/\/www.upo.es\/diario\/wp-content\/uploads\/2022\/07\/La-Noche-europea-investigadores-Sevilla-750x563.jpg 750w, https:\/\/www.upo.es\/diario\/wp-content\/uploads\/2022\/07\/La-Noche-europea-investigadores-Sevilla-768x576.jpg 768w, https:\/\/www.upo.es\/diario\/wp-content\/uploads\/2022\/07\/La-Noche-europea-investigadores-Sevilla-1536x1152.jpg 1536w, https:\/\/www.upo.es\/diario\/wp-content\/uploads\/2022\/07\/La-Noche-europea-investigadores-Sevilla-1320x990.jpg 1320w, https:\/\/www.upo.es\/diario\/wp-content\/uploads\/2022\/07\/La-Noche-europea-investigadores-Sevilla.jpg 1600w\" sizes=\"auto, (max-width: 385px) 100vw, 385px\" \/><\/a><figcaption id=\"caption-attachment-30874418\" class=\"wp-caption-text\">\u00daltima edici\u00f3n en Sevilla de la Noche de los Investigadores<\/figcaption><\/figure>\n<p>La Universidad Pablo de Olavide, a trav\u00e9s de la\u00a0<a href=\"https:\/\/www.upo.es\/otri\/\">Oficina de Transferencia de Resultados de Investigaci\u00f3n (OTRI),<\/a> organiza por noveno a\u00f1o consecutivo la Noche Europea de los\u00a0 Investigadores de Sevilla, un <a href=\"https:\/\/www.upo.es\/diario\/docencia-formacion\/2021\/04\/la-fundacion-descubre-obtiene-financiacion-europea-para-celebrar-en-andalucia-la-noche-europea-de-los-investigadores-en-2021\/\">evento internacional de divulgaci\u00f3n cient\u00edfica<\/a>\u00a0que coordina la\u00a0<a href=\"https:\/\/fundaciondescubre.es\/\">Fundaci\u00f3n Descubre<\/a> y que promueve la Comisi\u00f3n Europea dentro de las Marie Sk\u0142odowska-Curie Actions and Citizens del programa Horizonte Europa.<\/p>\n<p>As\u00ed, en la ciudad de Sevilla, el <strong>viernes 30 de septiembre<\/strong>, investigadoras e investigadores de la <strong>Universidad Pablo de Olavide (UPO), la Universidad de Sevilla (US) y el Consejo Superior de Investigaciones Cient\u00edficas (CSIC) a trav\u00e9s de la Casa de la Ciencia, y con la colaboraci\u00f3n del<\/strong> <strong>Ayuntamiento de Sevilla, Centro Com\u00fan de Investigaci\u00f3n (JRC) de la Comisi\u00f3n Europea, Instituto de Patrimonio Hist\u00f3rico Andaluz (IPHA), Biobanco del Sistema Sanitario P\u00fablico de Andaluc\u00eda, y la Universidad Loyola,<\/strong> acercar\u00e1n su trabajo de una forma rigurosa y divertida a la ciudadan\u00eda a trav\u00e9s de actividades \u00a0como experimentos, talleres, experiencias, rutas, representaciones teatrales o mon\u00f3logos. El objetivo es dar a conocer el trabajo cient\u00edfico, mostrando la repercusi\u00f3n que tienen todas las \u00e1reas de conocimiento en la vida cotidiana y se\u00f1alando los beneficios que la ciencia aporta a la sociedad.<\/p>\n<p>Y es que la implicaci\u00f3n de los investigadores e investigadoras, protagonistas del proyecto, es clave para el \u00e9xito de la actividad, que registra cada a\u00f1o un creciente n\u00famero de cient\u00edficos y cient\u00edficas participantes. En concreto, la actividad reunir\u00e1 en Andaluc\u00eda a m\u00e1s de 2.500 investigadores que podr\u00e1n ense\u00f1ar al p\u00fablico en qu\u00e9 consiste su labor diaria.<\/p>\n<p>Las actividades se desarrollar\u00e1n <strong>en horario de 18:00 a 23:00 horas<\/strong> en <strong>jaimas y carpas ubicadas en la<\/strong> <strong>Plaza Nueva y, gracias a la colaboraci\u00f3n de la Fundaci\u00f3n Cajasol, tambi\u00e9n se celebrar\u00e1n en diferentes espacios de su sede de la Plaza de San Francisco<\/strong>. En la web de la Noche de los Investigadores se ofrece informaci\u00f3n ampliada de todas las actividades, as\u00ed como informaci\u00f3n de las cient\u00edficas y cient\u00edficos protagonistas.\u00a0 Tambi\u00e9n, se puede descargar aqu\u00ed el <a href=\"https:\/\/www.upo.es\/cms3\/export\/sites\/otri-cms3\/otri\/cultura-cientifica\/.galleries\/DOCUMENTOS-Historico-CULTURA-CIENTIFICA\/Programa-UPO_NOCHE-EUROPEA-INVESTIGADORS-SEVILLA-2022.pdf\"><strong>programa propio de actividades de la Universidad Pablo de Olavide. <\/strong><\/a><\/p>\n<h3><strong>Un evento internacional que va sumando socios<\/strong><\/h3>\n<p>La Noche Europea de los Investigadores es un proyecto de divulgaci\u00f3n cient\u00edfica promovido por la Comisi\u00f3n Europea dentro de las Marie Sk\u0142odowska-Curie Actions and Citizens del programa Horizonte Europa, coordinado en Andaluc\u00eda por la Fundaci\u00f3n Descubre con financiaci\u00f3n de la Consejer\u00eda de Transformaci\u00f3n Econ\u00f3mica, Industria, Conocimiento y Universidades.<\/p>\n<p>Conforman el consorcio las Universidades de Almer\u00eda, C\u00e1diz, C\u00f3rdoba, Granada, Huelva, Ja\u00e9n, M\u00e1laga, Pablo de Olavide y Sevilla, ocho centros del CSIC (la Casa de la Ciencia, el Instituto de Astrof\u00edsica de Andaluc\u00eda, la Estaci\u00f3n Experimental del Zaid\u00edn, el Instituto de Estudios Sociales Avanzados, el Instituto de Parasitolog\u00eda y Biomedicina L\u00f3pez-Neyra, la Escuela de Estudios \u00c1rabes, el Instituto de Agricultura Sostenible y la Estaci\u00f3n Experimental de Zonas \u00c1ridas), el IMGEMA-Real Jard\u00edn Bot\u00e1nico de C\u00f3rdoba y la Fundaci\u00f3n P\u00fablica Progreso y Salud a trav\u00e9s de Genyo y el Biobanco del Sistema Sanitario.<\/p>\n<p>Paralelamente, Radio Televisi\u00f3n de Andaluc\u00eda, el Instituto Andaluz de Investigaci\u00f3n y Formaci\u00f3n Agraria, Pesquera, Alimentaria y de la Producci\u00f3n Ecol\u00f3gica (IFAPA) y la Agencia Andaluza del Conocimiento son socios estrat\u00e9gicos del proyecto y colaborar\u00e1n estrechamente en su desarrollo.<\/p>\n<p><strong>M\u00e1s informaci\u00f3n:<\/strong><\/p>\n<p><a href=\"https:\/\/lanochedelosinvestigadores.fundaciondescubre.es\/sevilla\/\">https:\/\/lanochedelosinvestigadores.fundaciondescubre.es\/sevilla\/<\/a><\/p>\n<p>Facebook: <a href=\"http:\/\/www.facebook.com\/FundacionDescubre\">www.facebook.com\/FundacionDescubre<\/a><\/p>\n<p>Twitter: www.twitter.com\/FDescubre y el hashtag #NIGHTspain<\/p>\n<p>Youtube: <a href=\"http:\/\/www.youtube.com\/user\/fundaciondescubre\">www.youtube.com\/user\/fundaciondescubre<\/a><\/p>\n<p>Instagram: <a href=\"http:\/\/www.instagram.com\/fundaciondescubre\">www.instagram.com\/fundaciondescubre<\/a><\/p>\n<p><a href=\"mailto:otri@upo.es\">otri@upo.es<\/a><\/p>\n<p>&nbsp;<\/p>\n","protected":false},"excerpt":{"rendered":"<p>La Universidad Pablo de Olavide, a trav\u00e9s de la\u00a0Oficina de Transferencia de Resultados de Investigaci\u00f3n (OTRI), organiza por noveno a\u00f1o consecutivo la Noche Europea de los\u00a0 Investigadores de Sevilla, un evento internacional de divulgaci\u00f3n cient\u00edfica\u00a0que coordina la\u00a0Fundaci\u00f3n Descubre y que promueve la Comisi\u00f3n Europea dentro de las Marie Sk\u0142odowska-Curie Actions and Citizens del programa Horizonte Europa.<\/p>\n","protected":false},"author":15,"featured_media":30874418,"comment_status":"closed","ping_status":"open","sticky":false,"template":"","format":"standard","meta":{"_monsterinsights_skip_tracking":false,"_monsterinsights_sitenote_active":false,"_monsterinsights_sitenote_note":"","_monsterinsights_sitenote_category":0,"footnotes":""},"categories":[2779],"tags":[7980,8011,5904,734,8010,83,1424,1782],"class_list":["post-30874417","post","type-post","status-publish","format-standard","has-post-thumbnail","hentry","category-docencia-formacion","tag-7980","tag-8011","tag-europea","tag-investigadores","tag-noche","tag-otri","tag-plaza-nueva","tag-septiembre-2"],"_links":{"self":[{"href":"https:\/\/www.upo.es\/diario\/wp-json\/wp\/v2\/posts\/30874417","targetHints":{"allow":["GET"]}}],"collection":[{"href":"https:\/\/www.upo.es\/diario\/wp-json\/wp\/v2\/posts"}],"about":[{"href":"https:\/\/www.upo.es\/diario\/wp-json\/wp\/v2\/types\/post"}],"author":[{"embeddable":true,"href":"https:\/\/www.upo.es\/diario\/wp-json\/wp\/v2\/users\/15"}],"replies":[{"embeddable":true,"href":"https:\/\/www.upo.es\/diario\/wp-json\/wp\/v2\/comments?post=30874417"}],"version-history":[{"count":1,"href":"https:\/\/www.upo.es\/diario\/wp-json\/wp\/v2\/posts\/30874417\/revisions"}],"predecessor-version":[{"id":30874419,"href":"https:\/\/www.upo.es\/diario\/wp-json\/wp\/v2\/posts\/30874417\/revisions\/30874419"}],"wp:featuredmedia":[{"embeddable":true,"href":"https:\/\/www.upo.es\/diario\/wp-json\/wp\/v2\/media\/30874418"}],"wp:attachment":[{"href":"https:\/\/www.upo.es\/diario\/wp-json\/wp\/v2\/media?parent=30874417"}],"wp:term":[{"taxonomy":"category","embeddable":true,"href":"https:\/\/www.upo.es\/diario\/wp-json\/wp\/v2\/categories?post=30874417"},{"taxonomy":"post_tag","embeddable":true,"href":"https:\/\/www.upo.es\/diario\/wp-json\/wp\/v2\/tags?post=30874417"}],"curies":[{"name":"wp","href":"https:\/\/api.w.org\/{rel}","templated":true}]}}