{"id":30874420,"date":"2022-07-28T13:25:48","date_gmt":"2022-07-28T11:25:48","guid":{"rendered":"https:\/\/www.upo.es\/diario\/?p=30874420"},"modified":"2022-07-28T13:25:48","modified_gmt":"2022-07-28T11:25:48","slug":"la-transicion-fue-una-historia-de-exito-es-probable-pero-tambien-una-historia-de-fracaso","status":"publish","type":"post","link":"https:\/\/www.upo.es\/diario\/cursos-verano\/2022\/07\/la-transicion-fue-una-historia-de-exito-es-probable-pero-tambien-una-historia-de-fracaso\/","title":{"rendered":"\u201cLa Transici\u00f3n fue una historia de \u00e9xito, es probable, pero tambi\u00e9n una historia de fracaso\u201d"},"content":{"rendered":"<figure id=\"attachment_30874421\" aria-describedby=\"caption-attachment-30874421\" style=\"width: 750px\" class=\"wp-caption aligncenter\"><a href=\"https:\/\/www.upo.es\/diario\/wp-content\/uploads\/2022\/07\/CuVe_Olivia_Carballar.jpg\"><img loading=\"lazy\" decoding=\"async\" class=\"size-large wp-image-30874421\" src=\"https:\/\/www.upo.es\/diario\/wp-content\/uploads\/2022\/07\/CuVe_Olivia_Carballar-750x500.jpg\" alt=\"\" width=\"750\" height=\"500\" srcset=\"https:\/\/www.upo.es\/diario\/wp-content\/uploads\/2022\/07\/CuVe_Olivia_Carballar-750x500.jpg 750w, https:\/\/www.upo.es\/diario\/wp-content\/uploads\/2022\/07\/CuVe_Olivia_Carballar-385x257.jpg 385w, https:\/\/www.upo.es\/diario\/wp-content\/uploads\/2022\/07\/CuVe_Olivia_Carballar-768x512.jpg 768w, https:\/\/www.upo.es\/diario\/wp-content\/uploads\/2022\/07\/CuVe_Olivia_Carballar-1536x1024.jpg 1536w, https:\/\/www.upo.es\/diario\/wp-content\/uploads\/2022\/07\/CuVe_Olivia_Carballar-165x109.jpg 165w, https:\/\/www.upo.es\/diario\/wp-content\/uploads\/2022\/07\/CuVe_Olivia_Carballar-1320x880.jpg 1320w, https:\/\/www.upo.es\/diario\/wp-content\/uploads\/2022\/07\/CuVe_Olivia_Carballar.jpg 1599w\" sizes=\"auto, (max-width: 750px) 100vw, 750px\" \/><\/a><figcaption id=\"caption-attachment-30874421\" class=\"wp-caption-text\">Olivia Carballar (a la izquierda) en una intervenci\u00f3n en el Parlamento europeo junto a familiares de v\u00edctimas.<\/figcaption><\/figure>\n<p>Recuperar la memoria de la Transici\u00f3n. Es el principal objetivo del curso de verano de la Universidad Pablo de Olavide \u201cV\u00edctimas de la transici\u00f3n. Luchando contra el silencio y el olvido\u201d, que ha comenzado hoy, dirigido por el profesor de la Universidad de Sevilla Luis Oca\u00f1a Escolar. La conferencia inaugural del mismo ha estado a cargo de la periodista Olivia Carballar, autora del libro \u201cYo tambi\u00e9n soy v\u00edctima. Estampas de la impunidad en la Transici\u00f3n\u201d.<\/p>\n<p>Con motivo de su participaci\u00f3n en el curso, Olivia ha asegurado que de la Transici\u00f3n nos han intentado contar un discurso id\u00edlico para tapar la impunidad, en muchos casos: \u201cLa Transici\u00f3n es una historia de \u00e9xito, es probable, pero tambi\u00e9n una historia de fracaso, de infamia. La Transici\u00f3n fue tambi\u00e9n una etapa violenta y negarlo o querer negarlo supone no reconocer la historia completa de este pa\u00eds y, por lo tanto, a las v\u00edctimas de este periodo\u201d.<\/p>\n<p>Para referirse a los cr\u00edmenes acontecidos durante esta etapa hist\u00f3rica de Espa\u00f1a, Olivia apunta a una investigaci\u00f3n del periodista Mariano S\u00e1nchez Soler que cuantifica 591 asesinatos pol\u00edticos en aquella \u00e9poca, la mayor\u00eda de ellos cometidos por ETA y los Grapo. Unos 188 cr\u00edmenes fueron cometidos por parte de organizaciones fascistas, paramilitares o de los cuerpos y fuerzas de seguridad del Estado, seg\u00fan explica.<\/p>\n<p>\u201cLa familia de Juan Ma\u00f1as, una de las v\u00edctimas del caso Almer\u00eda, sigue hoy intentando explicar qui\u00e9n era ese joven y los otros amigos a los que unos guardias civiles dijeron confundir con etarras. La familia de Manuel Jos\u00e9 Garc\u00eda Caparr\u00f3s, muerto por el tan recurrente disparo al aire en la hist\u00f3rica manifestaci\u00f3n del 77 en M\u00e1laga, contin\u00faa pidiendo justicia para un crimen impune. La familia de Mar\u00eda Jos\u00e9 Bravo del Valle, violada y asesinada en 1980 en un crimen reivindicado por el Batall\u00f3n Vasco Espa\u00f1ol, sigue viviendo con dolor. Lo que une a estas v\u00edctimas son muchas cosas, pero sobre toda una: que el Estado no les ha pedido perd\u00f3n. Hay gente que dice que no se pudo hacer nada. Es discutible, pero bueno. \u00bfY ahora? \u00bfAhora tampoco podemos reparar a estas v\u00edctimas? Para m\u00ed, m\u00e1s que lo que no se hizo entonces, lo inadmisible es lo que seguimos sin hacer ahora\u201d, opina la periodista.<\/p>\n<p>En relaci\u00f3n a los juicios realizados por casos como los que ha referido, Olivia Carballar afirma que algunos se juzgaron, aunque otros no, \u201ccomo el caso de Mar\u00eda Jos\u00e9 Bravo del Valle, que nunca se juzg\u00f3 ni investig\u00f3, o el de Germ\u00e1n Rodr\u00edguez en los Sanfermines del 78\u201d. Adem\u00e1s, considera que entre los que se juzgaron tampoco se hizo justicia. \u201cVuelvo al caso Almer\u00eda, por ejemplo. En el banquillo de los acusados, tres de los 11 agentes de la Guardia Civil que detuvieron ilegalmente, torturaron y asesinaron a tres j\u00f3venes inocentes fueron condenados por homicidio, no por asesinato. Cumplieron las condenas de forma parcial, en condiciones privilegiadas. O la matanza de Vitoria, cuyos hechos fueron sobrese\u00eddos y las v\u00edctimas tuvieron que recurrir muchos a\u00f1os despu\u00e9s a la justicia argentina para que, al menos, se investigaran\u201d.<\/p>\n<p>En este sentido, Olivia Carballar cree que lo que reclaman las v\u00edctimas y sus familiares es ser reconocidos como v\u00edctimas, acabar con la impunidad y que no se manipule la Historia. \u201cTodav\u00eda existe una ley de secretos oficiales que data de la dictadura. El actual presidente del Gobierno ha anunciado recientemente una reforma. Sin embargo, las familias se sienten desamparadas\u201d, ha finalizado.<\/p>\n<p>&nbsp;<\/p>\n<p>&nbsp;<\/p>\n<p>&nbsp;<\/p>\n<p>&nbsp;<\/p>\n<p>&nbsp;<\/p>\n<p>&nbsp;<\/p>\n","protected":false},"excerpt":{"rendered":"<p>Recuperar la memoria de la Transici\u00f3n. Es el principal objetivo del curso de verano de la Universidad Pablo de Olavide \u201cV\u00edctimas de la transici\u00f3n. Luchando contra el silencio y el olvido\u201d, que ha comenzado hoy, dirigido por el profesor de la Universidad de Sevilla Luis Oca\u00f1a Escolar. La conferencia inaugural del mismo ha estado a cargo de la periodista Olivia Carballar, autora del libro \u201cYo tambi\u00e9n soy v\u00edctima. Estampas de la impunidad en la Transici\u00f3n\u201d.<\/p>\n","protected":false},"author":4,"featured_media":30874421,"comment_status":"closed","ping_status":"open","sticky":false,"template":"","format":"standard","meta":{"_monsterinsights_skip_tracking":false,"_monsterinsights_sitenote_active":false,"_monsterinsights_sitenote_note":"","_monsterinsights_sitenote_category":0,"footnotes":""},"categories":[729],"tags":[22,519,482,3338],"class_list":["post-30874420","post","type-post","status-publish","format-standard","has-post-thumbnail","hentry","category-cursos-verano","tag-cursos-de-verano","tag-olavide-en-carmona","tag-terrorismo","tag-transicion"],"_links":{"self":[{"href":"https:\/\/www.upo.es\/diario\/wp-json\/wp\/v2\/posts\/30874420","targetHints":{"allow":["GET"]}}],"collection":[{"href":"https:\/\/www.upo.es\/diario\/wp-json\/wp\/v2\/posts"}],"about":[{"href":"https:\/\/www.upo.es\/diario\/wp-json\/wp\/v2\/types\/post"}],"author":[{"embeddable":true,"href":"https:\/\/www.upo.es\/diario\/wp-json\/wp\/v2\/users\/4"}],"replies":[{"embeddable":true,"href":"https:\/\/www.upo.es\/diario\/wp-json\/wp\/v2\/comments?post=30874420"}],"version-history":[{"count":1,"href":"https:\/\/www.upo.es\/diario\/wp-json\/wp\/v2\/posts\/30874420\/revisions"}],"predecessor-version":[{"id":30874422,"href":"https:\/\/www.upo.es\/diario\/wp-json\/wp\/v2\/posts\/30874420\/revisions\/30874422"}],"wp:featuredmedia":[{"embeddable":true,"href":"https:\/\/www.upo.es\/diario\/wp-json\/wp\/v2\/media\/30874421"}],"wp:attachment":[{"href":"https:\/\/www.upo.es\/diario\/wp-json\/wp\/v2\/media?parent=30874420"}],"wp:term":[{"taxonomy":"category","embeddable":true,"href":"https:\/\/www.upo.es\/diario\/wp-json\/wp\/v2\/categories?post=30874420"},{"taxonomy":"post_tag","embeddable":true,"href":"https:\/\/www.upo.es\/diario\/wp-json\/wp\/v2\/tags?post=30874420"}],"curies":[{"name":"wp","href":"https:\/\/api.w.org\/{rel}","templated":true}]}}