{"id":30874834,"date":"2022-09-08T13:09:56","date_gmt":"2022-09-08T11:09:56","guid":{"rendered":"https:\/\/www.upo.es\/diario\/?p=30874834"},"modified":"2022-09-12T12:07:17","modified_gmt":"2022-09-12T10:07:17","slug":"libro-espana-portugal-globalizacion-primera-circunnavegacion-v-centenario","status":"publish","type":"post","link":"https:\/\/www.upo.es\/diario\/docencia-formacion\/2022\/09\/libro-espana-portugal-globalizacion-primera-circunnavegacion-v-centenario\/","title":{"rendered":"El libro \u2018Espa\u00f1a y Portugal en la globalizaci\u00f3n\u2019 analiza la primera circunnavegaci\u00f3n y el papel actual de ambos pa\u00edses"},"content":{"rendered":"<p><a href=\"https:\/\/www.realinstitutoelcano.org\/monografias\/espana-y-portugal-en-la-globalizacion-500-anos-de-la-primera-circunnavegacion\/\"><img loading=\"lazy\" decoding=\"async\" class=\"alignright size-medium wp-image-30874837\" src=\"https:\/\/www.upo.es\/diario\/wp-content\/uploads\/2022\/09\/espana-y-portugal-en-la-globalizacion_portada-299x385.png\" alt=\"\u2018Espa\u00f1a y Portugal en la globalizaci\u00f3n. 500 a\u00f1os de la primera circunnavegaci\u00f3n\u2019 \" width=\"299\" height=\"385\" srcset=\"https:\/\/www.upo.es\/diario\/wp-content\/uploads\/2022\/09\/espana-y-portugal-en-la-globalizacion_portada-299x385.png 299w, https:\/\/www.upo.es\/diario\/wp-content\/uploads\/2022\/09\/espana-y-portugal-en-la-globalizacion_portada-583x750.png 583w, https:\/\/www.upo.es\/diario\/wp-content\/uploads\/2022\/09\/espana-y-portugal-en-la-globalizacion_portada-768x988.png 768w, https:\/\/www.upo.es\/diario\/wp-content\/uploads\/2022\/09\/espana-y-portugal-en-la-globalizacion_portada-1194x1536.png 1194w, https:\/\/www.upo.es\/diario\/wp-content\/uploads\/2022\/09\/espana-y-portugal-en-la-globalizacion_portada-1320x1698.png 1320w, https:\/\/www.upo.es\/diario\/wp-content\/uploads\/2022\/09\/espana-y-portugal-en-la-globalizacion_portada.png 1555w\" sizes=\"auto, (max-width: 299px) 100vw, 299px\" \/><\/a>En el marco de las celebraciones del V Centenario de la expedici\u00f3n de Fernando de Magallanes completada por Juan Sebasti\u00e1n Elcano, el <strong>Real Instituto Elcano<\/strong> (RIE) y el <strong>Centro de Estudios Internacionales del Instituto Universitario de Lisboa<\/strong> (CEI-Iscte) han editado un libro conjunto de especialistas de Espa\u00f1a y Portugal con el objetivo, no solo de analizar el proceso de globalizaci\u00f3n, sino tambi\u00e9n su evoluci\u00f3n a lo largo de este tiempo y el correspondiente papel de los pa\u00edses ib\u00e9ricos en la actualidad.<\/p>\n<p>Coordinado por Iliana Olivi\u00e9, Lu\u00eds Nuno Rodrigues, Manuel Gracia y Pedro Seabra, en la primera parte, de car\u00e1cter hist\u00f3rico, el libro describe los procesos de globalizaci\u00f3n a partir de la primera circunnavegaci\u00f3n hasta el siglo XIX. La segunda parte en cambio explora la inserci\u00f3n de Espa\u00f1a y Portugal en la globalizaci\u00f3n actual. El primer cap\u00edtulo <em>Un mundo ib\u00e9rico<\/em>, est\u00e1 firmado por John Elliott, fallecido el pasado mes de marzo y a quien est\u00e1 dedicado el libro.<\/p>\n<p><strong>\u2018Espa\u00f1a y Portugal en la globalizaci\u00f3n. 500 a\u00f1os de la primera circunnavegaci\u00f3n\u2019<\/strong> ser\u00e1 presentado en el <u>sal\u00f3n de actos del Archivo General de Indias (c\/ Santo Tom\u00e1s, 5 , Sevilla), el viernes 9 de septiembre, a las 12:30 horas<\/u>. Participan en el acto de presentaci\u00f3n: <strong>Jos\u00e9 Juan Ruiz<\/strong>, presidente del Real Instituto Elcano; <strong>Juan Marchena<\/strong>, catedr\u00e1tico de Historia de Am\u00e9rica de la Universidad Pablo de Olavide<strong>; Iliana Olivi\u00e9<\/strong>, investigadora del Real Instituto Elcano; y <strong>Pedro Seabra<\/strong>, investigador del Centro de Estudios Internacionales del Instituto Universitario de Lisboa (CEI-Iscte).<\/p>\n<p><strong>Referencia:<br \/>\n<\/strong>Olivi\u00e9, I., Rogrigues, L., Gracia, M., &amp; Seabra, P. (Coord.). (2022, mayo). <strong><em>Espa\u00f1a y Portugal en la globalizaci\u00f3n. 500 a\u00f1os de la primera circunnavegaci\u00f3n<\/em><\/strong>. Real Instituto Elcano, Centro de Estudios Internacionales del Instituto Universitario de Lisboa, Centro de Estudios Pol\u00edticos y Constitucionales, Agencia Estatal Bolet\u00edn Oficial del Estado.<\/p>\n<p><a href=\"https:\/\/www.realinstitutoelcano.org\/monografias\/espana-y-portugal-en-la-globalizacion-500-anos-de-la-primera-circunnavegacion\/\">www.realinstitutoelcano.org\/monografias\/espana-y-portugal-en-la-globalizacion-500-anos-de-la-primera-circunnavegacion<\/a><\/p>\n","protected":false},"excerpt":{"rendered":"<p>El Real Instituto Elcano y el Centro de Estudios Internacionales del Instituto Universitario de Lisboa presentan este viernes con la colaboraci\u00f3n de la Universidad Pablo de Olavide la obra colectiva \u2018Espa\u00f1a y Portugal en la globalizaci\u00f3n. 500 a\u00f1os de la primera circunnavegaci\u00f3n\u2019.<\/p>\n","protected":false},"author":6,"featured_media":30874836,"comment_status":"closed","ping_status":"open","sticky":false,"template":"","format":"standard","meta":{"_monsterinsights_skip_tracking":false,"_monsterinsights_sitenote_active":false,"_monsterinsights_sitenote_note":"","_monsterinsights_sitenote_category":0,"footnotes":""},"categories":[2779],"tags":[568,150,1203,1115,5835,3330,334,4435],"class_list":["post-30874834","post","type-post","status-publish","format-standard","has-post-thumbnail","hentry","category-docencia-formacion","tag-aniversario","tag-historia","tag-historia-de-amercia","tag-juan-marchena","tag-libros","tag-magallanes","tag-presentacion","tag-quinto-centenario-de-la-primera-vuelta-al-mundo"],"_links":{"self":[{"href":"https:\/\/www.upo.es\/diario\/wp-json\/wp\/v2\/posts\/30874834","targetHints":{"allow":["GET"]}}],"collection":[{"href":"https:\/\/www.upo.es\/diario\/wp-json\/wp\/v2\/posts"}],"about":[{"href":"https:\/\/www.upo.es\/diario\/wp-json\/wp\/v2\/types\/post"}],"author":[{"embeddable":true,"href":"https:\/\/www.upo.es\/diario\/wp-json\/wp\/v2\/users\/6"}],"replies":[{"embeddable":true,"href":"https:\/\/www.upo.es\/diario\/wp-json\/wp\/v2\/comments?post=30874834"}],"version-history":[{"count":2,"href":"https:\/\/www.upo.es\/diario\/wp-json\/wp\/v2\/posts\/30874834\/revisions"}],"predecessor-version":[{"id":30874838,"href":"https:\/\/www.upo.es\/diario\/wp-json\/wp\/v2\/posts\/30874834\/revisions\/30874838"}],"wp:featuredmedia":[{"embeddable":true,"href":"https:\/\/www.upo.es\/diario\/wp-json\/wp\/v2\/media\/30874836"}],"wp:attachment":[{"href":"https:\/\/www.upo.es\/diario\/wp-json\/wp\/v2\/media?parent=30874834"}],"wp:term":[{"taxonomy":"category","embeddable":true,"href":"https:\/\/www.upo.es\/diario\/wp-json\/wp\/v2\/categories?post=30874834"},{"taxonomy":"post_tag","embeddable":true,"href":"https:\/\/www.upo.es\/diario\/wp-json\/wp\/v2\/tags?post=30874834"}],"curies":[{"name":"wp","href":"https:\/\/api.w.org\/{rel}","templated":true}]}}