{"id":30874913,"date":"2022-09-13T13:06:13","date_gmt":"2022-09-13T11:06:13","guid":{"rendered":"https:\/\/www.upo.es\/diario\/?p=30874913"},"modified":"2022-09-19T13:03:08","modified_gmt":"2022-09-19T11:03:08","slug":"jornadas-de-bienvenida-de-la-universidad-pablo-de-olavide-a-sus-nuevos-estudiantes","status":"publish","type":"post","link":"https:\/\/www.upo.es\/diario\/comunidad\/2022\/09\/jornadas-de-bienvenida-de-la-universidad-pablo-de-olavide-a-sus-nuevos-estudiantes\/","title":{"rendered":"Jornadas de Bienvenida de la Universidad Pablo de Olavide a sus nuevos estudiantes"},"content":{"rendered":"<p><strong><a href=\"https:\/\/www.upo.es\/diario\/wp-content\/uploads\/2022\/09\/Jornadas-Bienvenida-UPO_Curso22-23-3-scaled.jpg\"><img loading=\"lazy\" decoding=\"async\" class=\"aligncenter wp-image-30874915 size-large\" src=\"https:\/\/www.upo.es\/diario\/wp-content\/uploads\/2022\/09\/Jornadas-Bienvenida-UPO_Curso22-23-3-750x500.jpg\" alt=\"Jornadas de Bienvenida\" width=\"750\" height=\"500\" srcset=\"https:\/\/www.upo.es\/diario\/wp-content\/uploads\/2022\/09\/Jornadas-Bienvenida-UPO_Curso22-23-3-750x500.jpg 750w, https:\/\/www.upo.es\/diario\/wp-content\/uploads\/2022\/09\/Jornadas-Bienvenida-UPO_Curso22-23-3-385x257.jpg 385w, https:\/\/www.upo.es\/diario\/wp-content\/uploads\/2022\/09\/Jornadas-Bienvenida-UPO_Curso22-23-3-768x512.jpg 768w, https:\/\/www.upo.es\/diario\/wp-content\/uploads\/2022\/09\/Jornadas-Bienvenida-UPO_Curso22-23-3-1536x1024.jpg 1536w, https:\/\/www.upo.es\/diario\/wp-content\/uploads\/2022\/09\/Jornadas-Bienvenida-UPO_Curso22-23-3-2048x1365.jpg 2048w\" sizes=\"auto, (max-width: 750px) 100vw, 750px\" \/><\/a>M\u00e1s de 2.600 estudiantes de nuevo ingreso participan desde hoy martes, y hasta el pr\u00f3ximo viernes d\u00eda 16, en las<\/strong> <strong>Jornadas de Bienvenida de la Universidad Pablo de Olavide<\/strong>. As\u00ed, el equipo decanal de cada facultad recibe durante esta semana a sus nuevos estudiantes, que inician sus grados universitarios durante el curso 2022\/2023, cuyas clases comenzar\u00e1n el pr\u00f3ximo lunes 19 de septiembre.<\/p>\n<p>Adem\u00e1s, un total de<strong> 524 estudiantes internacionales<\/strong>, la mayor\u00eda del programa Erasmus+, se incorporar\u00e1n tambi\u00e9n a la UPO a lo largo del curso 2022\/2023, a los que hay que sumar <strong>126 provenientes de universidades espa\u00f1olas gracias al programa SICUE<\/strong>. Y, por otra parte, <strong>228 estudiantes del <a href=\"https:\/\/www.upo.es\/intl\/\">Centro Universitario Internacional<\/a><\/strong> han elegido el campus de la Olavide para aprender o perfeccionar su conocimiento de la lengua y la cultura espa\u00f1ola, tanto en el Programa de Estudios Hisp\u00e1nicos como en el Programa de Integraci\u00f3n Universitaria.<\/p>\n<figure id=\"attachment_30874916\" aria-describedby=\"caption-attachment-30874916\" style=\"width: 385px\" class=\"wp-caption alignleft\"><a href=\"https:\/\/www.upo.es\/diario\/wp-content\/uploads\/2022\/09\/Jornadas-Bienvenida-UPO_Curso22-23-2-scaled.jpg\"><img loading=\"lazy\" decoding=\"async\" class=\"size-medium wp-image-30874916\" src=\"https:\/\/www.upo.es\/diario\/wp-content\/uploads\/2022\/09\/Jornadas-Bienvenida-UPO_Curso22-23-2-385x257.jpg\" alt=\"Bienvenida en el Paraninfo a los estudiantes del CUI\" width=\"385\" height=\"257\" srcset=\"https:\/\/www.upo.es\/diario\/wp-content\/uploads\/2022\/09\/Jornadas-Bienvenida-UPO_Curso22-23-2-385x257.jpg 385w, https:\/\/www.upo.es\/diario\/wp-content\/uploads\/2022\/09\/Jornadas-Bienvenida-UPO_Curso22-23-2-750x500.jpg 750w, https:\/\/www.upo.es\/diario\/wp-content\/uploads\/2022\/09\/Jornadas-Bienvenida-UPO_Curso22-23-2-768x512.jpg 768w, https:\/\/www.upo.es\/diario\/wp-content\/uploads\/2022\/09\/Jornadas-Bienvenida-UPO_Curso22-23-2-1536x1024.jpg 1536w, https:\/\/www.upo.es\/diario\/wp-content\/uploads\/2022\/09\/Jornadas-Bienvenida-UPO_Curso22-23-2-2048x1365.jpg 2048w\" sizes=\"auto, (max-width: 385px) 100vw, 385px\" \/><\/a><figcaption id=\"caption-attachment-30874916\" class=\"wp-caption-text\">Bienvenida en el Paraninfo a los estudiantes del Centro Universitario Internacional<\/figcaption><\/figure>\n<p>La <a href=\"https:\/\/www.upo.es\/upo_opencms\/export\/sites\/upo\/Galerias\/Descargas\/InfoEstudiantes\/Jorn-Bienvenida-2022-23_Programa.pdf\">programaci\u00f3n de las Jornadas<\/a> incluye visitas guiadas al campus UPO as\u00ed como charlas introductorias sobre algunos de los principales aspectos de la vida del alumnado: acceso a los programas de movilidad internacional, claves sobre la gesti\u00f3n universitaria y los servicios de los que dispone el estudiantado de la Universidad Pablo de Olavide. Como parte de la bienvenida que la Universidad da a sus nuevas alumnas y alumnos, junto a las presentaciones y la toma de contacto con las instalaciones del campus,<strong> las Jornadas incluyen torneos deportivos y un concierto<\/strong>, que tendr\u00e1 lugar ma\u00f1ana mi\u00e9rcoles d\u00eda 14 a las 19:00 horas en El Entramado \u2013espacio cultural del campus\u2013, con el objetivo de facilitar el inicio de la convivencia durante la vida universitaria.<\/p>\n<p><strong>Mari\u00e1n Mor\u00f3n<\/strong>, vicerrectora de Estudiantes de la Universidad Pablo de Olavide, ha se\u00f1alado sobre las Jornadas que \u201ceste a\u00f1o les damos adem\u00e1s la bienvenida a un curso en el que celebramos nuestro 25 aniversario, as\u00ed que deseamos que nuestros estudiantes se sumen a este especial <em>momento<\/em> de nuestra Universidad y participen en las actividades que estamos preparando con mucha ilusi\u00f3n\u201d.<\/p>\n<p><a href=\"https:\/\/www.upo.es\/diario\/wp-content\/uploads\/2022\/09\/Jornadas-Bienvenida-UPO_Curso22-23-4-scaled.jpg\"><img loading=\"lazy\" decoding=\"async\" class=\"aligncenter size-large wp-image-30874920\" src=\"https:\/\/www.upo.es\/diario\/wp-content\/uploads\/2022\/09\/Jornadas-Bienvenida-UPO_Curso22-23-4-750x422.jpg\" alt=\"Estudiantes de nuevo ingreso en su visita al campus UPO\" width=\"750\" height=\"422\" srcset=\"https:\/\/www.upo.es\/diario\/wp-content\/uploads\/2022\/09\/Jornadas-Bienvenida-UPO_Curso22-23-4-750x422.jpg 750w, https:\/\/www.upo.es\/diario\/wp-content\/uploads\/2022\/09\/Jornadas-Bienvenida-UPO_Curso22-23-4-385x217.jpg 385w, https:\/\/www.upo.es\/diario\/wp-content\/uploads\/2022\/09\/Jornadas-Bienvenida-UPO_Curso22-23-4-768x432.jpg 768w, https:\/\/www.upo.es\/diario\/wp-content\/uploads\/2022\/09\/Jornadas-Bienvenida-UPO_Curso22-23-4-1536x864.jpg 1536w, https:\/\/www.upo.es\/diario\/wp-content\/uploads\/2022\/09\/Jornadas-Bienvenida-UPO_Curso22-23-4-2048x1152.jpg 2048w\" sizes=\"auto, (max-width: 750px) 100vw, 750px\" \/><\/a><\/p>\n","protected":false},"excerpt":{"rendered":"<p>M\u00e1s de 2.600 estudiantes de nuevo ingreso participan desde hoy martes, y hasta el pr\u00f3ximo viernes d\u00eda 16, en las Jornadas de Bienvenida de la Universidad Pablo de Olavide. As\u00ed, el equipo decanal de cada facultad recibe durante esta semana a sus nuevos estudiantes, que inician sus grados universitarios durante el curso 2022\/2023, cuyas clases comenzar\u00e1n el pr\u00f3ximo lunes 19 de septiembre.<\/p>\n","protected":false},"author":6,"featured_media":30874915,"comment_status":"closed","ping_status":"open","sticky":false,"template":"","format":"standard","meta":{"_monsterinsights_skip_tracking":false,"_monsterinsights_sitenote_active":false,"_monsterinsights_sitenote_note":"","_monsterinsights_sitenote_category":0,"footnotes":""},"categories":[5842],"tags":[847,155,7878,846,21,3531,2580,6318],"class_list":["post-30874913","post","type-post","status-publish","format-standard","has-post-thumbnail","hentry","category-comunidad","tag-aric","tag-centro-universitario-internacional","tag-curso-2022-2023","tag-erasmus","tag-estudiantes","tag-estudiantes-internacionales","tag-jornadas-de-bienvenida","tag-programa-sicue"],"_links":{"self":[{"href":"https:\/\/www.upo.es\/diario\/wp-json\/wp\/v2\/posts\/30874913","targetHints":{"allow":["GET"]}}],"collection":[{"href":"https:\/\/www.upo.es\/diario\/wp-json\/wp\/v2\/posts"}],"about":[{"href":"https:\/\/www.upo.es\/diario\/wp-json\/wp\/v2\/types\/post"}],"author":[{"embeddable":true,"href":"https:\/\/www.upo.es\/diario\/wp-json\/wp\/v2\/users\/6"}],"replies":[{"embeddable":true,"href":"https:\/\/www.upo.es\/diario\/wp-json\/wp\/v2\/comments?post=30874913"}],"version-history":[{"count":7,"href":"https:\/\/www.upo.es\/diario\/wp-json\/wp\/v2\/posts\/30874913\/revisions"}],"predecessor-version":[{"id":30874923,"href":"https:\/\/www.upo.es\/diario\/wp-json\/wp\/v2\/posts\/30874913\/revisions\/30874923"}],"wp:featuredmedia":[{"embeddable":true,"href":"https:\/\/www.upo.es\/diario\/wp-json\/wp\/v2\/media\/30874915"}],"wp:attachment":[{"href":"https:\/\/www.upo.es\/diario\/wp-json\/wp\/v2\/media?parent=30874913"}],"wp:term":[{"taxonomy":"category","embeddable":true,"href":"https:\/\/www.upo.es\/diario\/wp-json\/wp\/v2\/categories?post=30874913"},{"taxonomy":"post_tag","embeddable":true,"href":"https:\/\/www.upo.es\/diario\/wp-json\/wp\/v2\/tags?post=30874913"}],"curies":[{"name":"wp","href":"https:\/\/api.w.org\/{rel}","templated":true}]}}