{"id":30874929,"date":"2022-09-14T18:28:01","date_gmt":"2022-09-14T16:28:01","guid":{"rendered":"https:\/\/www.upo.es\/diario\/?p=30874929"},"modified":"2022-09-19T13:17:10","modified_gmt":"2022-09-19T11:17:10","slug":"cambios-en-el-equipo-de-gobierno-de-la-upo-en-distintas-areas-estrategicas","status":"publish","type":"post","link":"https:\/\/www.upo.es\/diario\/institucional\/2022\/09\/cambios-en-el-equipo-de-gobierno-de-la-upo-en-distintas-areas-estrategicas\/","title":{"rendered":"Cambios en el equipo de Gobierno de la UPO en distintas \u00e1reas estrat\u00e9gicas"},"content":{"rendered":"<p><img loading=\"lazy\" decoding=\"async\" class=\"aligncenter size-large wp-image-30874928\" src=\"https:\/\/www.upo.es\/diario\/wp-content\/uploads\/2022\/09\/TP_20220914-750x422.jpg\" alt=\"toma de posesi\u00f3n de nuevos profesores que se incorporan al equipo de Gobierno de la UPO\" width=\"750\" height=\"422\" srcset=\"https:\/\/www.upo.es\/diario\/wp-content\/uploads\/2022\/09\/TP_20220914-750x422.jpg 750w, https:\/\/www.upo.es\/diario\/wp-content\/uploads\/2022\/09\/TP_20220914-385x217.jpg 385w, https:\/\/www.upo.es\/diario\/wp-content\/uploads\/2022\/09\/TP_20220914-768x432.jpg 768w, https:\/\/www.upo.es\/diario\/wp-content\/uploads\/2022\/09\/TP_20220914-1536x864.jpg 1536w, https:\/\/www.upo.es\/diario\/wp-content\/uploads\/2022\/09\/TP_20220914-2048x1152.jpg 2048w\" sizes=\"auto, (max-width: 750px) 100vw, 750px\" \/>El rector de la Universidad Pablo de Olavide, <strong>Francisco Oliva Bl\u00e1zquez<\/strong>, ha presidido esta ma\u00f1ana el acto de toma de posesi\u00f3n del profesorado que se incorpora al Equipo de Gobierno de la Universidad. Junto a los nuevos nombramientos, se van a producir tambi\u00e9n cambios en las competencias de algunos vicerrectorados.<\/p>\n<p>Como ha indicado el propio rector en un correo dirigido a toda la comunidad universitaria,<strong> la remodelaci\u00f3n del Equipo de Gobierno responde al nuevo impulso que desde el Rectorado se quiere dar a las pol\u00edticas universitarias en determinados \u00e1mbitos, tras la entrada en vigor del Decreto 822\/2021, de 28 de septiembre, y en funci\u00f3n de lo previsto en el Proyecto de Ley Org\u00e1nica del Sistema Universitario<\/strong>. En este contexto, el rector ha explicado que resulta imprescindible reforzar determinados \u00e1mbitos de gesti\u00f3n, como la calidad y la investigaci\u00f3n, que permitan situar a nuestra Universidad en los m\u00e1ximos niveles de excelencia.<\/p>\n<p>Asimismo, se han tenido en cuenta las pol\u00edticas universitarias que se empiezan a implementar desde la Junta de Andaluc\u00eda, en las que cobran especial relevancia materias como la empleabilidad del estudiantado universitario o la inclusi\u00f3n social.<\/p>\n<p>Dentro de este contexto de cambios, se ha procedido al nombramiento de una nueva vicerrectora de Profesorado y una nueva directora general de Profesorado, y algunos vicerrectores ver\u00e1n modificado el \u00e1mbito de sus propias competencias como consecuencia de las nuevas incorporaciones.<\/p>\n<p>As\u00ed, en el d\u00eda de hoy, ha tomado posesi\u00f3n <strong>Juan Rigoberto Tejedo Huam\u00e1n<\/strong>, actual director general de Grado, como vicerrector de Grado y Postgrado. El nuevo vicerrector asume las competencias de ordenaci\u00f3n docente, que deja el vicerrector primero <strong>Jos\u00e9 Antonio S\u00e1nchez Medina<\/strong> quien, como actual vicerrector de Estrategia y Planificaci\u00f3n Acad\u00e9mica asumir\u00e1 la competencia de impulsar la implementaci\u00f3n del Plan Estrat\u00e9gico, as\u00ed como proyectos transversales, manteniendo la planificaci\u00f3n de la docencia a nivel general de toda la Universidad. Tambi\u00e9n ha tomado posesi\u00f3n<strong> Mar\u00eda de la Menta Ballesteros Mart\u00edn<\/strong> como nueva vicerrectora de Profesorado.<\/p>\n<p>Asimismo, ha tomado posesi\u00f3n <strong>Jorge Augusto Luengo L\u00f3pez<\/strong>, hasta hoy director general de Calidad, que pasa a ser delegado del rector para la Calidad. Como consecuencia, el vicerrectorado de Transformaci\u00f3n Digital y Calidad pasa a denominarse vicerrectorado de Transformaci\u00f3n Digital, cuya persona titular es <strong>Ra\u00fal Gir\u00e1ldez Rojo.<\/strong><\/p>\n<p>Las actuales directoras acad\u00e9micas <strong>Mar\u00eda Amapola Povedano D\u00edaz<\/strong>, profesora titular del Departamento de Educaci\u00f3n y Psicolog\u00eda Social, y <strong>Mar\u00eda Jos\u00e9 Parejo Guzm\u00e1n<\/strong>, profesora titular del Departamento de Derecho P\u00fablico han tomado posesi\u00f3n respectivamente como directora general de Empleabilidad y Emprendimiento y como directora general de Inclusi\u00f3n y Pol\u00edticas Socioculturales de la Universidad Pablo de Olavide. Tambi\u00e9n ha tomado posesi\u00f3n, <strong>Manuel Jim\u00e9nez S\u00e1nchez<\/strong>, profesor titular del Departamento de Sociolog\u00eda, como director general de Investigaci\u00f3n de la Universidad; y <strong>Mar\u00eda Jos\u00e9 G\u00f3mez-Mill\u00e1n Herencia<\/strong>, profesora titular del Departamento de Derecho Privado, como directora general de Profesorado.<\/p>\n<p>El rector ha agradecido a todas las personas que han aceptado formar parte del Equipo de Gobierno y ha dedicado unas palabras de especial gratitud a <strong>Estefan\u00eda Rodr\u00edguez Santos<\/strong>, <strong>Jos\u00e9 Luis Barbero Navarro<\/strong> y <strong>Susana Pasamar Reyes<\/strong> por el trabajo de todos estos meses, su implicaci\u00f3n y su alto sentido de la responsabilidad y compromiso institucional.<\/p>\n<p><a title=\"Tomas de posesi\u00f3n - 14\/09\/2022\" href=\"https:\/\/www.flickr.com\/photos\/pablodeolavide\/albums\/72177720302090791\" data-flickr-embed=\"true\"><img loading=\"lazy\" decoding=\"async\" src=\"https:\/\/live.staticflickr.com\/65535\/52357585871_8f0a6dc493_z.jpg\" alt=\"Tomas de posesi\u00f3n - 14\/09\/2022\" width=\"640\" height=\"480\" \/><\/a><script async src=\"\/\/embedr.flickr.com\/assets\/client-code.js\" charset=\"utf-8\"><\/script><\/p>\n","protected":false},"excerpt":{"rendered":"<p>El rector de la Universidad Pablo de Olavide, Francisco Oliva Bl\u00e1zquez, ha presidido esta ma\u00f1ana el acto de toma de posesi\u00f3n del profesorado que se incorpora al Equipo de Gobierno de la Universidad. Junto a los nuevos nombramientos, se van a producir tambi\u00e9n cambios en las competencias de algunos vicerrectorados.<\/p>\n","protected":false},"author":6,"featured_media":30874928,"comment_status":"closed","ping_status":"open","sticky":false,"template":"","format":"standard","meta":{"_monsterinsights_skip_tracking":false,"_monsterinsights_sitenote_active":false,"_monsterinsights_sitenote_note":"","_monsterinsights_sitenote_category":0,"footnotes":""},"categories":[6],"tags":[4751,38,685,442],"class_list":["post-30874929","post","type-post","status-publish","format-standard","has-post-thumbnail","hentry","category-institucional","tag-equipo-de-gobierno","tag-rector","tag-toma-de-posesion","tag-vicerrectorado"],"_links":{"self":[{"href":"https:\/\/www.upo.es\/diario\/wp-json\/wp\/v2\/posts\/30874929","targetHints":{"allow":["GET"]}}],"collection":[{"href":"https:\/\/www.upo.es\/diario\/wp-json\/wp\/v2\/posts"}],"about":[{"href":"https:\/\/www.upo.es\/diario\/wp-json\/wp\/v2\/types\/post"}],"author":[{"embeddable":true,"href":"https:\/\/www.upo.es\/diario\/wp-json\/wp\/v2\/users\/6"}],"replies":[{"embeddable":true,"href":"https:\/\/www.upo.es\/diario\/wp-json\/wp\/v2\/comments?post=30874929"}],"version-history":[{"count":2,"href":"https:\/\/www.upo.es\/diario\/wp-json\/wp\/v2\/posts\/30874929\/revisions"}],"predecessor-version":[{"id":30874931,"href":"https:\/\/www.upo.es\/diario\/wp-json\/wp\/v2\/posts\/30874929\/revisions\/30874931"}],"wp:featuredmedia":[{"embeddable":true,"href":"https:\/\/www.upo.es\/diario\/wp-json\/wp\/v2\/media\/30874928"}],"wp:attachment":[{"href":"https:\/\/www.upo.es\/diario\/wp-json\/wp\/v2\/media?parent=30874929"}],"wp:term":[{"taxonomy":"category","embeddable":true,"href":"https:\/\/www.upo.es\/diario\/wp-json\/wp\/v2\/categories?post=30874929"},{"taxonomy":"post_tag","embeddable":true,"href":"https:\/\/www.upo.es\/diario\/wp-json\/wp\/v2\/tags?post=30874929"}],"curies":[{"name":"wp","href":"https:\/\/api.w.org\/{rel}","templated":true}]}}