{"id":30875130,"date":"2022-09-19T10:11:45","date_gmt":"2022-09-19T08:11:45","guid":{"rendered":"https:\/\/www.upo.es\/diario\/?p=30875130"},"modified":"2022-09-28T15:28:47","modified_gmt":"2022-09-28T13:28:47","slug":"el-callejero-espanol-radiografiado-solo-un-127-de-las-calles-tiene-nombre-de-mujer","status":"publish","type":"post","link":"https:\/\/www.upo.es\/diario\/ciencia\/2022\/09\/el-callejero-espanol-radiografiado-solo-un-127-de-las-calles-tiene-nombre-de-mujer\/","title":{"rendered":"El callejero espa\u00f1ol radiografiado: solo un 12,7% de las calles tiene nombre de mujer"},"content":{"rendered":"<figure id=\"attachment_30875132\" aria-describedby=\"caption-attachment-30875132\" style=\"width: 385px\" class=\"wp-caption alignright\"><a href=\"https:\/\/www.upo.es\/diario\/wp-content\/uploads\/2022\/09\/inves_callejero_mapa.png\"><img loading=\"lazy\" decoding=\"async\" class=\"wp-image-30875132 size-medium\" src=\"https:\/\/www.upo.es\/diario\/wp-content\/uploads\/2022\/09\/inves_callejero_mapa-385x232.png\" alt=\"\" width=\"385\" height=\"232\" srcset=\"https:\/\/www.upo.es\/diario\/wp-content\/uploads\/2022\/09\/inves_callejero_mapa-385x232.png 385w, https:\/\/www.upo.es\/diario\/wp-content\/uploads\/2022\/09\/inves_callejero_mapa-750x452.png 750w, https:\/\/www.upo.es\/diario\/wp-content\/uploads\/2022\/09\/inves_callejero_mapa-768x463.png 768w, https:\/\/www.upo.es\/diario\/wp-content\/uploads\/2022\/09\/inves_callejero_mapa-1000x600.png 1000w, https:\/\/www.upo.es\/diario\/wp-content\/uploads\/2022\/09\/inves_callejero_mapa-1320x796.png 1320w, https:\/\/www.upo.es\/diario\/wp-content\/uploads\/2022\/09\/inves_callejero_mapa.png 1339w\" sizes=\"auto, (max-width: 385px) 100vw, 385px\" \/><\/a><figcaption id=\"caption-attachment-30875132\" class=\"wp-caption-text\">Mapa interactivo de la web https:\/\/stnameslab.com\/ciudades-con-genero\/<\/figcaption><\/figure>\n<p>Los investigadores <strong>Dolores Guti\u00e9rrez Mora<\/strong> y <strong>Daniel Oto Peral\u00edas<\/strong>, de la Universidad Pablo de Olavide, han realizado un estudio donde analizan el sesgo de g\u00e9nero del callejero espa\u00f1ol durante los \u00faltimos 20 a\u00f1os. El art\u00edculo, publicado en la revista <a href=\"https:\/\/journals.sagepub.com\/doi\/10.1177\/23998083211068844\"><em>Environment and Planning B: Urban Analytics and City Science<\/em><\/a>, revela que solo el 12,7% de las calles referidas a personas tiene nombre de mujer.<\/p>\n<p>Los resultados del trabajo indican un lento avance hacia la igualdad desde 2001, con un aumento en el porcentaje de calles de mujeres de solo 3 puntos porcentuales. Considerando \u00fanicamente las calles nuevas y renombradas, este porcentaje es significativamente mayor, oscilando entre 14,3% en 2015 y 35,1% en 2022. Sin embargo, se mantiene una tendencia a nombrar calles que sigue favoreciendo a los hombres frente a las mujeres, en una proporci\u00f3n de 2 a 1.<\/p>\n<figure id=\"attachment_30875131\" aria-describedby=\"caption-attachment-30875131\" style=\"width: 316px\" class=\"wp-caption aligncenter\"><a href=\"https:\/\/www.upo.es\/diario\/wp-content\/uploads\/2022\/09\/inves_callejero_grafico.png\"><img loading=\"lazy\" decoding=\"async\" class=\"wp-image-30875131 \" src=\"https:\/\/www.upo.es\/diario\/wp-content\/uploads\/2022\/09\/inves_callejero_grafico-385x317.png\" alt=\"\" width=\"316\" height=\"260\" srcset=\"https:\/\/www.upo.es\/diario\/wp-content\/uploads\/2022\/09\/inves_callejero_grafico-385x317.png 385w, https:\/\/www.upo.es\/diario\/wp-content\/uploads\/2022\/09\/inves_callejero_grafico-750x618.png 750w, https:\/\/www.upo.es\/diario\/wp-content\/uploads\/2022\/09\/inves_callejero_grafico-768x633.png 768w, https:\/\/www.upo.es\/diario\/wp-content\/uploads\/2022\/09\/inves_callejero_grafico-1536x1265.png 1536w, https:\/\/www.upo.es\/diario\/wp-content\/uploads\/2022\/09\/inves_callejero_grafico-1320x1087.png 1320w, https:\/\/www.upo.es\/diario\/wp-content\/uploads\/2022\/09\/inves_callejero_grafico.png 1549w\" sizes=\"auto, (max-width: 316px) 100vw, 316px\" \/><\/a><figcaption id=\"caption-attachment-30875131\" class=\"wp-caption-text\">Evoluci\u00f3n del porcentaje de calles de mujeres sobre el total de calles referidas a personas en Espa\u00f1a (periodo 2001-2022)<\/figcaption><\/figure>\n<p>Las calles de mujeres tienen una posici\u00f3n m\u00e1s perif\u00e9rica dentro de la trama urbana de nuestras ciudades, siendo relativamente menos frecuentes en los centros urbanos. El porcentaje de calles con nombre de mujer pasa del 9,4% en el centro al 14,6% en las zonas perif\u00e9ricas de los municipios. Su menor presencia en los centros urbanos significa que su alcance para el conjunto de la poblaci\u00f3n es menor.<\/p>\n<p>El estudio tambi\u00e9n muestra que existe una clara relaci\u00f3n entre los callejeros m\u00e1s feminizados y determinados indicadores socioecon\u00f3micos. Las ciudades con mayor n\u00famero de habitantes, poblaciones m\u00e1s j\u00f3venes, mayor nivel educativo y un sector servicios m\u00e1s importante cuentan con m\u00e1s mujeres en su callejero. Tambi\u00e9n se observa que existe correlaci\u00f3n entre la proporci\u00f3n de calles de mujeres y determinadas variables relacionadas con la igualdad de g\u00e9nero, como son una menor brecha de g\u00e9nero en actividad laboral, educaci\u00f3n y trabajo dom\u00e9stico.<\/p>\n<p>La p\u00e1gina web <a href=\"https:\/\/stnameslab.com\/ciudades-con-genero\/\"><strong>Ciudades con G\u00e9nero<\/strong><\/a>, desarrollada junto al investigador Demetrio Carmona-Derqui, ofrece un <a href=\"https:\/\/stnameslab.com\/tour\">tour din\u00e1mico<\/a> donde se explica de manera no t\u00e9cnica el estudio, as\u00ed como un <a href=\"https:\/\/stnameslab.com\/ciudades-con-genero\/#evo\">gr\u00e1fico interactivo<\/a> para consultar la evoluci\u00f3n de la proporci\u00f3n de calles de mujeres en cada municipio desde 2001 a 2022. Adem\u00e1s, contiene un <a href=\"https:\/\/stnameslab.com\/ciudades-con-genero\/#mapanc\">mapa<\/a> donde visualizar el sesgo de g\u00e9nero en la toponimia urbana (desde el nivel provincial hasta el detalle del callejero de cada municipio). Los investigadores esperan que dicha web sea una herramienta \u00fatil al servicio de entes p\u00fablicos y privados y de la ciudadan\u00eda para hacer un seguimiento a esta dimensi\u00f3n simb\u00f3lica de la igualdad de g\u00e9nero.<\/p>\n<p><strong>M\u00e1s informaci\u00f3n:<\/strong><\/p>\n<p>P\u00e1gina web: <a href=\"https:\/\/stnameslab.com\/ciudades-con-genero\/\">https:\/\/stnameslab.com\/ciudades-con-genero\/<\/a><\/p>\n<p>Publicaci\u00f3n: <a href=\"https:\/\/journals.sagepub.com\/doi\/10.1177\/23998083211068844\">https:\/\/journals.sagepub.com\/doi\/10.1177\/23998083211068844<\/a><\/p>\n<p>Versi\u00f3n final pre-print (open access): <a href=\"https:\/\/osf.io\/b9n4k\/\">https:\/\/osf.io\/b9n4k\/<\/a><\/p>\n<p>Noche Europea de los Investigadores (presentaci\u00f3n 30\/09\/22):<\/p>\n<p><a href=\"https:\/\/lanochedelosinvestigadores.fundaciondescubre.es\/actividades\/ciudades-con-genero-estudio-de-la-desigualdad-de-genero-en-los-nombres-de-calles\/\">https:\/\/lanochedelosinvestigadores.fundaciondescubre.es\/actividades\/ciudades-con-genero-estudio-de-la-desigualdad-de-genero-en-los-nombres-de-calles\/<\/a><\/p>\n<p>&nbsp;<\/p>\n","protected":false},"excerpt":{"rendered":"<p>Los investigadores Dolores Guti\u00e9rrez Mora y Daniel Oto Peral\u00edas, de la Universidad Pablo de Olavide, han realizado un estudio donde analizan el sesgo de g\u00e9nero del callejero espa\u00f1ol durante los \u00faltimos 20 a\u00f1os. El art\u00edculo, publicado en la revista Environment and Planning B: Urban Analytics and City Science, revela que solo el 12,7% de las calles referidas a personas tienen nombre de mujer.<\/p>\n","protected":false},"author":15,"featured_media":30875132,"comment_status":"closed","ping_status":"open","sticky":false,"template":"","format":"standard","meta":{"_monsterinsights_skip_tracking":false,"_monsterinsights_sitenote_active":false,"_monsterinsights_sitenote_note":"","_monsterinsights_sitenote_category":0,"footnotes":""},"categories":[3],"tags":[8019,8023,8024,1187,336,517,8022,233,8020,8021,802],"class_list":["post-30875130","post","type-post","status-publish","format-standard","has-post-thumbnail","hentry","category-ciencia","tag-callejero","tag-daniel-oto","tag-dolores-gutierrez","tag-espanol","tag-genero","tag-igualdad","tag-mapa-interactivo","tag-mujer","tag-nombre","tag-sesgo","tag-web"],"_links":{"self":[{"href":"https:\/\/www.upo.es\/diario\/wp-json\/wp\/v2\/posts\/30875130","targetHints":{"allow":["GET"]}}],"collection":[{"href":"https:\/\/www.upo.es\/diario\/wp-json\/wp\/v2\/posts"}],"about":[{"href":"https:\/\/www.upo.es\/diario\/wp-json\/wp\/v2\/types\/post"}],"author":[{"embeddable":true,"href":"https:\/\/www.upo.es\/diario\/wp-json\/wp\/v2\/users\/15"}],"replies":[{"embeddable":true,"href":"https:\/\/www.upo.es\/diario\/wp-json\/wp\/v2\/comments?post=30875130"}],"version-history":[{"count":4,"href":"https:\/\/www.upo.es\/diario\/wp-json\/wp\/v2\/posts\/30875130\/revisions"}],"predecessor-version":[{"id":30875136,"href":"https:\/\/www.upo.es\/diario\/wp-json\/wp\/v2\/posts\/30875130\/revisions\/30875136"}],"wp:featuredmedia":[{"embeddable":true,"href":"https:\/\/www.upo.es\/diario\/wp-json\/wp\/v2\/media\/30875132"}],"wp:attachment":[{"href":"https:\/\/www.upo.es\/diario\/wp-json\/wp\/v2\/media?parent=30875130"}],"wp:term":[{"taxonomy":"category","embeddable":true,"href":"https:\/\/www.upo.es\/diario\/wp-json\/wp\/v2\/categories?post=30875130"},{"taxonomy":"post_tag","embeddable":true,"href":"https:\/\/www.upo.es\/diario\/wp-json\/wp\/v2\/tags?post=30875130"}],"curies":[{"name":"wp","href":"https:\/\/api.w.org\/{rel}","templated":true}]}}