{"id":30875147,"date":"2022-09-19T07:17:59","date_gmt":"2022-09-19T05:17:59","guid":{"rendered":"https:\/\/www.upo.es\/diario\/?p=30875147"},"modified":"2022-09-19T15:20:18","modified_gmt":"2022-09-19T13:20:18","slug":"abierto-el-plazo-para-participar-en-el-programa-artes-y-formacion-de-la-upo-del-curso-2022-23","status":"publish","type":"post","link":"https:\/\/www.upo.es\/diario\/cultura\/2022\/09\/abierto-el-plazo-para-participar-en-el-programa-artes-y-formacion-de-la-upo-del-curso-2022-23\/","title":{"rendered":"Abierto el plazo para participar en el programa \u2018Artes y Formaci\u00f3n\u2019 de la UPO del curso 2022\/23"},"content":{"rendered":"<p><a href=\"https:\/\/www.upo.es\/diario\/wp-content\/uploads\/2022\/09\/ArtesyFormacion_2022-23.jpg\"><img loading=\"lazy\" decoding=\"async\" class=\"aligncenter size-large wp-image-30875149\" src=\"https:\/\/www.upo.es\/diario\/wp-content\/uploads\/2022\/09\/ArtesyFormacion_2022-23-750x422.jpg\" alt=\"\" width=\"750\" height=\"422\" srcset=\"https:\/\/www.upo.es\/diario\/wp-content\/uploads\/2022\/09\/ArtesyFormacion_2022-23-750x422.jpg 750w, https:\/\/www.upo.es\/diario\/wp-content\/uploads\/2022\/09\/ArtesyFormacion_2022-23-385x217.jpg 385w, https:\/\/www.upo.es\/diario\/wp-content\/uploads\/2022\/09\/ArtesyFormacion_2022-23-768x432.jpg 768w, https:\/\/www.upo.es\/diario\/wp-content\/uploads\/2022\/09\/ArtesyFormacion_2022-23.jpg 960w\" sizes=\"auto, (max-width: 750px) 100vw, 750px\" \/><\/a>Coordinado por el Servicio de Extensi\u00f3n Cultural de la Universidad Pablo de Olavide, <strong>el programa \u2018Artes y Formaci\u00f3n\u2019 oferta clases te\u00f3ricas y pr\u00e1cticas en artes esc\u00e9nicas, m\u00fasica coral y cante, baile y guitarra flamenca<\/strong>. Las clases se imparten <strong>en horario de tarde en \u2018El Entramado\u2019<\/strong>, espacio cultural de la UPO, y la <a href=\"https:\/\/www.upo.es\/upsc\/extension_cultural\/artes-y-formacion\/\">inscripci\u00f3n<\/a> en el programa estar\u00e1 abierta hasta el 2 de octubre.<\/p>\n<p>Dirigido principalmente a la comunidad universitaria de la Olavide, para participar en \u2018Artes y Formaci\u00f3n\u2019 no se requiere experiencia previa. <strong>La asistencia es gratuita para el estudiantado de la UPO, que podr\u00e1 solicitar la convalidaci\u00f3n de 1,5 cr\u00e9ditos ECTS al final del curso<\/strong>. Las plazas son limitadas y, durante el curso 2022\/2023, el programa Artes y Formaci\u00f3n cuenta con los siguientes formadores:<\/p>\n<h3><strong><em>LA ESCALERA TEATRO<\/em><\/strong><strong>: Piermario Salerno<\/strong><\/h3>\n<p>El <strong>Aula de Artes Esc\u00e9nicas de la Universidad Pablo de Olavide<\/strong> est\u00e1 dirigida por Piermario Salerno. Adem\u00e1s de la formaci\u00f3n pr\u00e1ctica, en su programa se abordan tambi\u00e9n conceptos de teor\u00eda e historia del teatro. La Escalera Teatro <strong>forma parte del <a href=\"https:\/\/www.teatrouniversitarioatalaya.es\/\">circuito de teatro universitario andaluz<\/a> <\/strong>y durante cada curso acad\u00e9mico produce una obra que se estrena y representa con la participaci\u00f3n colectiva de todo el alumnado. <strong>Lunes, martes y mi\u00e9rcoles de 14:00 a 16:00 horas. 35 plazas. <\/strong><\/p>\n<h3><strong>Coro de la UPO: Jorge Rodr\u00edguez y Miguel \u00c1ngel Rodr\u00edguez<\/strong><\/h3>\n<p>Formaci\u00f3n en m\u00fasica coral centrada en el desarrollo de solfeo entonado, t\u00e9cnica vocal, dicci\u00f3n, interpretaci\u00f3n y fraseo. El Coro de la Universidad Pablo de Olavide es formar a sus miembros en el conocimiento del rico patrimonio musical espa\u00f1ol y, concretamente, andaluz desde el S XVI hasta la actualidad. <strong>Jueves alternos de 17:00 a 19:00 horas. 25 plazas.<\/strong><\/p>\n<h3><strong>Flamenco: cante, baile y guitarra<\/strong><\/h3>\n<p><strong>Carmen Blanco, \u2018La Manme\u2019,<\/strong> impartir\u00e1 las clases de baile; <strong>Maite Olivares<\/strong> las de cante y <strong>Kaveh Nassehi <\/strong>las de guitarra. El programa de baile, con sesiones adaptadas al nivel del alumnado, sigue una metodolog\u00eda basada en la pr\u00e1ctica individual y el trabajo grupal, centrando el aprendizaje en Buler\u00edas, Alegr\u00edas y Sevillanas. Las clases de cante comprenden t\u00e9cnica vocal y el estudio de los distintos estilos, adem\u00e1s de un acercamiento al flamenco desde el punto de vista antropol\u00f3gico e hist\u00f3rico. El curso de guitarra, de car\u00e1cter pr\u00e1ctico, contempla los niveles b\u00e1sico e intermedio, sin requerir conocimientos musicales previos.<\/p>\n<p>El programa \u2018Artes y Formaci\u00f3n\u2019 trata de completar la ense\u00f1anza acad\u00e9mica universitaria impulsando la creatividad, y una formaci\u00f3n art\u00edstica especializada, en los \u00e1mbitos de la m\u00fasica, las artes esc\u00e9nicas y el flamenco.<\/p>\n<p><strong>M\u00e1s informaci\u00f3n e inscripciones:<br \/>\n<\/strong><a href=\"http:\/\/www.upo.es\/upsc\/extension_cultural\/artes-y-formacion\/\">www.upo.es\/upsc\/extension_cultural\/artes-y-formacion\/<\/a><\/p>\n","protected":false},"excerpt":{"rendered":"<p>Coordinado por el Servicio de Extensi\u00f3n Cultural de la Universidad Pablo de Olavide, el programa \u2018Artes y Formaci\u00f3n\u2019 oferta clases te\u00f3ricas y pr\u00e1cticas en artes esc\u00e9nicas, m\u00fasica coral y cante, baile y guitarra flamenca. Las clases se imparten en horario de tarde en \u2018El Entramado\u2019, espacio cultural de la UPO, y la inscripci\u00f3n en el programa estar\u00e1 abierta hasta el 2 de octubre. <\/p>\n","protected":false},"author":6,"featured_media":30875149,"comment_status":"closed","ping_status":"open","sticky":false,"template":"","format":"standard","meta":{"_monsterinsights_skip_tracking":false,"_monsterinsights_sitenote_active":false,"_monsterinsights_sitenote_note":"","_monsterinsights_sitenote_category":0,"footnotes":""},"categories":[5842,7],"tags":[1386,93,73,4119,3746,95,7194],"class_list":["post-30875147","post","type-post","status-publish","format-standard","has-post-thumbnail","hentry","category-comunidad","category-cultura","tag-aula-de-teatro","tag-flamenco","tag-la-escalera-teatro","tag-programa-artes-y-formacion","tag-servicio-de-extension-cultural","tag-teatro","tag-vicerrectorado-de-cultura-y-politicas-sociales"],"_links":{"self":[{"href":"https:\/\/www.upo.es\/diario\/wp-json\/wp\/v2\/posts\/30875147","targetHints":{"allow":["GET"]}}],"collection":[{"href":"https:\/\/www.upo.es\/diario\/wp-json\/wp\/v2\/posts"}],"about":[{"href":"https:\/\/www.upo.es\/diario\/wp-json\/wp\/v2\/types\/post"}],"author":[{"embeddable":true,"href":"https:\/\/www.upo.es\/diario\/wp-json\/wp\/v2\/users\/6"}],"replies":[{"embeddable":true,"href":"https:\/\/www.upo.es\/diario\/wp-json\/wp\/v2\/comments?post=30875147"}],"version-history":[{"count":4,"href":"https:\/\/www.upo.es\/diario\/wp-json\/wp\/v2\/posts\/30875147\/revisions"}],"predecessor-version":[{"id":30875152,"href":"https:\/\/www.upo.es\/diario\/wp-json\/wp\/v2\/posts\/30875147\/revisions\/30875152"}],"wp:featuredmedia":[{"embeddable":true,"href":"https:\/\/www.upo.es\/diario\/wp-json\/wp\/v2\/media\/30875149"}],"wp:attachment":[{"href":"https:\/\/www.upo.es\/diario\/wp-json\/wp\/v2\/media?parent=30875147"}],"wp:term":[{"taxonomy":"category","embeddable":true,"href":"https:\/\/www.upo.es\/diario\/wp-json\/wp\/v2\/categories?post=30875147"},{"taxonomy":"post_tag","embeddable":true,"href":"https:\/\/www.upo.es\/diario\/wp-json\/wp\/v2\/tags?post=30875147"}],"curies":[{"name":"wp","href":"https:\/\/api.w.org\/{rel}","templated":true}]}}