{"id":30875212,"date":"2022-09-19T16:15:11","date_gmt":"2022-09-19T14:15:11","guid":{"rendered":"https:\/\/www.upo.es\/diario\/?p=30875212"},"modified":"2022-09-20T13:28:29","modified_gmt":"2022-09-20T11:28:29","slug":"casi-3-000-cientificos-acercaran-la-ciencia-a-la-ciudadania-en-la-noche-europea-de-los-investigadores","status":"publish","type":"post","link":"https:\/\/www.upo.es\/diario\/docencia-formacion\/2022\/09\/casi-3-000-cientificos-acercaran-la-ciencia-a-la-ciudadania-en-la-noche-europea-de-los-investigadores\/","title":{"rendered":"Casi 3.000 cient\u00edficos acercar\u00e1n la ciencia a la ciudadan\u00eda en La Noche Europea de Los Investigadores"},"content":{"rendered":"<figure id=\"attachment_23962715\" aria-describedby=\"caption-attachment-23962715\" style=\"width: 320px\" class=\"wp-caption alignright\"><a href=\"https:\/\/www.upo.es\/diario\/wp-content\/uploads\/2017\/09\/IMG_1655.jpg\"><img loading=\"lazy\" decoding=\"async\" class=\"size-medium wp-image-23962715\" src=\"https:\/\/www.upo.es\/diario\/wp-content\/uploads\/2017\/09\/IMG_1655-320x213.jpg\" alt=\"\" width=\"320\" height=\"213\" srcset=\"https:\/\/www.upo.es\/diario\/wp-content\/uploads\/2017\/09\/IMG_1655-320x213.jpg 320w, https:\/\/www.upo.es\/diario\/wp-content\/uploads\/2017\/09\/IMG_1655-600x400.jpg 600w\" sizes=\"auto, (max-width: 320px) 100vw, 320px\" \/><\/a><figcaption id=\"caption-attachment-23962715\" class=\"wp-caption-text\">Actividad de la edici\u00f3n de La Noche de 2017<\/figcaption><\/figure>\n<p class=\"western\">Casi 3.000 investigadores dar\u00e1n a conocer su trabajo el pr\u00f3ximo 30 de septiembre a trav\u00e9s de m\u00e1s de 800 actividades programadas en las calles de las ocho provincias de Andaluc\u00eda con motivo de <a href=\"https:\/\/lanochedelosinvestigadores.fundaciondescubre.es\/\">La Noche Europea de los Investigadores<\/a>. <strong>Este evento, de alcance europeo, est\u00e1 dedicado a la divulgaci\u00f3n cient\u00edfica y pretende acercar a la sociedad, de una forma amena, los beneficios que aporta el avance de la ciencia, as\u00ed como su repercusi\u00f3n en la vida cotidiana<\/strong>. De igual modo, se presenta como una herramienta fundamental para despertar vocaciones cient\u00edficas en los j\u00f3venes y potenciar la carrera investigadora como salida profesional. La previsi\u00f3n es que este a\u00f1o puedan participar unas 84.000 personas en los actos programados, convirti\u00e9ndose as\u00ed en la cita simult\u00e1nea m\u00e1s importante en el \u00e1mbito cient\u00edfico andaluz de los \u00faltimos a\u00f1os y una de las mayores de Espa\u00f1a.<\/p>\n<p class=\"western\">El consejero de Universidad, Investigaci\u00f3n e Innovaci\u00f3n, <strong>Jos\u00e9 Carlos G\u00f3mez Villamandos<\/strong>, ha animado a la ciudadan\u00eda a participar en este evento, al tiempo que ha puesto de manifiesto la importancia de apoyar desde la Administraci\u00f3n este tipo de iniciativas que \u201csirven para exponer la ciencia de calidad que se hace en universidades y centros de investigaci\u00f3n de la comunidad\u201d. Asimismo, ha subrayado el compromiso adquirido por el Ejecutivo auton\u00f3mico de \u201ccontinuar fortaleciendo el sistema andaluz del conocimiento, teniendo en cuenta su valiosa contribuci\u00f3n al progreso de Andaluc\u00eda\u201d.<\/p>\n<p class=\"western\">La Noche Europea de los Investigadores est\u00e1 <strong>financiada en Andaluc\u00eda por la Consejer\u00eda de Universidad, Investigaci\u00f3n e Innovaci\u00f3n y por la Comisi\u00f3n Europea<\/strong>. Adem\u00e1s, su coordinaci\u00f3n depende de la Fundaci\u00f3n Descubre, en la que tambi\u00e9n participa la propia Consejer\u00eda.<\/p>\n<p class=\"western\">En la programaci\u00f3n de este a\u00f1o, al igual que en otras ediciones pasadas, <strong>se combinan acciones l\u00fadicas y did\u00e1cticas<\/strong>, tanto presenciales como virtuales. En la modalidad presencial, entre las actividades previstas, destacan rutas cient\u00edficas, experimentos, talleres, demostraciones, experiencias, representaciones teatrales o mon\u00f3logos. Algunos de los enclaves m\u00e1s emblem\u00e1ticos de la comunidad servir\u00e1n de escenario para todas estas iniciativas. Es el caso de la Rambla Federico Garc\u00eda Lorca (Almer\u00eda), la Plaza de San Antonio de C\u00e1diz, los Jardines del Rectorado de la Universidad de C\u00f3rdoba o los Patios de C\u00f3rdoba, el Paseo del Sal\u00f3n en Granada, la Avenida de Andaluc\u00eda en Huelva, el Museo de Ja\u00e9n, Paseo del Parque en M\u00e1laga o la Plaza Nueva en Sevilla. Con car\u00e1cter general, los actos comenzar\u00e1n a primera hora de la tarde y se prolongar\u00e1n hasta casi la medianoche.<\/p>\n<p class=\"western\">La ciudadan\u00eda tambi\u00e9n tendr\u00e1 la oportunidad de apuntarse a m\u00e1s de un centenar de actividades con versi\u00f3n virtual, que estar\u00e1n disponibles del 30 de septiembre al 2 de octubre.<\/p>\n<h3 class=\"western\"><strong>Cambio clim\u00e1tico, agua o ciudades inteligentes<\/strong><\/h3>\n<p class=\"western\">En esta edici\u00f3n, buena parte de las actividades se centrar\u00e1n en las cinco Misiones de Horizonte Europa que marca la Comisi\u00f3n Europea: c\u00e1ncer, adaptaci\u00f3n al cambio clim\u00e1tico incluyendo la transformaci\u00f3n social, agua y oc\u00e9anos, ciudades inteligentes y clim\u00e1ticamente neutras, as\u00ed como salud del suelo y alimentos.<\/p>\n<p class=\"western\">En esta edici\u00f3n, adem\u00e1s, se han dise\u00f1ado acciones con los centros educativos, con el nombre de \u2018La Noche en las aulas\u2019, que se extender\u00e1n durante todo el curso escolar. A ello se suma, como en a\u00f1os anteriores, el desarrollo de acciones concretas en colaboraci\u00f3n con otras Noches Europeas de Suecia, Malta, Reino Unido, Italia, Irlanda y Croacia, destacando, entre otras, \u2018Meet the Researcher o Wiki Editathon\u2019.<\/p>\n<h3 class=\"western\"><strong>Apoyo de 13 instituciones cient\u00edficas<\/strong><\/h3>\n<p class=\"western\">La programaci\u00f3n ha sido dise\u00f1ada conjuntamente por parte de 13 instituciones cient\u00edficas con sede en Andaluc\u00eda, coordinadas por la Fundaci\u00f3n Descubre. Se trata de las nueve universidades p\u00fablicas andaluzas (Almer\u00eda, C\u00e1diz, C\u00f3rdoba, Granada, Huelva, Ja\u00e9n, M\u00e1laga, Pablo Olavide y Sevilla); la Fundaci\u00f3n P\u00fablica Progreso y Salud \u2013a trav\u00e9s del Biobanco y Genyo-; el IMGEMA-Real Jard\u00edn Bot\u00e1nico de C\u00f3rdoba y el Consejo Superior de Investigaciones Cient\u00edficas (CISC) a trav\u00e9s de la Casa de la Ciencia de Sevilla. Tambi\u00e9n el Instituto de Astrof\u00edsica de Andaluc\u00eda, la Estaci\u00f3n Experimental Zaid\u00edn, el Instituto de Estudios Sociales Avanzados, la Escuela de Estudios \u00c1rabes, el Instituto de Parasitolog\u00eda y Biomedicia \u2018L\u00f3pez-Neyra\u2019, la Estaci\u00f3n Experimental de Zonas \u00c1ridas y el Instituto de Agricultura Sostenible.<\/p>\n<p class=\"western\">Paralelamente, Radio Televisi\u00f3n de Andaluc\u00eda, la Agencia Andaluza del Conocimiento y el Instituto Andaluz de Investigaci\u00f3n y Formaci\u00f3n Agraria, Pesquera, Alimentaria y de la Producci\u00f3n Ecol\u00f3gica (IFAPA) son socios estrat\u00e9gicos del proyecto y colaboran estrechamente en su desarrollo.<\/p>\n<p class=\"western\">La Noche Europea de los investigadores es un proyecto europeo de divulgaci\u00f3n cient\u00edfica promovido por la Comisi\u00f3n Europea dentro de las acciones Marie Sklodowska-Curie del programa Horizonte Europa, que tiene lugar simult\u00e1neamente en casi 400 ciudades europeas desde 2005. Con este tipo de iniciativas se busca conectar la ciencia y las personas que investigan con el p\u00fablico en general y divulgar los estudios cient\u00edficos entre los j\u00f3venes bajo el lema \u2018Mujeres y hombres que hacen ciencia para ti\u2019.<\/p>\n<p><strong>M\u00e1s informaci\u00f3n:<\/strong><\/p>\n<p><a href=\"https:\/\/lanochedelosinvestigadores.fundaciondescubre.es\/\">lanochedelosinvestigadores.fundaciondescubre.es<\/a><\/p>\n<p><a href=\"https:\/\/investigacion.us.es\/docs\/web\/files\/programaern2022.pdf\">Programaci\u00f3n de Sevilla -pdf-<\/a><\/p>\n<p>Fuente: Consejer\u00eda de Universidad, Investigaci\u00f3n e Innovaci\u00f3n &#8211; Junta de Andaluc\u00eda<\/p>\n","protected":false},"excerpt":{"rendered":"<p>Casi 3.000 investigadores dar\u00e1n a conocer su trabajo el pr\u00f3ximo 30 de septiembre a trav\u00e9s de m\u00e1s de 800 actividades programadas en las calles de las ocho provincias de Andaluc\u00eda con motivo de La Noche Europea de los Investigadores. Este evento, de alcance europeo, est\u00e1 dedicado a la divulgaci\u00f3n cient\u00edfica y pretende acercar a la sociedad, de una forma amena, los beneficios que aporta el avance de la ciencia, as\u00ed como su repercusi\u00f3n en la vida cotidiana.<\/p>\n","protected":false},"author":6,"featured_media":23962715,"comment_status":"closed","ping_status":"open","sticky":false,"template":"","format":"standard","meta":{"_monsterinsights_skip_tracking":false,"_monsterinsights_sitenote_active":false,"_monsterinsights_sitenote_note":"","_monsterinsights_sitenote_category":0,"footnotes":""},"categories":[2779],"tags":[],"class_list":["post-30875212","post","type-post","status-publish","format-standard","has-post-thumbnail","hentry","category-docencia-formacion"],"_links":{"self":[{"href":"https:\/\/www.upo.es\/diario\/wp-json\/wp\/v2\/posts\/30875212","targetHints":{"allow":["GET"]}}],"collection":[{"href":"https:\/\/www.upo.es\/diario\/wp-json\/wp\/v2\/posts"}],"about":[{"href":"https:\/\/www.upo.es\/diario\/wp-json\/wp\/v2\/types\/post"}],"author":[{"embeddable":true,"href":"https:\/\/www.upo.es\/diario\/wp-json\/wp\/v2\/users\/6"}],"replies":[{"embeddable":true,"href":"https:\/\/www.upo.es\/diario\/wp-json\/wp\/v2\/comments?post=30875212"}],"version-history":[{"count":1,"href":"https:\/\/www.upo.es\/diario\/wp-json\/wp\/v2\/posts\/30875212\/revisions"}],"predecessor-version":[{"id":30875213,"href":"https:\/\/www.upo.es\/diario\/wp-json\/wp\/v2\/posts\/30875212\/revisions\/30875213"}],"wp:featuredmedia":[{"embeddable":true,"href":"https:\/\/www.upo.es\/diario\/wp-json\/wp\/v2\/media\/23962715"}],"wp:attachment":[{"href":"https:\/\/www.upo.es\/diario\/wp-json\/wp\/v2\/media?parent=30875212"}],"wp:term":[{"taxonomy":"category","embeddable":true,"href":"https:\/\/www.upo.es\/diario\/wp-json\/wp\/v2\/categories?post=30875212"},{"taxonomy":"post_tag","embeddable":true,"href":"https:\/\/www.upo.es\/diario\/wp-json\/wp\/v2\/tags?post=30875212"}],"curies":[{"name":"wp","href":"https:\/\/api.w.org\/{rel}","templated":true}]}}