{"id":30875260,"date":"2022-09-26T10:57:12","date_gmt":"2022-09-26T08:57:12","guid":{"rendered":"https:\/\/www.upo.es\/diario\/?p=30875260"},"modified":"2022-09-30T11:22:27","modified_gmt":"2022-09-30T09:22:27","slug":"investigadores-de-la-upo-reciben-el-premio-beltran-baguena-por-un-estudio-sobre-el-impacto-de-la-covid-19-en-mayores-segun-el-tipo-de-residencia","status":"publish","type":"post","link":"https:\/\/www.upo.es\/diario\/ciencia\/2022\/09\/investigadores-de-la-upo-reciben-el-premio-beltran-baguena-por-un-estudio-sobre-el-impacto-de-la-covid-19-en-mayores-segun-el-tipo-de-residencia\/","title":{"rendered":"Investigadores de la UPO reciben el Premio Beltr\u00e1n B\u00e1guena por un estudio sobre el impacto de la Covid-19 en mayores seg\u00fan el tipo de residencia"},"content":{"rendered":"<figure id=\"attachment_30875262\" aria-describedby=\"caption-attachment-30875262\" style=\"width: 750px\" class=\"wp-caption aligncenter\"><a href=\"https:\/\/www.upo.es\/diario\/wp-content\/uploads\/2022\/09\/E-Barrera_JLSarasola-scaled.jpg\"><img loading=\"lazy\" decoding=\"async\" class=\"size-large wp-image-30875262\" src=\"https:\/\/www.upo.es\/diario\/wp-content\/uploads\/2022\/09\/E-Barrera_JLSarasola-750x500.jpg\" alt=\"Evaristo Barrera y Jos\u00e9 Luis Sarasola en el campus de la UPO\" width=\"750\" height=\"500\" srcset=\"https:\/\/www.upo.es\/diario\/wp-content\/uploads\/2022\/09\/E-Barrera_JLSarasola-750x500.jpg 750w, https:\/\/www.upo.es\/diario\/wp-content\/uploads\/2022\/09\/E-Barrera_JLSarasola-385x257.jpg 385w, https:\/\/www.upo.es\/diario\/wp-content\/uploads\/2022\/09\/E-Barrera_JLSarasola-768x512.jpg 768w, https:\/\/www.upo.es\/diario\/wp-content\/uploads\/2022\/09\/E-Barrera_JLSarasola-1536x1024.jpg 1536w, https:\/\/www.upo.es\/diario\/wp-content\/uploads\/2022\/09\/E-Barrera_JLSarasola-2048x1365.jpg 2048w\" sizes=\"auto, (max-width: 750px) 100vw, 750px\" \/><\/a><figcaption id=\"caption-attachment-30875262\" class=\"wp-caption-text\">Evaristo Barrera y Jos\u00e9 Luis Sarasola en el campus de la UPO<\/figcaption><\/figure>\n<p>Los investigadores de la Universidad Pablo de Olavide Evaristo Barrera Algar\u00edn, Francisco Estepa Maestre, Jos\u00e9 Luis Sarasola S\u00e1nchez Serrano y Jos\u00e9 Carlos Malag\u00f3n Siria han recibido el <strong>Premio Beltr\u00e1n B\u00e1guena al mejor art\u00edculo original publicado en la Revista Espa\u00f1ola de Geriatr\u00eda y Gerontolog\u00eda en el a\u00f1o 2021<\/strong>, en el \u00e1rea de ciencias sociales y del comportamiento por el trabajo <strong><em>Covid-19 y personas mayores en residencias: impacto seg\u00fan el tipo de residencia<\/em><\/strong>. El Premio Beltr\u00e1n B\u00e1guena es un galard\u00f3n que concede la Sociedad Espa\u00f1ola de Geriatr\u00eda y Gerontolog\u00eda (SEGG) al\u00a0mejor trabajo publicado en la Revista Espa\u00f1ola de Geriatr\u00eda y Gerontolog\u00eda durante el a\u00f1o, en las \u00e1reas cl\u00ednica, ciencias biol\u00f3gicas y ciencias sociales y del comportamiento.<\/p>\n<p>El estudio de la UPO ha analizado la relaci\u00f3n entre el n\u00famero de personas mayores que han fallecido en las residencias durante la pandemia y cuestiones como el gasto p\u00fablico, la ratio de cobertura, la titularidad p\u00fablica o privada de la residencia o el tama\u00f1o de la misma.<\/p>\n<p>Seg\u00fan las conclusiones de la investigaci\u00f3n, <strong>el modelo de residencia mejor preparada para enfrentar la Covid fue el de residencia p\u00fablica de menos de 25 plazas. Cuanto mayor es el tama\u00f1o de la residencia, es decir, cuantas m\u00e1s plazas tiene, m\u00e1s tendencia a riesgo de muertes por COVID-19 se registr\u00f3<\/strong>.<\/p>\n<p>Asimismo, <strong>el estudio apunta a que existe una relaci\u00f3n entre el n\u00famero de fallecimientos y el n\u00famero de residencias de titularidad privada que tiene una comunidad aut\u00f3noma<\/strong>. A mayor n\u00famero de residencias privadas, mayor n\u00famero de personas fallecidas.<\/p>\n<h3><strong>Necesidad de modelos m\u00e1s humanos en la atenci\u00f3n residencial de las personas mayores<\/strong><\/h3>\n<p>El estudio reuni\u00f3 a un equipo de doctores del Grupo de investigaci\u00f3n en Trabajo Social y Nuevas Tecnolog\u00edas para la intervenci\u00f3n social (PAIDI Sej-608), y el Grupo de Investigaci\u00f3n en Trabajo Social y Pol\u00edticas Sociales (PAIDI Sej-452) del Departamento de Trabajo Social y Servicios Sociales de la universidad Pablo de Olavide, ante la cantidad alarmante de fallecimientos en las residencias de personas mayores de Espa\u00f1a, con causa en la Covid-19. Sus hallazgos facilitan y dan argumentos a las instituciones sociales, econ\u00f3micas y pol\u00edticas del pa\u00eds para la reforma de los modelos de atenci\u00f3n residencial, en una b\u00fasqueda por la mejora de la calidad de las personas mayores, su dignidad, humanizaci\u00f3n y justicia social, y con la esperanza de que estos hechos nunca vuelvan a repetirse.<\/p>\n<p>Los\u00a0 doctores Sarasola y Barrera\u00a0 a su vez son directores del M\u00e1ster en Gerontolog\u00eda, Direcci\u00f3n y Gesti\u00f3n de Centros Gerontol\u00f3gicos y cuentan con un gran n\u00famero de Residencias Gerontol\u00f3gicas que han contactado para esta investigaci\u00f3n , dejando constancia que las Residencias de menos tama\u00f1o son las que tienen una atenci\u00f3n centrada en la persona y hacen que las epidemias , como esta del COVID 19 sean m\u00e1s controlables cuanto menor es el tama\u00f1o de la Residencia de Personas Mayores y el trato es m\u00e1s humano y profesional.<\/p>\n<p><strong>Referencia:<\/strong><\/p>\n<p>Barrera-Algar\u00edn, E., Estepa-Maestre, F., Sarasola-S\u00e1nchez-Serrano, J. &amp; Malag\u00f3n-Siria, J. (2021, agosto). <strong>COVID-19 and elderly people in nursing homes: Impact according to the modality of residence<\/strong>. <em>Revista Espa\u00f1ola de Geriatr\u00eda y Gerontolog\u00eda<\/em>, 56(4). <a href=\"https:\/\/doi.org\/10.1016\/j.regg.2021.02.003\">https:\/\/doi.org\/10.1016\/j.regg.2021.02.003<\/a><\/p>\n","protected":false},"excerpt":{"rendered":"<p>Seg\u00fan las conclusiones de la investigaci\u00f3n, el modelo de residencia mejor preparada para enfrentar la Covid fue el de residencia p\u00fablica de menos de 25 plazas. Cuanto mayor es el tama\u00f1o de la residencia, es decir, cuantas m\u00e1s plazas tiene, m\u00e1s tendencia a riesgo de muertes por COVID-19 se registr\u00f3.<\/p>\n","protected":false},"author":6,"featured_media":30875262,"comment_status":"closed","ping_status":"open","sticky":false,"template":"","format":"standard","meta":{"_monsterinsights_skip_tracking":false,"_monsterinsights_sitenote_active":false,"_monsterinsights_sitenote_note":"","_monsterinsights_sitenote_category":0,"footnotes":""},"categories":[3],"tags":[6601,53,58,1271,1046],"class_list":["post-30875260","post","type-post","status-publish","format-standard","has-post-thumbnail","hentry","category-ciencia","tag-covid-19","tag-mayores","tag-premio","tag-salud-publica","tag-servicios-sociales"],"_links":{"self":[{"href":"https:\/\/www.upo.es\/diario\/wp-json\/wp\/v2\/posts\/30875260","targetHints":{"allow":["GET"]}}],"collection":[{"href":"https:\/\/www.upo.es\/diario\/wp-json\/wp\/v2\/posts"}],"about":[{"href":"https:\/\/www.upo.es\/diario\/wp-json\/wp\/v2\/types\/post"}],"author":[{"embeddable":true,"href":"https:\/\/www.upo.es\/diario\/wp-json\/wp\/v2\/users\/6"}],"replies":[{"embeddable":true,"href":"https:\/\/www.upo.es\/diario\/wp-json\/wp\/v2\/comments?post=30875260"}],"version-history":[{"count":2,"href":"https:\/\/www.upo.es\/diario\/wp-json\/wp\/v2\/posts\/30875260\/revisions"}],"predecessor-version":[{"id":30875263,"href":"https:\/\/www.upo.es\/diario\/wp-json\/wp\/v2\/posts\/30875260\/revisions\/30875263"}],"wp:featuredmedia":[{"embeddable":true,"href":"https:\/\/www.upo.es\/diario\/wp-json\/wp\/v2\/media\/30875262"}],"wp:attachment":[{"href":"https:\/\/www.upo.es\/diario\/wp-json\/wp\/v2\/media?parent=30875260"}],"wp:term":[{"taxonomy":"category","embeddable":true,"href":"https:\/\/www.upo.es\/diario\/wp-json\/wp\/v2\/categories?post=30875260"},{"taxonomy":"post_tag","embeddable":true,"href":"https:\/\/www.upo.es\/diario\/wp-json\/wp\/v2\/tags?post=30875260"}],"curies":[{"name":"wp","href":"https:\/\/api.w.org\/{rel}","templated":true}]}}