{"id":30875314,"date":"2022-09-08T12:55:14","date_gmt":"2022-09-08T10:55:14","guid":{"rendered":"https:\/\/www.upo.es\/diario\/?p=30875314"},"modified":"2022-09-30T13:03:05","modified_gmt":"2022-09-30T11:03:05","slug":"conoce-la-oficina-para-la-igualdad-de-la-upo","status":"publish","type":"post","link":"https:\/\/www.upo.es\/diario\/video\/2022\/09\/conoce-la-oficina-para-la-igualdad-de-la-upo\/","title":{"rendered":"Conoce la Oficina para la Igualdad de la UPO"},"content":{"rendered":"<p><iframe loading=\"lazy\" title=\"YouTube video player\" src=\"https:\/\/www.youtube.com\/embed\/B14WPom8jnw\" width=\"560\" height=\"315\" frameborder=\"0\" allowfullscreen=\"allowfullscreen\"><\/iframe><br \/>\nQuinto v\u00eddeo de la serie &#8216;Aprendiendo en Igualdad&#8217; que impulsa la Delegaci\u00f3n del Rector para la Igualdad de G\u00e9nero. <strong><em>Conoce la Oficina para la Igualdad de la UPO<\/em><\/strong>, est\u00e1 concebido especialmente para las personas que se incorporan por primera vez a nuestra universidad y adem\u00e1s, para toda la comunidad universitaria, con el objetivo de dar a conocer los servicios que se ofrecen a trav\u00e9s de la OPI para garantizar el principio de igualdad de g\u00e9nero en la UPO.<\/p>\n","protected":false},"excerpt":{"rendered":"<p>Quinto v\u00eddeo de la serie &#8216;Aprendiendo en Igualdad&#8217; que impulsa la Delegaci\u00f3n del Rector para la Igualdad de G\u00e9nero. Conoce la Oficina para la Igualdad de la UPO, est\u00e1 concebido especialmente para las personas que se incorporan por primera vez a nuestra universidad y adem\u00e1s, para toda la comunidad universitaria, con el objetivo de dar a conocer los servicios que se ofrecen a trav\u00e9s de la OPI para garantizar el principio de igualdad de g\u00e9nero en la UPO.<\/p>\n","protected":false},"author":6,"featured_media":30875315,"comment_status":"closed","ping_status":"open","sticky":false,"template":"","format":"video","meta":{"_monsterinsights_skip_tracking":false,"_monsterinsights_sitenote_active":false,"_monsterinsights_sitenote_note":"","_monsterinsights_sitenote_category":0,"footnotes":""},"categories":[6038],"tags":[7256,5883,2209],"class_list":["post-30875314","post","type-post","status-publish","format-video","has-post-thumbnail","hentry","category-video","tag-delegada-del-rector-para-la-igualdad-de-genero","tag-igualdad-de-genero","tag-oficina-para-la-igualdad","post_format-post-format-video"],"_links":{"self":[{"href":"https:\/\/www.upo.es\/diario\/wp-json\/wp\/v2\/posts\/30875314","targetHints":{"allow":["GET"]}}],"collection":[{"href":"https:\/\/www.upo.es\/diario\/wp-json\/wp\/v2\/posts"}],"about":[{"href":"https:\/\/www.upo.es\/diario\/wp-json\/wp\/v2\/types\/post"}],"author":[{"embeddable":true,"href":"https:\/\/www.upo.es\/diario\/wp-json\/wp\/v2\/users\/6"}],"replies":[{"embeddable":true,"href":"https:\/\/www.upo.es\/diario\/wp-json\/wp\/v2\/comments?post=30875314"}],"version-history":[{"count":1,"href":"https:\/\/www.upo.es\/diario\/wp-json\/wp\/v2\/posts\/30875314\/revisions"}],"predecessor-version":[{"id":30875316,"href":"https:\/\/www.upo.es\/diario\/wp-json\/wp\/v2\/posts\/30875314\/revisions\/30875316"}],"wp:featuredmedia":[{"embeddable":true,"href":"https:\/\/www.upo.es\/diario\/wp-json\/wp\/v2\/media\/30875315"}],"wp:attachment":[{"href":"https:\/\/www.upo.es\/diario\/wp-json\/wp\/v2\/media?parent=30875314"}],"wp:term":[{"taxonomy":"category","embeddable":true,"href":"https:\/\/www.upo.es\/diario\/wp-json\/wp\/v2\/categories?post=30875314"},{"taxonomy":"post_tag","embeddable":true,"href":"https:\/\/www.upo.es\/diario\/wp-json\/wp\/v2\/tags?post=30875314"}],"curies":[{"name":"wp","href":"https:\/\/api.w.org\/{rel}","templated":true}]}}