{"id":30875336,"date":"2022-10-04T07:57:28","date_gmt":"2022-10-04T05:57:28","guid":{"rendered":"https:\/\/www.upo.es\/diario\/?p=30875336"},"modified":"2022-10-04T11:03:46","modified_gmt":"2022-10-04T09:03:46","slug":"un-congreso-analiza-en-la-upo-el-uso-de-datos-personales-en-los-procesos-judiciales-y-arbitrales","status":"publish","type":"post","link":"https:\/\/www.upo.es\/diario\/docencia-formacion\/2022\/10\/un-congreso-analiza-en-la-upo-el-uso-de-datos-personales-en-los-procesos-judiciales-y-arbitrales\/","title":{"rendered":"Un congreso analiza en la UPO el uso de datos personales en los procesos judiciales y arbitrales"},"content":{"rendered":"<p><a href=\"https:\/\/www.upo.es\/diario\/wp-content\/uploads\/2022\/10\/Cong-PD-Procesos.jpg\"><img loading=\"lazy\" decoding=\"async\" class=\"aligncenter size-large wp-image-30875337\" src=\"https:\/\/www.upo.es\/diario\/wp-content\/uploads\/2022\/10\/Cong-PD-Procesos-750x562.jpg\" alt=\"Congreso \u2018Informaci\u00f3n, datos y evidencias en los procesos\u2019 \" width=\"750\" height=\"562\" srcset=\"https:\/\/www.upo.es\/diario\/wp-content\/uploads\/2022\/10\/Cong-PD-Procesos-750x562.jpg 750w, https:\/\/www.upo.es\/diario\/wp-content\/uploads\/2022\/10\/Cong-PD-Procesos-385x288.jpg 385w, https:\/\/www.upo.es\/diario\/wp-content\/uploads\/2022\/10\/Cong-PD-Procesos-768x576.jpg 768w, https:\/\/www.upo.es\/diario\/wp-content\/uploads\/2022\/10\/Cong-PD-Procesos-1320x989.jpg 1320w, https:\/\/www.upo.es\/diario\/wp-content\/uploads\/2022\/10\/Cong-PD-Procesos.jpg 1536w\" sizes=\"auto, (max-width: 750px) 100vw, 750px\" \/><\/a>El <strong>Congreso \u2018Informaci\u00f3n, datos y evidencias en los procesos\u2019<\/strong> concluye este martes en el campus de la Universidad Pablo de Olavide. Organizado por el <a href=\"https:\/\/www.upo.es\/investiga\/ludei\/inicio\/\">Proyecto \u2018L\u00edmites a la utilizaci\u00f3n de datos, evidencias e informaci\u00f3n entre procesos y procedimientos diversos en Espa\u00f1a y la Uni\u00f3n Europea\u2019<\/a> (LUDEI), <strong>el Congreso aborda el uso de informaci\u00f3n y de datos personales en los procesos penales y civiles, adem\u00e1s de en los de arbitraje<\/strong>.<\/p>\n<p>Especialistas en Derecho Procesal, Penal y Administrativo de una quincena de universidades se re\u00fanen desde ayer lunes en la Sala de grados del edificio 7, en un programa que ha sido coordinado por <strong>Ignacio Colomer<\/strong>, catedr\u00e1tico de Derecho procesal de la Universidad Pablo de Olavide y director acad\u00e9mico del Congreso.<\/p>\n<p>Durante el programa, organizado en torno a ocho sesiones, se analizar\u00e1n cuestiones como el uso por parte del CNI de datos personales en sus investigaciones, los datos obtenidos gracias a la tecnolog\u00eda GPS y su uso comparado en Europa, la protecci\u00f3n de la privacidad e intimidad de las v\u00edctimas en los procesos penales, el uso de las redes sociales para la prevenci\u00f3n criminal o el tratamiento de im\u00e1genes obtenidas mediante sistemas de v\u00eddeo vigilancia.<\/p>\n","protected":false},"excerpt":{"rendered":"<p>El Congreso \u2018Informaci\u00f3n, datos y evidencias en los procesos\u2019 concluye este martes en el campus de la Universidad Pablo de Olavide. Organizado por el Proyecto \u2018L\u00edmites a la utilizaci\u00f3n de datos, evidencias e informaci\u00f3n entre procesos y procedimientos diversos en Espa\u00f1a y la Uni\u00f3n Europea\u2019 (LUDEI), el Congreso aborda el uso de informaci\u00f3n y de datos personales en los procesos penales y civiles, adem\u00e1s de en los de arbitraje.<\/p>\n","protected":false},"author":6,"featured_media":30875337,"comment_status":"closed","ping_status":"open","sticky":false,"template":"","format":"standard","meta":{"_monsterinsights_skip_tracking":false,"_monsterinsights_sitenote_active":false,"_monsterinsights_sitenote_note":"","_monsterinsights_sitenote_category":0,"footnotes":""},"categories":[2779],"tags":[354,3066,3386,842,2017,974],"class_list":["post-30875336","post","type-post","status-publish","format-standard","has-post-thumbnail","hentry","category-docencia-formacion","tag-congreso","tag-datos-personales","tag-derecho-administrativo","tag-derecho-penal","tag-derecho-procesal","tag-intimidad"],"_links":{"self":[{"href":"https:\/\/www.upo.es\/diario\/wp-json\/wp\/v2\/posts\/30875336","targetHints":{"allow":["GET"]}}],"collection":[{"href":"https:\/\/www.upo.es\/diario\/wp-json\/wp\/v2\/posts"}],"about":[{"href":"https:\/\/www.upo.es\/diario\/wp-json\/wp\/v2\/types\/post"}],"author":[{"embeddable":true,"href":"https:\/\/www.upo.es\/diario\/wp-json\/wp\/v2\/users\/6"}],"replies":[{"embeddable":true,"href":"https:\/\/www.upo.es\/diario\/wp-json\/wp\/v2\/comments?post=30875336"}],"version-history":[{"count":2,"href":"https:\/\/www.upo.es\/diario\/wp-json\/wp\/v2\/posts\/30875336\/revisions"}],"predecessor-version":[{"id":30875339,"href":"https:\/\/www.upo.es\/diario\/wp-json\/wp\/v2\/posts\/30875336\/revisions\/30875339"}],"wp:featuredmedia":[{"embeddable":true,"href":"https:\/\/www.upo.es\/diario\/wp-json\/wp\/v2\/media\/30875337"}],"wp:attachment":[{"href":"https:\/\/www.upo.es\/diario\/wp-json\/wp\/v2\/media?parent=30875336"}],"wp:term":[{"taxonomy":"category","embeddable":true,"href":"https:\/\/www.upo.es\/diario\/wp-json\/wp\/v2\/categories?post=30875336"},{"taxonomy":"post_tag","embeddable":true,"href":"https:\/\/www.upo.es\/diario\/wp-json\/wp\/v2\/tags?post=30875336"}],"curies":[{"name":"wp","href":"https:\/\/api.w.org\/{rel}","templated":true}]}}