{"id":30875350,"date":"2022-10-05T09:41:22","date_gmt":"2022-10-05T07:41:22","guid":{"rendered":"https:\/\/www.upo.es\/diario\/?p=30875350"},"modified":"2022-10-05T09:52:05","modified_gmt":"2022-10-05T07:52:05","slug":"ha-llegado-el-fin-de-la-abundancia-y-del-estado-de-bienestar","status":"publish","type":"post","link":"https:\/\/www.upo.es\/diario\/theconversation\/2022\/10\/ha-llegado-el-fin-de-la-abundancia-y-del-estado-de-bienestar\/","title":{"rendered":"\u00bfHa llegado el fin de la abundancia y del Estado de\u00a0bienestar?"},"content":{"rendered":"<p><a href=\"https:\/\/theconversation.com\/profiles\/fernando-ramos-palencia-1135613\"><img loading=\"lazy\" decoding=\"async\" class=\"aligncenter size-large wp-image-30875356\" src=\"https:\/\/www.upo.es\/diario\/wp-content\/uploads\/2022\/10\/TheConversation_20221004-1-1.jpg\" alt=\"ilustraci\u00f3n sobre la prosperidad de las familias\" width=\"1\" height=\"1\" \/><img loading=\"lazy\" decoding=\"async\" class=\"aligncenter size-large wp-image-30875359\" src=\"https:\/\/www.upo.es\/diario\/wp-content\/uploads\/2022\/10\/stock-exchange-g7974b86b7_1280-750x500.jpg\" alt=\"ilustraci\u00f3n sobre las fluctuaciones de la econom\u00eda\" width=\"750\" height=\"500\" srcset=\"https:\/\/www.upo.es\/diario\/wp-content\/uploads\/2022\/10\/stock-exchange-g7974b86b7_1280-750x500.jpg 750w, https:\/\/www.upo.es\/diario\/wp-content\/uploads\/2022\/10\/stock-exchange-g7974b86b7_1280-385x257.jpg 385w, https:\/\/www.upo.es\/diario\/wp-content\/uploads\/2022\/10\/stock-exchange-g7974b86b7_1280-768x512.jpg 768w, https:\/\/www.upo.es\/diario\/wp-content\/uploads\/2022\/10\/stock-exchange-g7974b86b7_1280-165x109.jpg 165w, https:\/\/www.upo.es\/diario\/wp-content\/uploads\/2022\/10\/stock-exchange-g7974b86b7_1280.jpg 1280w\" sizes=\"auto, (max-width: 750px) 100vw, 750px\" \/>Fernando Ramos-Palencia<\/a>, <em><a href=\"https:\/\/theconversation.com\/institutions\/universidad-pablo-de-olavide-1362\">Universidad Pablo de Olavide<\/a><\/em><\/p>\n<p>A finales de agosto <a href=\"https:\/\/www.france24.com\/es\/europa\/20220824-estamos-viviendo-el-fin-de-la-abundancia-macron-advierte-desaf%C3%ADos-econ%C3%B3micos-y-sociales\">el presidente franc\u00e9s Emmanuel Macron<\/a> abri\u00f3 el Consejo de Ministros con una advertencia sobre lo que puede depararnos el futuro: \u201cCreo que asistimos a una gran convulsi\u00f3n, un cambio radical. En el fondo, lo que estamos viviendo es el fin de la abundancia, de la liquidez sin coste\u201d.<\/p>\n<h3>\u00bfDe qu\u00e9 habla Macron?<\/h3>\n<p>Apenas superada la Gran Recesi\u00f3n de 2008, Europa est\u00e1 sufriendo una crisis de identidad motivada por distintos factores: el Brexit (oficializado en 2020), la pandemia del covid-19 (2020) y la subida de los costes energ\u00e9ticos provocados por la guerra entre Ucrania y Rusia (2022).<\/p>\n<p>El cambio clim\u00e1tico, combinado con la inestabilidad pol\u00edtica, est\u00e1 provocando sequ\u00edas, hambrunas y conflictos en las regiones m\u00e1s pobres del planeta, acelerando los desplazamientos demogr\u00e1ficos hacia Europa (y, por extensi\u00f3n, aumentando en la regi\u00f3n las tensiones con la poblaci\u00f3n inmigrante).<\/p>\n<p>Adem\u00e1s, dada la escasez c\u00edclica de energ\u00eda y materias primas, Europa est\u00e1 transitando r\u00e1pidamente hacia una econom\u00eda descarbonizada y apostando por energ\u00edas renovables (en detrimento de los combustibles f\u00f3siles).<\/p>\n<p>Por otra parte, las democracias se est\u00e1n debilitando ante movimientos populistas a derecha e izquierda, que apuestan por el nacionalismo, el proteccionismo, la polarizaci\u00f3n pol\u00edtica y la cr\u00edtica hacia la globalizaci\u00f3n.<\/p>\n<p>En el caso concreto europeo, el debilitamiento de las instituciones viene caracterizado por un fort\u00edsimo endeudamiento (<a href=\"https:\/\/www.imf.org\/external\/datamapper\/CG_DEBT_GDP@GDD\/SWE\">p\u00fablico<\/a> y <a href=\"https:\/\/www.imf.org\/external\/datamapper\/Privatedebt_all@GDD\/SWE\">privado<\/a>) que hipoteca el futuro de las generaciones m\u00e1s j\u00f3venes (falta de movilidad social, seg\u00fan el informe <a href=\"https:\/\/www.mckinsey.com\/featured-insights\/employment-and-growth\/poorer-than-their-parents-a-new-perspective-on-income-inequality\">McKinsey 2016: <em>\u00bfM\u00e1s pobres que sus padres? La ca\u00edda o el estancamiento del ingreso en las econom\u00edas avanzadas<\/em><\/a>) y que est\u00e1 poniendo en peligro el Estado de bienestar.<\/p>\n<p>Cabe preguntarse entonces, hasta qu\u00e9 punto son sostenibles las pensiones, el cuidado de las personas mayores, la educaci\u00f3n gratuita (o parcialmente subvencionada) en todos los niveles de ense\u00f1anza, el acceso a la atenci\u00f3n b\u00e1sica m\u00e9dica, los subsidios de desempleo y las prestaciones sociales para paliar los efectos de una pobreza extrema.<\/p>\n<h3>Hacia un nuevo mundo<\/h3>\n<p>Estamos inmersos en una \u00e9poca en la que el avance tecnol\u00f3gico est\u00e1 generando una de las mayores revoluciones de la humanidad. Un mundo de oportunidades y desaf\u00edos, pero tambi\u00e9n de preocupaci\u00f3n e inseguridad econ\u00f3mica en los mercados laborales. En este sentido, asistimos a tensiones entre:<\/p>\n<ol>\n<li>Las viejas econom\u00edas industriales y las nuevas econom\u00edas que apuestan por revertir el cambio clim\u00e1tico.<\/li>\n<li>La soberan\u00eda ciudadana y la concentraci\u00f3n de poder en determinados grupos de presi\u00f3n pol\u00edticos y econ\u00f3micos.<\/li>\n<li>El acceso universal a la informaci\u00f3n (econom\u00eda de datos) y la privacidad.<\/li>\n<\/ol>\n<p>As\u00ed, se hace necesario un <em>nuevo contrato social<\/em> (derechos y obligaciones de la ciudadan\u00eda) que preserve el Estado de bienestar y apoye su modelo democr\u00e1tico de <a href=\"https:\/\/www.planetadelibros.com\/libro-la-sociedad-abierta-y-sus-enemigos\/244872\">econom\u00edas y sociedades abiertas<\/a>.<\/p>\n<p>Aunque hay firmes defensores del <a href=\"https:\/\/www.weforum.org\/agenda\/2022\/06\/what-is-degrowth-economics-climate-change\/\">decrecimiento<\/a> (reducci\u00f3n del consumo y la actividad econ\u00f3mica), el investigador <a href=\"http:\/\/glineq.blogspot.com\/2017\/11\/the-illusion-of-degrowth-in-poor-and.html\">Branko Milanovic<\/a>, uno de los grandes especialistas en desigualdad, subraya que no somos conscientes de lo desigual y pobre que es el mundo hoy en d\u00eda y de cu\u00e1les ser\u00edan las compensaciones si realmente decidi\u00e9ramos fijar el volumen de bienes y servicios producidos y consumidos en el mundo al nivel actual.<\/p>\n<p>De ah\u00ed que, para afrontar este nuevo contrato social, deban generarse m\u00e1s ingresos y mejoras en la eficiencia del gasto p\u00fablico. La clave es <a href=\"https:\/\/www.journals.uchicago.edu\/doi\/abs\/10.1086\/261725\">la inversi\u00f3n en educaci\u00f3n<\/a>, que permita mantener los incentivos para que se adquieran ideas del resto del mundo, y <a href=\"https:\/\/www.jstor.org\/stable\/2951599#metadata_info_tab_contents\">la innovaci\u00f3n<\/a>.<\/p>\n<p>Esto est\u00e1 generando un intenso debate acad\u00e9mico con dos premisas b\u00e1sicas en la discusi\u00f3n: la aplicaci\u00f3n de <a href=\"https:\/\/ourworldindata.org\/explorers\/climate-change\">restricciones medioambientales<\/a> y pol\u00edticas a largo plazo que incluyan a las generaciones futuras.<\/p>\n<p>Dados los problemas de equidad intergeneracional y <a href=\"https:\/\/cepr.org\/voxeu\/columns\/correlating-social-mobility-and-economic-outcomes\">movilidad social<\/a>, y considerando que la <a href=\"https:\/\/gsdrc.org\/document-library\/redistribution-inequality-and-growth\/\">equidad fomenta el crecimiento<\/a>, la pol\u00edtica fiscal est\u00e1 explorando nuevas v\u00edas para una mejor redistribuci\u00f3n:<\/p>\n<ol>\n<li>Gravando el patrimonio (<a href=\"https:\/\/nadaesgratis.es\/admin\/por-que-gravar-la-riqueza-i-galgos-o-podencos\">la riqueza<\/a>) en forma de herencias, tierras y bienes inmuebles.<\/li>\n<li>Penalizando los <a href=\"https:\/\/gabriel-zucman.eu\/hidden-wealth\/\">para\u00edsos fiscales<\/a>.<\/li>\n<li><a href=\"https:\/\/www.project-syndicate.org\/commentary\/us-must-close-capital-and-labor-income-tax-gap-by-daron-acemoglu-2021-02\">Reduciendo los impuestos que gravan los ingresos procedentes del trabajo<\/a>.<\/li>\n<\/ol>\n<p>Por otra parte, el <a href=\"https:\/\/www.aeaweb.org\/articles?id=10.1257\/jep.33.2.3\">cambio tecnol\u00f3gico y su creciente automatizaci\u00f3n<\/a> est\u00e1n revolucionando el mercado laboral. Se plantean nuevas alternativas como, por ejemplo, el modelo dan\u00e9s denominado <a href=\"https:\/\/www.bbva.com\/es\/que-es-la-flexiseguridad\/\"><em>flexiseguridad<\/em><\/a>: las empresas son flexibles para despedir o contratar empleados. A cambio, ofrecen prestaciones de desempleo m\u00e1s generosas y servicios de capacitaci\u00f3n y colocaci\u00f3n.<\/p>\n<p>En este contexto, se avanza hacia una sociedad con cada vez m\u00e1s rotaci\u00f3n laboral que plantea entre los economistas la posibilidad de incorporar una <a href=\"https:\/\/cepr.org\/voxeu\/columns\/straw-men-debate-basic-income-versus-targeting\">renta b\u00e1sica<\/a> para cubrir las necesidades b\u00e1sicas de las personas en un momento dado. Asimismo, el crecimiento de la esperanza de vida est\u00e1 abriendo otro debate, centrado en la viabilidad de los sistemas de pensiones a condici\u00f3n de que aumente la <a href=\"https:\/\/cepr.org\/voxeu\/columns\/straw-men-debate-basic-income-versus-targeting\">edad de jubilaci\u00f3n<\/a>.<\/p>\n<h3>Una visi\u00f3n optimista<\/h3>\n<p>Para finalizar, perm\u00edtaseme ser optimista recurriendo a las ense\u00f1anzas del pasado. El punto de inflexi\u00f3n actual tiene muchos paralelismos con lo ocurrido hace casi tres siglos. La <a href=\"https:\/\/es.wikipedia.org\/wiki\/Revoluci%C3%B3n_Industrial\">Revoluci\u00f3n Industrial<\/a> (c. 1750) se inici\u00f3 con las l\u00fagubres <a href=\"https:\/\/www.bbc.com\/mundo\/noticias-44004902\">predicciones malthusianas<\/a>, continu\u00f3 con un violento movimiento social (el <a href=\"https:\/\/www.britannica.com\/event\/Luddite\">ludismo<\/a> opuesto al uso de maquinaria) y finaliz\u00f3 con la publicaci\u00f3n del <a href=\"https:\/\/www.britannica.com\/topic\/The-Communist-Manifesto\">Manifiesto Comunista<\/a> (1848).<\/p>\n<p>Dicho periodo se caracteriz\u00f3 por p\u00e9simas condiciones laborales, pobreza, elevada exclusi\u00f3n social y una significativa riqueza empresarial concentrada en pocas manos. Al mismo tiempo, se produjo una <a href=\"https:\/\/www.sciencedirect.com\/science\/article\/abs\/pii\/S0014498309000199\">importante brecha entre productividad (aumento exponencial) y salarios (estancamiento)<\/a>.<\/p>\n<p>Lo que vino despu\u00e9s es de sobra conocido. Gracias al conocimiento cient\u00edfico y a la consolidaci\u00f3n de las instituciones, la humanidad ha experimentado en el \u00faltimo cuarto de milenio un crecimiento econ\u00f3mico sostenido. Esto ha permitido a una parte considerable de la humanidad <a href=\"https:\/\/press.princeton.edu\/books\/hardcover\/9780691153544\/the-great-escape\">escapar de la pobreza<\/a>, gozando de una riqueza y niveles de vida muy superiores a las de cualquier otra \u00e9poca de la historia.<\/p>\n<p><a href=\"https:\/\/theconversation.com\/profiles\/fernando-ramos-palencia-1135613\">Fernando Ramos-Palencia<\/a>, Profesor Titular de Historia Econ\u00f3mica, <em><a href=\"https:\/\/theconversation.com\/institutions\/universidad-pablo-de-olavide-1362\">Universidad Pablo de Olavide<\/a><\/em><\/p>\n<p>Este art\u00edculo fue publicado originalmente en <a href=\"https:\/\/theconversation.com\">The Conversation<\/a>. Lea el <a href=\"https:\/\/theconversation.com\/ha-llegado-el-fin-de-la-abundancia-y-del-estado-de-bienestar-191211\">original<\/a>.<\/p>\n<p><img loading=\"lazy\" decoding=\"async\" style=\"border: none !important; box-shadow: none !important; margin: 0 !important; max-height: 1px !important; max-width: 1px !important; min-height: 1px !important; min-width: 1px !important; opacity: 0 !important; outline: none !important; padding: 0 !important;\" src=\"https:\/\/counter.theconversation.com\/content\/191211\/count.gif?distributor=republish-lightbox-advanced\" alt=\"The Conversation\" width=\"1\" height=\"1\" \/><\/p>\n","protected":false},"excerpt":{"rendered":"<p>A finales de agosto el presidente franc\u00e9s Emmanuel Macron abri\u00f3 el Consejo de Ministros con una advertencia sobre lo que puede depararnos el futuro: \u201cCreo que asistimos a una gran convulsi\u00f3n, un cambio radical. En el fondo, lo que estamos viviendo es el fin de la abundancia, de la liquidez sin coste\u201d.<\/p>\n","protected":false},"author":6,"featured_media":30875354,"comment_status":"closed","ping_status":"open","sticky":false,"template":"","format":"standard","meta":{"_monsterinsights_skip_tracking":false,"_monsterinsights_sitenote_active":false,"_monsterinsights_sitenote_note":"","_monsterinsights_sitenote_category":0,"footnotes":""},"categories":[5390],"tags":[2519,899],"class_list":["post-30875350","post","type-post","status-publish","format-standard","has-post-thumbnail","hentry","category-theconversation","tag-crisis-economica","tag-historia-economica"],"_links":{"self":[{"href":"https:\/\/www.upo.es\/diario\/wp-json\/wp\/v2\/posts\/30875350","targetHints":{"allow":["GET"]}}],"collection":[{"href":"https:\/\/www.upo.es\/diario\/wp-json\/wp\/v2\/posts"}],"about":[{"href":"https:\/\/www.upo.es\/diario\/wp-json\/wp\/v2\/types\/post"}],"author":[{"embeddable":true,"href":"https:\/\/www.upo.es\/diario\/wp-json\/wp\/v2\/users\/6"}],"replies":[{"embeddable":true,"href":"https:\/\/www.upo.es\/diario\/wp-json\/wp\/v2\/comments?post=30875350"}],"version-history":[{"count":6,"href":"https:\/\/www.upo.es\/diario\/wp-json\/wp\/v2\/posts\/30875350\/revisions"}],"predecessor-version":[{"id":30875360,"href":"https:\/\/www.upo.es\/diario\/wp-json\/wp\/v2\/posts\/30875350\/revisions\/30875360"}],"wp:featuredmedia":[{"embeddable":true,"href":"https:\/\/www.upo.es\/diario\/wp-json\/wp\/v2\/media\/30875354"}],"wp:attachment":[{"href":"https:\/\/www.upo.es\/diario\/wp-json\/wp\/v2\/media?parent=30875350"}],"wp:term":[{"taxonomy":"category","embeddable":true,"href":"https:\/\/www.upo.es\/diario\/wp-json\/wp\/v2\/categories?post=30875350"},{"taxonomy":"post_tag","embeddable":true,"href":"https:\/\/www.upo.es\/diario\/wp-json\/wp\/v2\/tags?post=30875350"}],"curies":[{"name":"wp","href":"https:\/\/api.w.org\/{rel}","templated":true}]}}