{"id":30875364,"date":"2022-10-05T12:42:40","date_gmt":"2022-10-05T10:42:40","guid":{"rendered":"https:\/\/www.upo.es\/diario\/?p=30875364"},"modified":"2022-10-07T15:03:58","modified_gmt":"2022-10-07T13:03:58","slug":"comienza-en-la-upo-un-foro-internacional-para-impulsar-el-espacio-iberoamericano-de-educacion-en-derechos-humanos","status":"publish","type":"post","link":"https:\/\/www.upo.es\/diario\/institucional\/2022\/10\/comienza-en-la-upo-un-foro-internacional-para-impulsar-el-espacio-iberoamericano-de-educacion-en-derechos-humanos\/","title":{"rendered":"Comienza en la UPO un foro internacional para impulsar el espacio iberoamericano de educaci\u00f3n en Derechos Humanos"},"content":{"rendered":"<figure id=\"attachment_30875365\" aria-describedby=\"caption-attachment-30875365\" style=\"width: 750px\" class=\"wp-caption aligncenter\"><a href=\"https:\/\/www.upo.es\/diario\/wp-content\/uploads\/2022\/10\/Cong-Int-Educ-DDHH_inaug-scaled.jpg\"><img loading=\"lazy\" decoding=\"async\" class=\"size-large wp-image-30875365\" src=\"https:\/\/www.upo.es\/diario\/wp-content\/uploads\/2022\/10\/Cong-Int-Educ-DDHH_inaug-750x500.jpg\" alt=\"\" width=\"750\" height=\"500\" srcset=\"https:\/\/www.upo.es\/diario\/wp-content\/uploads\/2022\/10\/Cong-Int-Educ-DDHH_inaug-750x500.jpg 750w, https:\/\/www.upo.es\/diario\/wp-content\/uploads\/2022\/10\/Cong-Int-Educ-DDHH_inaug-385x257.jpg 385w, https:\/\/www.upo.es\/diario\/wp-content\/uploads\/2022\/10\/Cong-Int-Educ-DDHH_inaug-768x512.jpg 768w, https:\/\/www.upo.es\/diario\/wp-content\/uploads\/2022\/10\/Cong-Int-Educ-DDHH_inaug-1536x1024.jpg 1536w, https:\/\/www.upo.es\/diario\/wp-content\/uploads\/2022\/10\/Cong-Int-Educ-DDHH_inaug-2048x1365.jpg 2048w\" sizes=\"auto, (max-width: 750px) 100vw, 750px\" \/><\/a><figcaption id=\"caption-attachment-30875365\" class=\"wp-caption-text\">Inauguraci\u00f3n del Congreso iberomericano de Educaci\u00f3n en Derechos Humanos,<\/figcaption><\/figure>\n<p>El <a href=\"https:\/\/www.ciedh.org\/\">I Congreso Iberoamericano de Educaci\u00f3n en Derechos Humanos, ciudadan\u00eda democr\u00e1tica e inclusiva y desarrollo sostenible<\/a> ha dado comienzo esta ma\u00f1ana en el Paraninfo de la Universidad Pablo de Olavide. El rector <strong>Francisco Oliva<\/strong> ha inaugurado un foro que tiene como objetivo, en palabras de <strong>Guillermo Dom\u00ednguez<\/strong>, director de la C\u00e1tedra que organiza el Congreso, \u201ccrear un espacio iberoamericano de conocimiento en educaci\u00f3n en Derechos Humanos\u201d.<\/p>\n<p><a href=\"https:\/\/www.upo.es\/diario\/wp-content\/uploads\/2022\/10\/Cong-Int-Educ-DDHH_inaug-mesa-scaled.jpg\"><img loading=\"lazy\" decoding=\"async\" class=\"alignright size-medium wp-image-30875367\" src=\"https:\/\/www.upo.es\/diario\/wp-content\/uploads\/2022\/10\/Cong-Int-Educ-DDHH_inaug-mesa-385x217.jpg\" alt=\"\" width=\"385\" height=\"217\" srcset=\"https:\/\/www.upo.es\/diario\/wp-content\/uploads\/2022\/10\/Cong-Int-Educ-DDHH_inaug-mesa-385x217.jpg 385w, https:\/\/www.upo.es\/diario\/wp-content\/uploads\/2022\/10\/Cong-Int-Educ-DDHH_inaug-mesa-750x422.jpg 750w, https:\/\/www.upo.es\/diario\/wp-content\/uploads\/2022\/10\/Cong-Int-Educ-DDHH_inaug-mesa-768x432.jpg 768w, https:\/\/www.upo.es\/diario\/wp-content\/uploads\/2022\/10\/Cong-Int-Educ-DDHH_inaug-mesa-1536x864.jpg 1536w, https:\/\/www.upo.es\/diario\/wp-content\/uploads\/2022\/10\/Cong-Int-Educ-DDHH_inaug-mesa-2048x1152.jpg 2048w\" sizes=\"auto, (max-width: 385px) 100vw, 385px\" \/><\/a>Adem\u00e1s, han estado presentes en la presentaci\u00f3n del Congreso internacional, <strong>Ant\u00f3n Leis Garc\u00eda<\/strong>, director de la Agencia Espa\u00f1ola de Cooperaci\u00f3n Internacional para el Desarrollo; <strong>Enric Millo<\/strong>, secretario general de Acci\u00f3n Exterior de la Junta de Andaluc\u00eda; <strong>Antonio \u00c1ngel Asensio<\/strong>, presidente de la Fundaci\u00f3n Universidad Empresa y vicepresidente de la C\u00e1mara de Comercio de Espa\u00f1a; <strong>Pablo F\u00e9lix del Cueto<\/strong>, director de Talento y Gesti\u00f3n del Conocimiento de Acciona; y <strong>David Cobos<\/strong>, vicerrector de Cultura y Pol\u00edticas Sociales de la Universidad Pablo de Olavide .<\/p>\n<p>El Congreso Internacional, al que asisten representantes de las 28 universidades de 16 pa\u00edses que conforman la Red Iberoamericana de Universidades comprometidas con la educaci\u00f3n en Derechos Humanos y ciudadan\u00eda inclusiva, se celebrar\u00e1 en el campus de la UPO hasta el pr\u00f3ximo viernes. El programa ha sido estructurado en torno a ocho paneles de expertos y terminar\u00e1 con una sesi\u00f3n de conclusiones y futuros proyectos de la C\u00e1tedra, base con la que ser\u00e1 elaborado un informe destinado a instituciones y empresas internacionales. La conferencia de clausura ser\u00e1 impartida por <strong>Joan Subirats<\/strong>, ministro de Universidades, con el t\u00edtulo \u2018Las redes de Universidades entre Latinoam\u00e9rica y Europa como base para la construcci\u00f3n del Espacio Iberoamericano del Conocimiento\u2019.<\/p>\n<p>Las universidades que participan en el encuentro internacional, y que componen la <strong>Red Iberoamericana de Universidades comprometidas con la educaci\u00f3n en Derechos Humanos y ciudadan\u00eda inclusiva<\/strong>, son:<\/p>\n<ol>\n<li>UNAM (M\u00e9xico)<\/li>\n<li>UPAEP (M\u00e9xico)<\/li>\n<li>San Carlos de Guatemala<\/li>\n<li>UCA del Salvador<\/li>\n<li>Universidad Nacional de Costa Rica<\/li>\n<li>Universidad Nacional de Santo Domingo<\/li>\n<li>U. Nacional de Panam\u00e1<\/li>\n<li>U. San Marcos (Per\u00fa)<\/li>\n<li>Pontificia Universidad Cat\u00f3lica de Per\u00fa<\/li>\n<li>U. de Ambato de Educador<\/li>\n<li>U. Sim\u00f3n Bol\u00edvar de Ecuador<\/li>\n<li>U. Nacional de Colombia<\/li>\n<li>U. Pedag\u00f3gica de Colombia<\/li>\n<li>U. del Rosario de Colombia<\/li>\n<li>U. de San Andr\u00e9s de Bolivia<\/li>\n<li>U. de Chile<\/li>\n<li>U. del B\u00edo-B\u00edo de Chile<\/li>\n<li>U. Fluminense de Rio de Janeiro<\/li>\n<li>U. de Paran\u00e1 de Curitiba de Brasil<\/li>\n<li>U. Nacional de C\u00f3rdoba de Argentina<\/li>\n<li>U. de Buenos Aires de Argentina<\/li>\n<li>U. Nacional de Uruguay<\/li>\n<li>U. de Nova Lisboa de Portugal<\/li>\n<li>U. de Mi\u00f1o de Portugal,<\/li>\n<li>UNED<\/li>\n<li>Universidad de C\u00e1diz<\/li>\n<li>U. Camilo Jos\u00e9 Cela<\/li>\n<li>Universidad Pablo Olavide, de Sevilla (coordinadora).<\/li>\n<\/ol>\n<p>M\u00e1s informaci\u00f3n y programa del Congreso: <a href=\"http:\/\/www.ciedh.org\">www.ciedh.org<\/a><\/p>\n","protected":false},"excerpt":{"rendered":"<p>Representantes de 28 universidades de 16 pa\u00edses iberoamericanos comprometidas con la educaci\u00f3n en Derechos Humanos se dan cita en el campus de la UPO en un Congreso organizado por la C\u00e1tedra Iberoamericana de Educaci\u00f3n en Derechos Humanos y Ciudadan\u00eda Cr\u00edtica para el Desarrollo Sostenible.<\/p>\n","protected":false},"author":6,"featured_media":30875365,"comment_status":"closed","ping_status":"open","sticky":false,"template":"","format":"standard","meta":{"_monsterinsights_skip_tracking":false,"_monsterinsights_sitenote_active":false,"_monsterinsights_sitenote_note":"","_monsterinsights_sitenote_category":0,"footnotes":""},"categories":[6],"tags":[1880,624,5150,92,4021,1765,805,38,7194],"class_list":["post-30875364","post","type-post","status-publish","format-standard","has-post-thumbnail","hentry","category-institucional","tag-congreso-internacional","tag-cooperacion","tag-david-cobos-sanchiz","tag-derechos-humanos","tag-francisco-oliva-blazquez","tag-guillermo-dominguez","tag-iberoamerica","tag-rector","tag-vicerrectorado-de-cultura-y-politicas-sociales"],"_links":{"self":[{"href":"https:\/\/www.upo.es\/diario\/wp-json\/wp\/v2\/posts\/30875364","targetHints":{"allow":["GET"]}}],"collection":[{"href":"https:\/\/www.upo.es\/diario\/wp-json\/wp\/v2\/posts"}],"about":[{"href":"https:\/\/www.upo.es\/diario\/wp-json\/wp\/v2\/types\/post"}],"author":[{"embeddable":true,"href":"https:\/\/www.upo.es\/diario\/wp-json\/wp\/v2\/users\/6"}],"replies":[{"embeddable":true,"href":"https:\/\/www.upo.es\/diario\/wp-json\/wp\/v2\/comments?post=30875364"}],"version-history":[{"count":7,"href":"https:\/\/www.upo.es\/diario\/wp-json\/wp\/v2\/posts\/30875364\/revisions"}],"predecessor-version":[{"id":30875413,"href":"https:\/\/www.upo.es\/diario\/wp-json\/wp\/v2\/posts\/30875364\/revisions\/30875413"}],"wp:featuredmedia":[{"embeddable":true,"href":"https:\/\/www.upo.es\/diario\/wp-json\/wp\/v2\/media\/30875365"}],"wp:attachment":[{"href":"https:\/\/www.upo.es\/diario\/wp-json\/wp\/v2\/media?parent=30875364"}],"wp:term":[{"taxonomy":"category","embeddable":true,"href":"https:\/\/www.upo.es\/diario\/wp-json\/wp\/v2\/categories?post=30875364"},{"taxonomy":"post_tag","embeddable":true,"href":"https:\/\/www.upo.es\/diario\/wp-json\/wp\/v2\/tags?post=30875364"}],"curies":[{"name":"wp","href":"https:\/\/api.w.org\/{rel}","templated":true}]}}