{"id":30875374,"date":"2022-10-06T13:49:27","date_gmt":"2022-10-06T11:49:27","guid":{"rendered":"https:\/\/www.upo.es\/diario\/?p=30875374"},"modified":"2022-10-11T17:02:21","modified_gmt":"2022-10-11T15:02:21","slug":"bioalverde-consumo-mas-justo-saludable","status":"publish","type":"post","link":"https:\/\/www.upo.es\/diario\/cultura-social\/2022\/10\/bioalverde-consumo-mas-justo-saludable\/","title":{"rendered":"La UPO y BioAlverde impulsar\u00e1n un consumo m\u00e1s justo y saludable entre la comunidad universitaria"},"content":{"rendered":"<figure id=\"attachment_30875376\" aria-describedby=\"caption-attachment-30875376\" style=\"width: 750px\" class=\"wp-caption aligncenter\"><a href=\"https:\/\/www.upo.es\/diario\/wp-content\/uploads\/2022\/10\/consumo-justo-saludable-UPO-BioAlverde-scaled.jpg\"><img loading=\"lazy\" decoding=\"async\" class=\"size-large wp-image-30875376\" src=\"https:\/\/www.upo.es\/diario\/wp-content\/uploads\/2022\/10\/consumo-justo-saludable-UPO-BioAlverde-750x422.jpg\" alt=\"David Cobos, Fernando Rodr\u00edguez y Antonio Fern\u00e1ndez\" width=\"750\" height=\"422\" srcset=\"https:\/\/www.upo.es\/diario\/wp-content\/uploads\/2022\/10\/consumo-justo-saludable-UPO-BioAlverde-750x422.jpg 750w, https:\/\/www.upo.es\/diario\/wp-content\/uploads\/2022\/10\/consumo-justo-saludable-UPO-BioAlverde-385x217.jpg 385w, https:\/\/www.upo.es\/diario\/wp-content\/uploads\/2022\/10\/consumo-justo-saludable-UPO-BioAlverde-768x432.jpg 768w, https:\/\/www.upo.es\/diario\/wp-content\/uploads\/2022\/10\/consumo-justo-saludable-UPO-BioAlverde-1536x864.jpg 1536w, https:\/\/www.upo.es\/diario\/wp-content\/uploads\/2022\/10\/consumo-justo-saludable-UPO-BioAlverde-2048x1152.jpg 2048w, https:\/\/www.upo.es\/diario\/wp-content\/uploads\/2022\/10\/consumo-justo-saludable-UPO-BioAlverde-1320x743.jpg 1320w\" sizes=\"auto, (max-width: 750px) 100vw, 750px\" \/><\/a><figcaption id=\"caption-attachment-30875376\" class=\"wp-caption-text\">David Cobos, Fernando Rodr\u00edguez y Antonio Fern\u00e1ndez en la presentaci\u00f3n de &#8216;UPO: Hacia un consumo + justo &amp; + saludable\u2019<\/figcaption><\/figure>\n<p>BioAlverde, empresa de inserci\u00f3n social sin \u00e1nimo de lucro, y la Universidad Pablo de Olavide colaborar\u00e1n para impulsar un consumo m\u00e1s justo y saludable, concienciando sobre la importancia de la econom\u00eda circular y del reciclaje, facilitando as\u00ed mismo el acceso a productos ecol\u00f3gicos de proximidad. <strong>Antonio Fern\u00e1ndez, vicerrector de Campus Saludable y Deporte de la UPO, y Fernando Rodr\u00edguez, gerente de BioAlverde, han presentado esta ma\u00f1ana el programa conjunto de actividades bajo el lema \u2018UPO: Hacia un consumo + justo &amp; + saludable\u2019<\/strong>.<\/p>\n<p>El proyecto, que cuenta con la colaboraci\u00f3n del Vicerrectorado de Cultura y Pol\u00edticas Sociales, contempla <strong>actividades de divulgaci\u00f3n sobre las ventajas de una alimentaci\u00f3n m\u00e1s saludable y sostenible<\/strong>, como charlas, talleres o visitas al huerto ecol\u00f3gico de Bioalverde, una finca de 30 hect\u00e1reas situada en Olivar de Quintos. Por otro lado, se realizar\u00e1n acciones de sensibilizaci\u00f3n sobre la importancia de un <strong>consumo responsable, facilitando el reciclaje textil<\/strong>. La industria de la moda es la tercera m\u00e1s contaminante. As\u00ed, ser\u00e1 promovida la recogida de ropa en el campus en los meses de noviembre y marzo, coincidiendo con los cambios estacionales en los que suelen renovarse la mayor\u00eda de las prendas de vestir.<\/p>\n<p>Adem\u00e1s, la Universidad Pablo de Olavide promover\u00e1 un consumo ecol\u00f3gico y saludable, facilitando a la comunidad universitaria el <strong>acceso a productos de Bioalverde, con descuentos, la distribuci\u00f3n de una cesta de alimentos especialmente dise\u00f1ada para estudiantes universitarios y un punto de recogida en el campus<\/strong>. La Oficina de Voluntariado y Solidaridad de la UPO ser\u00e1 la encargada de coordinar este punto de distribuci\u00f3n de Bioalverde en la Universidad.<\/p>\n<p>\u201cSe trata de un proyecto ilusionante que conecta con nuestra idea del fomento de los h\u00e1bitos saludables, unos h\u00e1bitos basados en la ecolog\u00eda, la solidaridad y la econom\u00eda circular\u201d, ha afirmado Antonio Fern\u00e1ndez en la presentaci\u00f3n de \u2018UPO: Hacia un consumo + justo &amp; + saludable\u2019. \u201cDetr\u00e1s de lo que consumimos y de c\u00f3mo consumimos hay una responsabilidad\u201d, ha concluido.<\/p>\n<p>Por su parte, Fernando Rodr\u00edguez ha afirmado que \u201ces imprescindible, para nuestros objetivos de concienciaci\u00f3n medioambiental e inserci\u00f3n social, acuerdos de colaboraci\u00f3n como el que firmamos hoy d\u00f3nde encontramos un fuerte apoyo en una instituci\u00f3n tan relevante como la universidad para promoverlos\u201d.<\/p>\n<p><a href=\"http:\/\/bioalverde.com\/quienes-somos-2\/\">BioAlverde<\/a> es una empresa de econom\u00eda social situada en Dos Hermanas dedicada desde 2016 a la producci\u00f3n ecol\u00f3gica, gracias a su huerto propio, y al reciclaje y reutilizaci\u00f3n de productos textiles, con una tienda de ropa de segunda mano o fabricada a partir de materiales reciclados situada en la Plaza del Salvador.<\/p>\n<p>&nbsp;<\/p>\n","protected":false},"excerpt":{"rendered":"<p>BioAlverde, empresa de inserci\u00f3n social sin \u00e1nimo de lucro, y la Universidad Pablo de Olavide colaborar\u00e1n para impulsar un consumo m\u00e1s justo y saludable, concienciando sobre la importancia de la econom\u00eda circular y del reciclaje, facilitando as\u00ed mismo el acceso a productos ecol\u00f3gicos de proximidad. Antonio Fern\u00e1ndez, vicerrector de Campus Saludable y Deporte de la UPO, y Fernando Rodr\u00edguez, gerente de BioAlverde, han presentado esta ma\u00f1ana el programa conjunto de actividades bajo el lema \u2018UPO: Hacia un consumo + justo &#038; + saludable\u2019.<\/p>\n","protected":false},"author":6,"featured_media":30875376,"comment_status":"closed","ping_status":"open","sticky":false,"template":"","format":"standard","meta":{"_monsterinsights_skip_tracking":false,"_monsterinsights_sitenote_active":false,"_monsterinsights_sitenote_note":"","_monsterinsights_sitenote_category":0,"footnotes":""},"categories":[5843],"tags":[3228,7428,5150,6394,2436,447,832,7253,7194],"class_list":["post-30875374","post","type-post","status-publish","format-standard","has-post-thumbnail","hentry","category-cultura-social","tag-agricultura-ecologica","tag-antonio-fernandez-martinez","tag-david-cobos-sanchiz","tag-economia-circular","tag-economia-social","tag-reciclaje","tag-sostenibilidad","tag-vicerrectorado-de-campus-saludable-y-deporte","tag-vicerrectorado-de-cultura-y-politicas-sociales"],"_links":{"self":[{"href":"https:\/\/www.upo.es\/diario\/wp-json\/wp\/v2\/posts\/30875374","targetHints":{"allow":["GET"]}}],"collection":[{"href":"https:\/\/www.upo.es\/diario\/wp-json\/wp\/v2\/posts"}],"about":[{"href":"https:\/\/www.upo.es\/diario\/wp-json\/wp\/v2\/types\/post"}],"author":[{"embeddable":true,"href":"https:\/\/www.upo.es\/diario\/wp-json\/wp\/v2\/users\/6"}],"replies":[{"embeddable":true,"href":"https:\/\/www.upo.es\/diario\/wp-json\/wp\/v2\/comments?post=30875374"}],"version-history":[{"count":2,"href":"https:\/\/www.upo.es\/diario\/wp-json\/wp\/v2\/posts\/30875374\/revisions"}],"predecessor-version":[{"id":30875377,"href":"https:\/\/www.upo.es\/diario\/wp-json\/wp\/v2\/posts\/30875374\/revisions\/30875377"}],"wp:featuredmedia":[{"embeddable":true,"href":"https:\/\/www.upo.es\/diario\/wp-json\/wp\/v2\/media\/30875376"}],"wp:attachment":[{"href":"https:\/\/www.upo.es\/diario\/wp-json\/wp\/v2\/media?parent=30875374"}],"wp:term":[{"taxonomy":"category","embeddable":true,"href":"https:\/\/www.upo.es\/diario\/wp-json\/wp\/v2\/categories?post=30875374"},{"taxonomy":"post_tag","embeddable":true,"href":"https:\/\/www.upo.es\/diario\/wp-json\/wp\/v2\/tags?post=30875374"}],"curies":[{"name":"wp","href":"https:\/\/api.w.org\/{rel}","templated":true}]}}