{"id":30875391,"date":"2022-10-05T21:35:38","date_gmt":"2022-10-05T19:35:38","guid":{"rendered":"https:\/\/www.upo.es\/diario\/?p=30875391"},"modified":"2022-10-06T15:44:59","modified_gmt":"2022-10-06T13:44:59","slug":"con-la-coenzima-q10-se-podria-detectar-el-envejecimiento-cerebral-en-un-analisis-de-sangre","status":"publish","type":"post","link":"https:\/\/www.upo.es\/diario\/theconversation\/2022\/10\/con-la-coenzima-q10-se-podria-detectar-el-envejecimiento-cerebral-en-un-analisis-de-sangre\/","title":{"rendered":"Con la coenzima Q10 se podr\u00eda detectar el envejecimiento cerebral en un an\u00e1lisis de sangre"},"content":{"rendered":"<figure id=\"attachment_30875396\" aria-describedby=\"caption-attachment-30875396\" style=\"width: 750px\" class=\"wp-caption aligncenter\"><a href=\"https:\/\/theconversation.com\/profiles\/cristina-fernandez-portero-1321664\"><img loading=\"lazy\" decoding=\"async\" class=\"wp-image-30875396 size-large\" src=\"https:\/\/www.upo.es\/diario\/wp-content\/uploads\/2022\/10\/Q10-750x490.jpg\" alt=\"\" width=\"750\" height=\"490\" srcset=\"https:\/\/www.upo.es\/diario\/wp-content\/uploads\/2022\/10\/Q10-750x490.jpg 750w, https:\/\/www.upo.es\/diario\/wp-content\/uploads\/2022\/10\/Q10-385x251.jpg 385w, https:\/\/www.upo.es\/diario\/wp-content\/uploads\/2022\/10\/Q10-768x501.jpg 768w, https:\/\/www.upo.es\/diario\/wp-content\/uploads\/2022\/10\/Q10-165x109.jpg 165w, https:\/\/www.upo.es\/diario\/wp-content\/uploads\/2022\/10\/Q10-1320x862.jpg 1320w, https:\/\/www.upo.es\/diario\/wp-content\/uploads\/2022\/10\/Q10.jpg 1383w\" sizes=\"auto, (max-width: 750px) 100vw, 750px\" \/><\/a><figcaption id=\"caption-attachment-30875396\" class=\"wp-caption-text\">Shutterstock \/ CeltStudio<\/figcaption><\/figure>\n<p><a href=\"https:\/\/theconversation.com\/profiles\/cristina-fernandez-portero-1321664\"><img loading=\"lazy\" decoding=\"async\" class=\"aligncenter size-large wp-image-30875394\" src=\"https:\/\/www.upo.es\/diario\/wp-content\/uploads\/2022\/10\/TheConversation_20221005_2.jpg\" alt=\"\" width=\"1\" height=\"1\" \/>Cristina Fern\u00e1ndez Portero<\/a>, <em><a href=\"https:\/\/theconversation.com\/institutions\/universidad-pablo-de-olavide-1362\">Universidad Pablo de Olavide<\/a><\/em> y <a href=\"https:\/\/theconversation.com\/profiles\/guillermo-lopez-lluch-1122562\">Guillermo L\u00f3pez Lluch<\/a>, <em><a href=\"https:\/\/theconversation.com\/institutions\/universidad-pablo-de-olavide-1362\">Universidad Pablo de Olavide<\/a><\/em><\/p>\n<p>En un an\u00e1lisis de sangre medimos los niveles de glucosa para detectar diabetes, los de colesterol para prevenir enfermedades cardiovasculares, las enzimas hep\u00e1ticas para detectar un da\u00f1o en el h\u00edgado o ciertos marcadores como la PSA para detectar c\u00e1ncer.<\/p>\n<p>Pero, \u00bfqu\u00e9 hay del deterioro cognitivo? \u00bfHay alg\u00fan biomarcador que nos indique c\u00f3mo de envejecido est\u00e1 nuestro cerebro? Nuevos estudios apuntan a que la coenzima Q10 es una interesante candidata.<\/p>\n<h3>Un siglo del descubrimiento del alzh\u00e9imer y sigue sin tratamiento<\/h3>\n<p>Hace m\u00e1s de un siglo que se empez\u00f3 a hablar del alzh\u00e9imer y a\u00fan nos sigue dando quebraderos de cabeza. Sobre todo \u00faltimamente, con una poblaci\u00f3n cada vez m\u00e1s envejecida y el consiguiente crecimiento de las enfermedades propias de la edad avanzada.<\/p>\n<p>La realidad es que, pese al empe\u00f1o de los investigadores, las terapias cl\u00ednicas abordadas hasta el momento para combatir el deterioro cognitivo han fracasado. Incluso, recientemente, <a href=\"https:\/\/theconversation.com\/hay-motivos-para-sospechar-que-el-alzheimer-podria-ser-una-enfermedad-autoinmune-190998\">se han puesto en cuesti\u00f3n los datos de ciertos estudios que enfocaron las posibles terapias a la acumulaci\u00f3n de prote\u00edna amiloide o de ovillos tau<\/a>, dos de los procesos moleculares y celulares m\u00e1s comunes en el alzh\u00e9imer, pero tambi\u00e9n en el envejecimiento no patol\u00f3gico.<\/p>\n<p>El desaf\u00edo ahora es analizar en profundidad otros procesos diferentes que puedan estar relacionados con la p\u00e9rdida de funcionalidad asociada a la demencia senil. Entre ellos, el <a href=\"https:\/\/www.sciencedirect.com\/science\/article\/abs\/pii\/S0197018621003144?via%3Dihub\">da\u00f1o oxidativo<\/a>, <a href=\"https:\/\/www.mdpi.com\/1422-0067\/23\/18\/10572\">la inflamaci\u00f3n cr\u00f3nica<\/a> e incluso las <a href=\"https:\/\/www.imrpress.com\/journal\/JIN\/21\/2\/10.31083\/j.jin2102073\">infecciones bacterianas<\/a>. Este enfoque podr\u00eda conducirnos, qui\u00e9n sabe, a otro tipo de terapias m\u00e1s efectivas.<\/p>\n<h3>Probar tratamientos en personas mayores no es nada f\u00e1cil<\/h3>\n<p>Los eventos que <a href=\"https:\/\/www.ncbi.nlm.nih.gov\/pmc\/articles\/PMC6179011\/\">ocurren durante el envejecimiento son muy complejos<\/a>, y adem\u00e1s no siempre evoluciona igual. Cada c\u00e9lula, tejido u \u00f3rgano va perdiendo funcionalidad de maneras y a velocidades diferentes. Por eso cuesta tanto encontrar un factor com\u00fan hacia el que dirigir las posibles terapias.<\/p>\n<p>Por otra parte, por razones obvias, los estudios cl\u00ednicos realizados con seres humanos no permiten abordar intervenciones que puedan producirles da\u00f1o. Deben estar avalados por estudios precl\u00ednicos previos que permitan comenzar el tratamiento con humanos con cierta seguridad. A\u00fan as\u00ed, en la primera fase de un estudio cl\u00ednico siempre se estudia la seguridad del tratamiento y se aborda sobre una peque\u00f1a poblaci\u00f3n. Pero claro, el riesgo de que en personas mayores aparezcan se\u00f1ales de deterioro de la salud, independientes del tratamiento, es alto. Por eso a partir de ciertas edades ni siquiera se considera a estos pacientes como candidatos a un estudio cl\u00ednico.<\/p>\n<p>\u00bfQu\u00e9 nos queda entonces con las personas muy mayores? Pues estudios observacionales donde se analizan los resultados obtenidos a partir de muestras f\u00e1ciles de obtener, como la sangre, y de procedimientos livianos que no produzcan da\u00f1o en los participantes. A veces son estudios puntuales y otras estudios longitudinales que siguen a una poblaci\u00f3n durante a\u00f1os.<\/p>\n<p>Aunque sabemos que correlaci\u00f3n no implica necesariamente causalidad, s\u00ed podemos usar biomarcadores para detectar la diabetes o el riesgo de enfermedades cardiovasculares. De ah\u00ed el inter\u00e9s de encontrar el equivalente para las enfermedades neurodegenerativas.<\/p>\n<h3>\u00bfPodr\u00eda ser la coenzima Q10 un marcador de deterioro cognitivo?<\/h3>\n<p>La coenzima Q10 (CoQ10) es una mol\u00e9cula esencial para la vida. No existe ning\u00fan organismo en la Tierra que no contenga esta mol\u00e9cula o alguna de sus variantes. No solo resulta esencial para la generaci\u00f3n de energ\u00eda por parte de las mitocondrias, sino tambi\u00e9n para proteger las membranas celulares y el colesterol del plasma sangu\u00edneo de la oxidaci\u00f3n.<\/p>\n<p>Es comprensible, por tanto, que su deficiencia ocasione <a href=\"https:\/\/www.sciencedirect.com\/science\/article\/abs\/pii\/S0891584921001441?via%3Dihub\">un deterioro de la funcionalidad del cerebelo, el o\u00eddo, el m\u00fasculo y el ri\u00f1\u00f3n<\/a>. Incluso puede provocar la muerte a edades muy tempranas.<\/p>\n<p>A lo largo de la vida los niveles de CoQ10 van descendiendo a diferente velocidad dependiendo de los \u00f3rganos. En la sangre estos niveles no presentan una relaci\u00f3n clara con la edad <a href=\"https:\/\/www.mdpi.com\/2076-3921\/11\/2\/279\">aunque s\u00ed con la capacidad f\u00edsica<\/a>. Adem\u00e1s, nuestro reciente estudio ha demostrado que <a href=\"https:\/\/academic.oup.com\/biomedgerontology\/article-lookup\/doi\/10.1093\/gerona\/glac152\">los niveles de CoQ10 en la sangre est\u00e1n muy relacionados con la capacidad ejecutiva y cognitiva en personas mayores<\/a>. Sorprendentemente, menores niveles de CoQ10 en plasma se asociaron con mayor riesgo de demencia y menor capacidad ejecutiva.<\/p>\n<p>\u00bfPor qu\u00e9? Una posible explicaci\u00f3n es que el CoQ10 del plasma influye directamente sobre las c\u00e9lulas que revisten los vasos sangu\u00edneos, conocidas como endotelio vascular. En el cerebro, este endotelio (barrera hematoencef\u00e1lica) est\u00e1 muy especializado y controla el tr\u00e1nsito de sustancias y c\u00e9lulas desde la sangre. Y resulta que durante el envejecimiento <a href=\"https:\/\/www.ncbi.nlm.nih.gov\/pmc\/articles\/PMC8052565\/\">aumenta su permeabilidad, influyendo en los procesos degenerativos<\/a>.<\/p>\n<p>Afortunadamente, existen enzimas <a href=\"https:\/\/www.mdpi.com\/2072-6643\/12\/4\/1098\">implicadas en la protecci\u00f3n antioxidante de las c\u00e9lulas endoteliales<\/a>, aunque para funcionar requieren de CoQ10. De ah\u00ed se deduce que altos niveles de CoQ10 circulante en la sangre preservar\u00edan la capacidad de la barrera hematoencef\u00e1lica durante el envejecimiento, previniendo as\u00ed las enfermedades neurodegenerativas.<\/p>\n<p>Aunque hacen falta m\u00e1s estudios que lo confirmen, todo apunta a que la CoQ10 puede ser un excelente marcador del deterioro cognitivo.<!-- Below is The Conversation's page counter tag. Please DO NOT REMOVE. --><img loading=\"lazy\" decoding=\"async\" style=\"border: none !important; box-shadow: none !important; margin: 0 !important; max-height: 1px !important; max-width: 1px !important; min-height: 1px !important; min-width: 1px !important; opacity: 0 !important; outline: none !important; padding: 0 !important;\" src=\"https:\/\/counter.theconversation.com\/content\/190353\/count.gif?distributor=republish-lightbox-basic\" alt=\"The Conversation\" width=\"1\" height=\"1\" \/><!-- Fin del c\u00f3digo. Si no ve ning\u00fan c\u00f3digo arriba, por favor, obtenga el nuevo c\u00f3digo de la pesta\u00f1a Avanzado despu\u00e9s de hacer clic en el bot\u00f3n de republicar. El contador de p\u00e1ginas no recoge ning\u00fan dato personal. M\u00e1s informaci\u00f3n: http:\/\/theconversation.com\/es\/republishing-guidelines --><\/p>\n<p><a href=\"https:\/\/theconversation.com\/profiles\/cristina-fernandez-portero-1321664\">Cristina Fern\u00e1ndez Portero<\/a>, Associate professor, <em><a href=\"https:\/\/theconversation.com\/institutions\/universidad-pablo-de-olavide-1362\">Universidad Pablo de Olavide<\/a><\/em> y <a href=\"https:\/\/theconversation.com\/profiles\/guillermo-lopez-lluch-1122562\">Guillermo L\u00f3pez Lluch<\/a>, Catedr\u00e1tico del \u00e1rea de Biolog\u00eda Celular. Investigador asociado del Centro Andaluz de Biolog\u00eda del Desarrollo. Investigador en metabolismo, envejecimiento y sistemas inmunol\u00f3gicos y antioxidantes., <em><a href=\"https:\/\/theconversation.com\/institutions\/universidad-pablo-de-olavide-1362\">Universidad Pablo de Olavide<\/a><\/em><\/p>\n<p>Este art\u00edculo fue publicado originalmente en <a href=\"https:\/\/theconversation.com\">The Conversation<\/a>. Lea el <a href=\"https:\/\/theconversation.com\/con-la-coenzima-q10-se-podria-detectar-el-envejecimiento-cerebral-en-un-analisis-de-sangre-190353\">original<\/a>.<\/p>\n","protected":false},"excerpt":{"rendered":"<p>Cristina Fern\u00e1ndez Portero, Universidad Pablo de Olavide y Guillermo L\u00f3pez Lluch, Universidad Pablo de Olavide En un an\u00e1lisis de sangre medimos los niveles de glucosa para detectar diabetes, los de colesterol para prevenir enfermedades cardiovasculares, las enzimas hep\u00e1ticas para detectar un da\u00f1o en el h\u00edgado o ciertos marcadores como la PSA para detectar c\u00e1ncer. Pero, \u00bfqu\u00e9 hay del deterioro cognitivo?<a class=\"read-more\" href=\"https:\/\/www.upo.es\/diario\/theconversation\/2022\/10\/con-la-coenzima-q10-se-podria-detectar-el-envejecimiento-cerebral-en-un-analisis-de-sangre\/\">[Read More&#8230;]<\/a><\/p>\n","protected":false},"author":6,"featured_media":30875396,"comment_status":"closed","ping_status":"open","sticky":false,"template":"","format":"standard","meta":{"_monsterinsights_skip_tracking":false,"_monsterinsights_sitenote_active":false,"_monsterinsights_sitenote_note":"","_monsterinsights_sitenote_category":0,"footnotes":""},"categories":[5390],"tags":[272,472,2413,2635,1127],"class_list":["post-30875391","post","type-post","status-publish","format-standard","has-post-thumbnail","hentry","category-theconversation","tag-alzheimer","tag-biologia-molecular","tag-cerebro","tag-coenzima-q10","tag-deterioro-cognitivo"],"_links":{"self":[{"href":"https:\/\/www.upo.es\/diario\/wp-json\/wp\/v2\/posts\/30875391","targetHints":{"allow":["GET"]}}],"collection":[{"href":"https:\/\/www.upo.es\/diario\/wp-json\/wp\/v2\/posts"}],"about":[{"href":"https:\/\/www.upo.es\/diario\/wp-json\/wp\/v2\/types\/post"}],"author":[{"embeddable":true,"href":"https:\/\/www.upo.es\/diario\/wp-json\/wp\/v2\/users\/6"}],"replies":[{"embeddable":true,"href":"https:\/\/www.upo.es\/diario\/wp-json\/wp\/v2\/comments?post=30875391"}],"version-history":[{"count":3,"href":"https:\/\/www.upo.es\/diario\/wp-json\/wp\/v2\/posts\/30875391\/revisions"}],"predecessor-version":[{"id":30875397,"href":"https:\/\/www.upo.es\/diario\/wp-json\/wp\/v2\/posts\/30875391\/revisions\/30875397"}],"wp:featuredmedia":[{"embeddable":true,"href":"https:\/\/www.upo.es\/diario\/wp-json\/wp\/v2\/media\/30875396"}],"wp:attachment":[{"href":"https:\/\/www.upo.es\/diario\/wp-json\/wp\/v2\/media?parent=30875391"}],"wp:term":[{"taxonomy":"category","embeddable":true,"href":"https:\/\/www.upo.es\/diario\/wp-json\/wp\/v2\/categories?post=30875391"},{"taxonomy":"post_tag","embeddable":true,"href":"https:\/\/www.upo.es\/diario\/wp-json\/wp\/v2\/tags?post=30875391"}],"curies":[{"name":"wp","href":"https:\/\/api.w.org\/{rel}","templated":true}]}}