{"id":30875419,"date":"2022-10-07T12:29:08","date_gmt":"2022-10-07T10:29:08","guid":{"rendered":"https:\/\/www.upo.es\/diario\/?p=30875419"},"modified":"2022-10-13T15:49:25","modified_gmt":"2022-10-13T13:49:25","slug":"el-ministro-de-universidades-visita-la-residencia-flora-tristan","status":"publish","type":"post","link":"https:\/\/www.upo.es\/diario\/cultura-social\/2022\/10\/el-ministro-de-universidades-visita-la-residencia-flora-tristan\/","title":{"rendered":"El ministro de Universidades visita la Residencia Flora Trist\u00e1n"},"content":{"rendered":"<figure id=\"attachment_30875426\" aria-describedby=\"caption-attachment-30875426\" style=\"width: 750px\" class=\"wp-caption aligncenter\"><a href=\"https:\/\/www.upo.es\/diario\/wp-content\/uploads\/2022\/10\/Visita-Ministro-Univ-RUFT-4-scaled.jpg\"><img loading=\"lazy\" decoding=\"async\" class=\"wp-image-30875426 size-large\" src=\"https:\/\/www.upo.es\/diario\/wp-content\/uploads\/2022\/10\/Visita-Ministro-Univ-RUFT-4-750x490.jpg\" alt=\"\" width=\"750\" height=\"490\" srcset=\"https:\/\/www.upo.es\/diario\/wp-content\/uploads\/2022\/10\/Visita-Ministro-Univ-RUFT-4-750x490.jpg 750w, https:\/\/www.upo.es\/diario\/wp-content\/uploads\/2022\/10\/Visita-Ministro-Univ-RUFT-4-385x252.jpg 385w, https:\/\/www.upo.es\/diario\/wp-content\/uploads\/2022\/10\/Visita-Ministro-Univ-RUFT-4-768x502.jpg 768w, https:\/\/www.upo.es\/diario\/wp-content\/uploads\/2022\/10\/Visita-Ministro-Univ-RUFT-4-1536x1004.jpg 1536w, https:\/\/www.upo.es\/diario\/wp-content\/uploads\/2022\/10\/Visita-Ministro-Univ-RUFT-4-2048x1339.jpg 2048w\" sizes=\"auto, (max-width: 750px) 100vw, 750px\" \/><\/a><figcaption id=\"caption-attachment-30875426\" class=\"wp-caption-text\">Francisco Oliva, Joan Subirats y Mar\u00eda Luisa G\u00f3mez<\/figcaption><\/figure>\n<p>El ministro de Universidades, <strong>Joan Subirats Humet<\/strong>, acompa\u00f1ado del secretario general de Universidades, <strong>Jos\u00e9 Manuel Pingarr\u00f3n Carraz\u00f3n<\/strong>, ha visitado esta ma\u00f1ana la Residencia Universitaria Flora Trist\u00e1n, el proyecto de innovaci\u00f3n social que despliega la Universidad Pablo de Olavide en el Pol\u00edgono Sur de Sevilla.<\/p>\n<p>Subirats ha sido recibido por el rector de la UPO, <strong>Francisco Oliva Bl\u00e1zquez<\/strong>, el vicerrector de Cultura y Pol\u00edticas Sociales, <strong>David Cobos Sanchiz<\/strong>, la directora de la Residencia, <strong>Esther Prieto Jim\u00e9nez,<\/strong> as\u00ed como por residentes y personal de la instituci\u00f3n vinculado al proyecto. La teniente de alcalde delegada del \u00c1rea de Limpieza p\u00fablica y Educaci\u00f3n, <strong>Mar\u00eda Luisa G\u00f3mez Casta\u00f1o<\/strong>, y el teniente de alcalde delegado del \u00c1rea de Juventud, Ciencia y Universidades y Cooperaci\u00f3n al Desarrollo, <strong>Juan Antonio Barrionuevo Fern\u00e1ndez<\/strong>, del Ayuntamiento de Sevilla, han participado, asimismo, en el encuentro.<\/p>\n<figure id=\"attachment_30875425\" aria-describedby=\"caption-attachment-30875425\" style=\"width: 385px\" class=\"wp-caption alignleft\"><a href=\"https:\/\/www.upo.es\/diario\/wp-content\/uploads\/2022\/10\/Visita-Ministro-Univ-RUFT-3-scaled.jpg\"><img loading=\"lazy\" decoding=\"async\" class=\"wp-image-30875425 size-medium\" src=\"https:\/\/www.upo.es\/diario\/wp-content\/uploads\/2022\/10\/Visita-Ministro-Univ-RUFT-3-385x217.jpg\" alt=\"\" width=\"385\" height=\"217\" srcset=\"https:\/\/www.upo.es\/diario\/wp-content\/uploads\/2022\/10\/Visita-Ministro-Univ-RUFT-3-385x217.jpg 385w, https:\/\/www.upo.es\/diario\/wp-content\/uploads\/2022\/10\/Visita-Ministro-Univ-RUFT-3-750x422.jpg 750w, https:\/\/www.upo.es\/diario\/wp-content\/uploads\/2022\/10\/Visita-Ministro-Univ-RUFT-3-768x432.jpg 768w, https:\/\/www.upo.es\/diario\/wp-content\/uploads\/2022\/10\/Visita-Ministro-Univ-RUFT-3-1536x864.jpg 1536w, https:\/\/www.upo.es\/diario\/wp-content\/uploads\/2022\/10\/Visita-Ministro-Univ-RUFT-3-2048x1152.jpg 2048w\" sizes=\"auto, (max-width: 385px) 100vw, 385px\" \/><\/a><figcaption id=\"caption-attachment-30875425\" class=\"wp-caption-text\">El ministro conoce los detalles del proyecto de innovaci\u00f3n social de la RUFT<\/figcaption><\/figure>\n<p>Durante su visita, el ministro ha podido conocer de primera mano el trabajo que realiza la Flora, un proyecto que naci\u00f3 en 2003 y que persigue la transformaci\u00f3n social a trav\u00e9s de la convivencia, la solidaridad, la autonom\u00eda, el compromiso o la generaci\u00f3n de ciudadan\u00eda activa, entre otros valores.\u00a0 Con la naturalidad como base y la justicia social como principio que impulsa las acciones que desarrolla, la Residencia Universitaria Flora Trist\u00e1n es actualmente el \u00fanico proyecto que existe en Espa\u00f1a de esta naturaleza.<\/p>\n<p>&nbsp;<\/p>\n","protected":false},"excerpt":{"rendered":"<p>El ministro de Universidades, Joan Subirats Humet, acompa\u00f1ado del secretario general de Universidades, Jos\u00e9 Manuel Pingarr\u00f3n Carraz\u00f3n, ha visitado esta ma\u00f1ana la Residencia Universitaria Flora Trist\u00e1n, el proyecto de innovaci\u00f3n social que despliega la Universidad Pablo de Olavide en el Pol\u00edgono Sur de Sevilla.<\/p>\n","protected":false},"author":15,"featured_media":30875426,"comment_status":"closed","ping_status":"open","sticky":false,"template":"","format":"standard","meta":{"_monsterinsights_skip_tracking":false,"_monsterinsights_sitenote_active":false,"_monsterinsights_sitenote_note":"","_monsterinsights_sitenote_category":0,"footnotes":""},"categories":[5843],"tags":[2359,1172,8038,357,1064,39,297],"class_list":["post-30875419","post","type-post","status-publish","format-standard","has-post-thumbnail","hentry","category-cultura-social","tag-innovacion-social","tag-joan-subirats","tag-ministro","tag-poligono-sur","tag-residencia-flora-tristan","tag-universidades","tag-visita"],"_links":{"self":[{"href":"https:\/\/www.upo.es\/diario\/wp-json\/wp\/v2\/posts\/30875419","targetHints":{"allow":["GET"]}}],"collection":[{"href":"https:\/\/www.upo.es\/diario\/wp-json\/wp\/v2\/posts"}],"about":[{"href":"https:\/\/www.upo.es\/diario\/wp-json\/wp\/v2\/types\/post"}],"author":[{"embeddable":true,"href":"https:\/\/www.upo.es\/diario\/wp-json\/wp\/v2\/users\/15"}],"replies":[{"embeddable":true,"href":"https:\/\/www.upo.es\/diario\/wp-json\/wp\/v2\/comments?post=30875419"}],"version-history":[{"count":4,"href":"https:\/\/www.upo.es\/diario\/wp-json\/wp\/v2\/posts\/30875419\/revisions"}],"predecessor-version":[{"id":30875436,"href":"https:\/\/www.upo.es\/diario\/wp-json\/wp\/v2\/posts\/30875419\/revisions\/30875436"}],"wp:featuredmedia":[{"embeddable":true,"href":"https:\/\/www.upo.es\/diario\/wp-json\/wp\/v2\/media\/30875426"}],"wp:attachment":[{"href":"https:\/\/www.upo.es\/diario\/wp-json\/wp\/v2\/media?parent=30875419"}],"wp:term":[{"taxonomy":"category","embeddable":true,"href":"https:\/\/www.upo.es\/diario\/wp-json\/wp\/v2\/categories?post=30875419"},{"taxonomy":"post_tag","embeddable":true,"href":"https:\/\/www.upo.es\/diario\/wp-json\/wp\/v2\/tags?post=30875419"}],"curies":[{"name":"wp","href":"https:\/\/api.w.org\/{rel}","templated":true}]}}