{"id":30875442,"date":"2022-10-10T12:59:37","date_gmt":"2022-10-10T10:59:37","guid":{"rendered":"https:\/\/www.upo.es\/diario\/?p=30875442"},"modified":"2022-10-17T09:58:43","modified_gmt":"2022-10-17T07:58:43","slug":"mayores-de-24-municipios-comienzan-un-nuevo-curso-en-el-aula-de-mayores-de-la-universidad-pablo-de-olavide","status":"publish","type":"post","link":"https:\/\/www.upo.es\/diario\/cultura-social\/2022\/10\/mayores-de-24-municipios-comienzan-un-nuevo-curso-en-el-aula-de-mayores-de-la-universidad-pablo-de-olavide\/","title":{"rendered":"Mayores de 24 municipios comienzan un nuevo curso en el Aula Abierta de la Universidad Pablo de Olavide"},"content":{"rendered":"<figure id=\"attachment_30875443\" aria-describedby=\"caption-attachment-30875443\" style=\"width: 750px\" class=\"wp-caption aligncenter\"><a href=\"https:\/\/www.upo.es\/diario\/wp-content\/uploads\/2022\/10\/Inaug-Aula-Mayores-UPO_Curso22-23-3-scaled.jpg\"><img loading=\"lazy\" decoding=\"async\" class=\"size-large wp-image-30875443\" src=\"https:\/\/www.upo.es\/diario\/wp-content\/uploads\/2022\/10\/Inaug-Aula-Mayores-UPO_Curso22-23-3-750x422.jpg\" alt=\"inauguraci\u00f3n del Aula Abierta de Mayores 2022\/23\" width=\"750\" height=\"422\" srcset=\"https:\/\/www.upo.es\/diario\/wp-content\/uploads\/2022\/10\/Inaug-Aula-Mayores-UPO_Curso22-23-3-750x422.jpg 750w, https:\/\/www.upo.es\/diario\/wp-content\/uploads\/2022\/10\/Inaug-Aula-Mayores-UPO_Curso22-23-3-385x217.jpg 385w, https:\/\/www.upo.es\/diario\/wp-content\/uploads\/2022\/10\/Inaug-Aula-Mayores-UPO_Curso22-23-3-768x432.jpg 768w, https:\/\/www.upo.es\/diario\/wp-content\/uploads\/2022\/10\/Inaug-Aula-Mayores-UPO_Curso22-23-3-2048x1152.jpg 2048w\" sizes=\"auto, (max-width: 750px) 100vw, 750px\" \/><\/a><figcaption id=\"caption-attachment-30875443\" class=\"wp-caption-text\">Inauguraci\u00f3n del Curso 2022\/23 del Aula de Mayores de la UPO<\/figcaption><\/figure>\n<p>El <a href=\"https:\/\/www.upo.es\/aula-mayores\">Aula Abierta de Mayores de la Universidad Pablo de Olavide<\/a> ha celebrado esta ma\u00f1ana el acto inaugural del curso acad\u00e9mico 2022\/2023. Alumnas y alumnos procedentes de veinticuatro municipios de Sevilla han sido recibidos en el Paraninfo por <strong>David Cobos<\/strong>, vicerrector de Cultura y Pol\u00edticas Sociales de la UPO; <strong>Roc\u00edo Barrag\u00e1n<\/strong>, directora territorial de la Consejer\u00eda de Inclusi\u00f3n Social, Juventud, Familias e Igualdad de la Junta de Andaluc\u00eda; <strong>Alejandro Moyano<\/strong>, diputado del \u00e1rea de Cultura y Ciudadan\u00eda de la Diputaci\u00f3n de Sevilla; <strong>Yolanda L\u00f3pez<\/strong>, delegada en Andaluc\u00eda de la Fundaci\u00f3n \u2018La Caixa\u2019; y <strong>Ana Mar\u00eda Soler<\/strong>, directora de Instituciones de CaixaBank en Andaluc\u00eda.<\/p>\n<p>\u2018\u00bfQu\u00e9 nos hace humanos? Un punto de vista neurocient\u00edfico\u2019 ha sido la lecci\u00f3n inaugural del curso 2022\/2023, impartida por el profesor em\u00e9rito de Fisiolog\u00eda de la Universidad Pablo de Olavide <strong>Jos\u00e9 Mar\u00eda Delgado<\/strong>. A continuaci\u00f3n, el grupo <strong><em>NDuet<\/em><\/strong>, formado por Nuria Fern\u00e1ndez y Trevor Coleman, ha ofrecido una actuaci\u00f3n musical para celebrar el nuevo curso acad\u00e9mico titulada <em>Cantos de sirena: voces del Atl\u00e1ntico<\/em>.<\/p>\n<p><a href=\"https:\/\/www.upo.es\/diario\/wp-content\/uploads\/2022\/10\/Inaug-Aula-Mayores-UPO_Curso22-23-scaled.jpg\"><img loading=\"lazy\" decoding=\"async\" class=\"alignright size-medium wp-image-30875445\" src=\"https:\/\/www.upo.es\/diario\/wp-content\/uploads\/2022\/10\/Inaug-Aula-Mayores-UPO_Curso22-23-385x217.jpg\" alt=\"\" width=\"385\" height=\"217\" srcset=\"https:\/\/www.upo.es\/diario\/wp-content\/uploads\/2022\/10\/Inaug-Aula-Mayores-UPO_Curso22-23-385x217.jpg 385w, https:\/\/www.upo.es\/diario\/wp-content\/uploads\/2022\/10\/Inaug-Aula-Mayores-UPO_Curso22-23-750x422.jpg 750w, https:\/\/www.upo.es\/diario\/wp-content\/uploads\/2022\/10\/Inaug-Aula-Mayores-UPO_Curso22-23-768x432.jpg 768w, https:\/\/www.upo.es\/diario\/wp-content\/uploads\/2022\/10\/Inaug-Aula-Mayores-UPO_Curso22-23-2048x1152.jpg 2048w\" sizes=\"auto, (max-width: 385px) 100vw, 385px\" \/><\/a>Bajo el lema <strong>\u2018Aprender es vivir. Nunca dejes de aprender\u2019 <\/strong>el Aula Abierta de Mayores es un proyecto de colaboraci\u00f3n interinstitucional destinado a personas mayores de cincuenta a\u00f1os. Iniciativa posible gracias al trabajo conjunto de la Universidad Pablo de Olavide, la Junta de Andaluc\u00eda, la Diputaci\u00f3n de Sevilla, CaixaBank y Fundacion \u2018La Caixa\u2019 y los ayuntamientos de los veinticuatro municipios que participan en el programa de este curso: <strong>Alcal\u00e1 de Guada\u00edra, Almensilla, Aznalc\u00f3llar, Bollullos de la Mitaci\u00f3n, Bormujos, Casariche, Castilleja de la Cuesta, Dos Hermanas, El Viso del Alcor, Gerena, Gilena, Gines, Herrera, La Algaba, La Puebla de Cazalla, La Puebla del R\u00edo, Las Cabezas de San Juan, Lebrija, Mairena del Alcor, Pedrera, Pilas, Salteras, Santiponce y Tomares<\/strong>.<\/p>\n<p>David Cobos, vicerrector de Cultura y Pol\u00edticas Sociales de la Universidad Pablo de Olavide, ha agradecido a las instituciones su colaboraci\u00f3n con el Aula Abierta de Mayores, de la que ha destacado que en estos 20 a\u00f1os \u201cse ha ido conformando como una apuesta de formaci\u00f3n permanente, adem\u00e1s de compromiso social, ya que la formaci\u00f3n continua es necesaria, no ya para trabajar, sino para poder tener una vida plena\u201d.<\/p>\n<p><a title=\"Aula Abierta de Mayores. Inauguraci\u00f3n 2022\/23\" href=\"https:\/\/www.flickr.com\/photos\/pablodeolavide\/albums\/72177720302766805\" data-flickr-embed=\"true\"><img loading=\"lazy\" decoding=\"async\" src=\"https:\/\/live.staticflickr.com\/65535\/52418303745_b5fbe6eae7_z.jpg\" alt=\"Aula Abierta de Mayores. Inauguraci\u00f3n 2022\/23\" width=\"640\" height=\"480\" \/><\/a><script async src=\"\/\/embedr.flickr.com\/assets\/client-code.js\" charset=\"utf-8\"><\/script><\/p>\n","protected":false},"excerpt":{"rendered":"<p>M\u00e1s de mil alumnos y alumnas de 24 municipios participar\u00e1n en el programa de formaci\u00f3n cient\u00edfica, cultural y social para mayores de cincuenta a\u00f1os de la UPO, que celebra este curso su vig\u00e9sima edici\u00f3n<\/p>\n","protected":false},"author":6,"featured_media":30875443,"comment_status":"closed","ping_status":"open","sticky":false,"template":"","format":"standard","meta":{"_monsterinsights_skip_tracking":false,"_monsterinsights_sitenote_active":false,"_monsterinsights_sitenote_note":"","_monsterinsights_sitenote_category":0,"footnotes":""},"categories":[5843],"tags":[52,7878,3595,3690,6971,349,203,2720],"class_list":["post-30875442","post","type-post","status-publish","format-standard","has-post-thumbnail","hentry","category-cultura-social","tag-aula-abierta-de-mayores","tag-curso-2022-2023","tag-david-cobos","tag-diputacion-de-sevilla","tag-fundacion-la-caixa","tag-inauguracion","tag-junta-de-andalucia","tag-leccion-inaugural"],"_links":{"self":[{"href":"https:\/\/www.upo.es\/diario\/wp-json\/wp\/v2\/posts\/30875442","targetHints":{"allow":["GET"]}}],"collection":[{"href":"https:\/\/www.upo.es\/diario\/wp-json\/wp\/v2\/posts"}],"about":[{"href":"https:\/\/www.upo.es\/diario\/wp-json\/wp\/v2\/types\/post"}],"author":[{"embeddable":true,"href":"https:\/\/www.upo.es\/diario\/wp-json\/wp\/v2\/users\/6"}],"replies":[{"embeddable":true,"href":"https:\/\/www.upo.es\/diario\/wp-json\/wp\/v2\/comments?post=30875442"}],"version-history":[{"count":7,"href":"https:\/\/www.upo.es\/diario\/wp-json\/wp\/v2\/posts\/30875442\/revisions"}],"predecessor-version":[{"id":30875469,"href":"https:\/\/www.upo.es\/diario\/wp-json\/wp\/v2\/posts\/30875442\/revisions\/30875469"}],"wp:featuredmedia":[{"embeddable":true,"href":"https:\/\/www.upo.es\/diario\/wp-json\/wp\/v2\/media\/30875443"}],"wp:attachment":[{"href":"https:\/\/www.upo.es\/diario\/wp-json\/wp\/v2\/media?parent=30875442"}],"wp:term":[{"taxonomy":"category","embeddable":true,"href":"https:\/\/www.upo.es\/diario\/wp-json\/wp\/v2\/categories?post=30875442"},{"taxonomy":"post_tag","embeddable":true,"href":"https:\/\/www.upo.es\/diario\/wp-json\/wp\/v2\/tags?post=30875442"}],"curies":[{"name":"wp","href":"https:\/\/api.w.org\/{rel}","templated":true}]}}