{"id":30875526,"date":"2022-10-11T20:07:23","date_gmt":"2022-10-11T18:07:23","guid":{"rendered":"https:\/\/www.upo.es\/diario\/?p=30875526"},"modified":"2023-10-31T14:44:28","modified_gmt":"2023-10-31T13:44:28","slug":"clausurado-el-seminario-la-dimension-de-genero-en-la-docencia-y-la-investigacion","status":"publish","type":"post","link":"https:\/\/www.upo.es\/diario\/docencia-formacion\/2022\/10\/clausurado-el-seminario-la-dimension-de-genero-en-la-docencia-y-la-investigacion\/","title":{"rendered":"Clausurado el Seminario \u2018La dimensi\u00f3n de g\u00e9nero en la docencia y la investigaci\u00f3n\u2019"},"content":{"rendered":"<figure id=\"attachment_30875528\" aria-describedby=\"caption-attachment-30875528\" style=\"width: 750px\" class=\"wp-caption aligncenter\"><a href=\"https:\/\/www.upo.es\/diario\/wp-content\/uploads\/2022\/10\/Sem-CINEF-Genero-Doc-Inv-scaled.jpg\"><img loading=\"lazy\" decoding=\"async\" class=\"size-large wp-image-30875528\" src=\"https:\/\/www.upo.es\/diario\/wp-content\/uploads\/2022\/10\/Sem-CINEF-Genero-Doc-Inv-750x500.jpg\" alt=\"M\u00f3nica Dom\u00ednguez, Paula Rodr\u00edguez y Ver\u00f3nica Pacheco\" width=\"750\" height=\"500\" srcset=\"https:\/\/www.upo.es\/diario\/wp-content\/uploads\/2022\/10\/Sem-CINEF-Genero-Doc-Inv-750x500.jpg 750w, https:\/\/www.upo.es\/diario\/wp-content\/uploads\/2022\/10\/Sem-CINEF-Genero-Doc-Inv-385x257.jpg 385w, https:\/\/www.upo.es\/diario\/wp-content\/uploads\/2022\/10\/Sem-CINEF-Genero-Doc-Inv-768x512.jpg 768w, https:\/\/www.upo.es\/diario\/wp-content\/uploads\/2022\/10\/Sem-CINEF-Genero-Doc-Inv-1536x1024.jpg 1536w, https:\/\/www.upo.es\/diario\/wp-content\/uploads\/2022\/10\/Sem-CINEF-Genero-Doc-Inv-2048x1365.jpg 2048w\" sizes=\"auto, (max-width: 750px) 100vw, 750px\" \/><\/a><figcaption id=\"caption-attachment-30875528\" class=\"wp-caption-text\">M\u00f3nica Dom\u00ednguez, Paula Rodr\u00edguez y Ver\u00f3nica Pacheco<\/figcaption><\/figure>\n<p>El <a href=\"https:\/\/www.upo.es\/cinef\/\">Centro Interdisciplinar de Estudios Feministas, de las Mujeres y de G\u00e9nero (CINEF)<\/a> de la Universidad Pablo de Olavide ha organizado este martes un seminario sobre buenas pr\u00e1cticas en los estudios de g\u00e9nero y en la incorporaci\u00f3n del enfoque de g\u00e9nero en la docencia y la investigaci\u00f3n. El Seminario, <strong>enmarcado en la convocatoria anual de la Delegaci\u00f3n para la Igualdad de G\u00e9nero, por la que se conceden las ayudas destinadas a fomentar la realizaci\u00f3n de acciones para favorecer la igualdad de g\u00e9nero en los Centros de la UPO, ha sido clausurado por M\u00f3nica Dom\u00ednguez<\/strong>.<\/p>\n<p>\u2018La dimensi\u00f3n de g\u00e9nero en la docencia y la investigaci\u00f3n\u2019 ha tenido adem\u00e1s como objetivo conocer las orientaciones y l\u00edneas de futuro nacionales y europeas sobre estudios de g\u00e9nero y debatir sobre la problem\u00e1tica de la investigaci\u00f3n y estudios de g\u00e9nero. Para ello el Seminario ha contado con la participaci\u00f3n de <strong>M\u00aa Jes\u00fas Pando Canteli<\/strong>, doctora en lengua y literatura y profesora titular de la Universidad de Deusto, que ha impartido la conferencia \u2018Enfoque de g\u00e9nero en docencia\u2019. A continuaci\u00f3n, <strong>Rosana Paula Rodr\u00edguez<\/strong>, profesora de la Universidad de Universidad Nacional de Cuyo de Mendoza en Argentina, ha impartido la conferencia \u2018Conocimiento situado y hermen\u00e9utica feminista de la escucha en las investigaciones feministas\u2019.<\/p>\n<p>Para <strong>M\u00f3nica Dom\u00ednguez Serrano<\/strong>, delegada del rector para la Igualdad de G\u00e9nero, este seminario contribuye de manera clara a avanzar en uno de los que ser\u00e1n ejes prioritarios en el futuro Plan de Igualdad de la UPO. \u201cEl diagn\u00f3stico sobre la incorporaci\u00f3n de la perspectiva de g\u00e9nero en la docencia de nuestra universidad es fundamental para poder adoptar medidas que permitan avanzar en el nuevo horizonte docente para los pr\u00f3ximos a\u00f1os\u201d, ha afirmado durante su clausura.<\/p>\n","protected":false},"excerpt":{"rendered":"<p>Seminario organizado por el CINEF con el objetivo de difundir buenas pr\u00e1cticas en estudios de g\u00e9nero e impulsar la incorporaci\u00f3n del enfoque de g\u00e9nero en la docencia y la investigaci\u00f3n.<\/p>\n","protected":false},"author":6,"featured_media":30875528,"comment_status":"closed","ping_status":"open","sticky":false,"template":"","format":"standard","meta":{"_monsterinsights_skip_tracking":false,"_monsterinsights_sitenote_active":false,"_monsterinsights_sitenote_note":"","_monsterinsights_sitenote_category":0,"footnotes":""},"categories":[2779],"tags":[8041,7256,1973,2706,5883,56,7678,2209],"class_list":["post-30875526","post","type-post","status-publish","format-standard","has-post-thumbnail","hentry","category-docencia-formacion","tag-cinef","tag-delegada-del-rector-para-la-igualdad-de-genero","tag-docencia","tag-estudios-de-genero","tag-igualdad-de-genero","tag-investigacion","tag-monica-dominguez","tag-oficina-para-la-igualdad"],"_links":{"self":[{"href":"https:\/\/www.upo.es\/diario\/wp-json\/wp\/v2\/posts\/30875526","targetHints":{"allow":["GET"]}}],"collection":[{"href":"https:\/\/www.upo.es\/diario\/wp-json\/wp\/v2\/posts"}],"about":[{"href":"https:\/\/www.upo.es\/diario\/wp-json\/wp\/v2\/types\/post"}],"author":[{"embeddable":true,"href":"https:\/\/www.upo.es\/diario\/wp-json\/wp\/v2\/users\/6"}],"replies":[{"embeddable":true,"href":"https:\/\/www.upo.es\/diario\/wp-json\/wp\/v2\/comments?post=30875526"}],"version-history":[{"count":2,"href":"https:\/\/www.upo.es\/diario\/wp-json\/wp\/v2\/posts\/30875526\/revisions"}],"predecessor-version":[{"id":30875529,"href":"https:\/\/www.upo.es\/diario\/wp-json\/wp\/v2\/posts\/30875526\/revisions\/30875529"}],"wp:featuredmedia":[{"embeddable":true,"href":"https:\/\/www.upo.es\/diario\/wp-json\/wp\/v2\/media\/30875528"}],"wp:attachment":[{"href":"https:\/\/www.upo.es\/diario\/wp-json\/wp\/v2\/media?parent=30875526"}],"wp:term":[{"taxonomy":"category","embeddable":true,"href":"https:\/\/www.upo.es\/diario\/wp-json\/wp\/v2\/categories?post=30875526"},{"taxonomy":"post_tag","embeddable":true,"href":"https:\/\/www.upo.es\/diario\/wp-json\/wp\/v2\/tags?post=30875526"}],"curies":[{"name":"wp","href":"https:\/\/api.w.org\/{rel}","templated":true}]}}