{"id":30875554,"date":"2022-10-14T11:51:13","date_gmt":"2022-10-14T09:51:13","guid":{"rendered":"https:\/\/www.upo.es\/diario\/?p=30875554"},"modified":"2022-10-17T09:58:15","modified_gmt":"2022-10-17T07:58:15","slug":"punto-de-encuentro-entre-empresas-tic-y-estudiantes-en-la-v-edicion-de-las-jornadas-profesiones-con-futuro-de-la-eps","status":"publish","type":"post","link":"https:\/\/www.upo.es\/diario\/docencia-formacion\/2022\/10\/punto-de-encuentro-entre-empresas-tic-y-estudiantes-en-la-v-edicion-de-las-jornadas-profesiones-con-futuro-de-la-eps\/","title":{"rendered":"Punto de encuentro entre empresas TIC y estudiantes en la V edici\u00f3n de las Jornadas Profesiones con Futuro de la EPS"},"content":{"rendered":"<figure id=\"attachment_30875556\" aria-describedby=\"caption-attachment-30875556\" style=\"width: 750px\" class=\"wp-caption aligncenter\"><a href=\"https:\/\/www.upo.es\/diario\/wp-content\/uploads\/2022\/10\/Jorn-Profesiones-Futuro-EPS-scaled.jpg\"><img loading=\"lazy\" decoding=\"async\" class=\"wp-image-30875556 size-large\" src=\"https:\/\/www.upo.es\/diario\/wp-content\/uploads\/2022\/10\/Jorn-Profesiones-Futuro-EPS-750x500.jpg\" alt=\"Pilar Moreno, Norberto D\u00edaz, Laura L\u00f3pez y Antonio Boh\u00f3rquez\" width=\"750\" height=\"500\" srcset=\"https:\/\/www.upo.es\/diario\/wp-content\/uploads\/2022\/10\/Jorn-Profesiones-Futuro-EPS-750x500.jpg 750w, https:\/\/www.upo.es\/diario\/wp-content\/uploads\/2022\/10\/Jorn-Profesiones-Futuro-EPS-385x257.jpg 385w, https:\/\/www.upo.es\/diario\/wp-content\/uploads\/2022\/10\/Jorn-Profesiones-Futuro-EPS-768x512.jpg 768w, https:\/\/www.upo.es\/diario\/wp-content\/uploads\/2022\/10\/Jorn-Profesiones-Futuro-EPS-1536x1024.jpg 1536w, https:\/\/www.upo.es\/diario\/wp-content\/uploads\/2022\/10\/Jorn-Profesiones-Futuro-EPS-2048x1365.jpg 2048w\" sizes=\"auto, (max-width: 750px) 100vw, 750px\" \/><\/a><figcaption id=\"caption-attachment-30875556\" class=\"wp-caption-text\">Pilar Moreno, Norberto D\u00edaz, Laura L\u00f3pez y Antonio Boh\u00f3rquez<\/figcaption><\/figure>\n<p>Las <strong>Jornadas Profesiones con Futuro<\/strong> celebran este viernes en el Paraninfo de la Universidad Pablo de Olavide su quinta edici\u00f3n. <strong>Organizadas por el estudiantado de la Escuela Polit\u00e9cnica Superior, con el apoyo del Vicerrectorado de Estudiantes y del Vicerrectorado de Relaciones Institucionales y Fundaciones<\/strong>, estas Jornadas, que se enmarcan en los actos de la UPO con motivo de su 25 Aniversario, tratan de acercar la demanda del mercado laboral en el sector de las TIC a la sociedad.<\/p>\n<figure id=\"attachment_30875557\" aria-describedby=\"caption-attachment-30875557\" style=\"width: 385px\" class=\"wp-caption alignright\"><a href=\"https:\/\/www.upo.es\/diario\/wp-content\/uploads\/2022\/10\/Jorn-Profesiones-Futuro-EPS-2-scaled.jpg\"><img loading=\"lazy\" decoding=\"async\" class=\"wp-image-30875557 size-medium\" src=\"https:\/\/www.upo.es\/diario\/wp-content\/uploads\/2022\/10\/Jorn-Profesiones-Futuro-EPS-2-385x257.jpg\" alt=\"Presentaci\u00f3n de Proxia\" width=\"385\" height=\"257\" srcset=\"https:\/\/www.upo.es\/diario\/wp-content\/uploads\/2022\/10\/Jorn-Profesiones-Futuro-EPS-2-385x257.jpg 385w, https:\/\/www.upo.es\/diario\/wp-content\/uploads\/2022\/10\/Jorn-Profesiones-Futuro-EPS-2-750x500.jpg 750w, https:\/\/www.upo.es\/diario\/wp-content\/uploads\/2022\/10\/Jorn-Profesiones-Futuro-EPS-2-768x512.jpg 768w, https:\/\/www.upo.es\/diario\/wp-content\/uploads\/2022\/10\/Jorn-Profesiones-Futuro-EPS-2-1536x1024.jpg 1536w, https:\/\/www.upo.es\/diario\/wp-content\/uploads\/2022\/10\/Jorn-Profesiones-Futuro-EPS-2-2048x1365.jpg 2048w\" sizes=\"auto, (max-width: 385px) 100vw, 385px\" \/><\/a><figcaption id=\"caption-attachment-30875557\" class=\"wp-caption-text\">M\u00aa Jes\u00fas S\u00e1nchez en la presentaci\u00f3n de Proxia<\/figcaption><\/figure>\n<p>De este modo, <strong>gracias a la participaci\u00f3n de ocho empresas l\u00edderes en el sector de la tecnolog\u00eda de la informaci\u00f3n y las comunicaciones (TIC), estudiantes de inform\u00e1tica de la EPS y de otras universidades, y de Grado Medio o Superior en este \u00e1mbito, podr\u00e1n conocer hacia d\u00f3nde se dirigen las ofertas de empleo de uno de los sectores m\u00e1s din\u00e1micos y demandados por el mercado laboral<\/strong>. Representantes de cada una de las empresas participantes dispondr\u00e1n de un tiempo para presentar ante alumnos y alumnas a qu\u00e9 se dedican dentro del sector TIC y cu\u00e1l es su visi\u00f3n actual y de futuro. Adem\u00e1s, han dispuesto puntos de encuentro para que los estudiantes puedan conocer m\u00e1s a fondo cada una de las empresas y sus demandas. <strong><em>Profesiones con Futuro<\/em> ha contado este a\u00f1o con la participaci\u00f3n de Proxia, Babel, Emergya, Accenture, NTTData, Prise, Ayesa y Deloitte<\/strong>.<\/p>\n<p><strong><a href=\"https:\/\/www.upo.es\/diario\/wp-content\/uploads\/2022\/10\/Profesiones-con-Futuro.png\"><img loading=\"lazy\" decoding=\"async\" class=\"alignright size-medium wp-image-30875559\" src=\"https:\/\/www.upo.es\/diario\/wp-content\/uploads\/2022\/10\/Profesiones-con-Futuro-272x385.png\" alt=\"\" width=\"272\" height=\"385\" srcset=\"https:\/\/www.upo.es\/diario\/wp-content\/uploads\/2022\/10\/Profesiones-con-Futuro-272x385.png 272w, https:\/\/www.upo.es\/diario\/wp-content\/uploads\/2022\/10\/Profesiones-con-Futuro-530x750.png 530w, https:\/\/www.upo.es\/diario\/wp-content\/uploads\/2022\/10\/Profesiones-con-Futuro-768x1086.png 768w, https:\/\/www.upo.es\/diario\/wp-content\/uploads\/2022\/10\/Profesiones-con-Futuro-1086x1536.png 1086w, https:\/\/www.upo.es\/diario\/wp-content\/uploads\/2022\/10\/Profesiones-con-Futuro-1448x2048.png 1448w, https:\/\/www.upo.es\/diario\/wp-content\/uploads\/2022\/10\/Profesiones-con-Futuro-1320x1867.png 1320w, https:\/\/www.upo.es\/diario\/wp-content\/uploads\/2022\/10\/Profesiones-con-Futuro.png 1587w\" sizes=\"auto, (max-width: 272px) 100vw, 272px\" \/><\/a>Antonio Boh\u00f3rquez<\/strong>, delegado de Estudiantes de la Escuela Polit\u00e9cnica Superior; <strong>Norberto D\u00edaz<\/strong>, director de la Escuela; <strong>Pilar Moreno<\/strong>, directora general de Estudiantes; y <strong>Laura L\u00f3pez de la Cruz<\/strong>, vicerrectora de Relaciones Institucionales y Fundaciones de la Universidad Pablo de Olavide, han presentado las Jornadas que en palabras del director de la EPS \u201chan sido dise\u00f1adas por estudiantes y para estudiantes\u201d.<\/p>\n<p>Tras agradecer la presencia de las empresas participantes, Laura L\u00f3pez de la Cruz ha se\u00f1alado que la funci\u00f3n de la Universidad no es formar profesionales que rindan en las empresas desde el primer d\u00eda, \u201ceso es algo que se adquiere con la experiencia una vez que se accede al mercado laboral, en la Universidad la formaci\u00f3n debe tener un fondo que permita a los estudiantes afrontar las adversidades y los problemas que se encontrar\u00e1n, que les dote de resiliencia y de herramientas \u00fatiles para alcanzar el \u00e9xito\u201d.<\/p>\n","protected":false},"excerpt":{"rendered":"<p>Las Jornadas Profesiones con Futuro celebran este viernes en el Paraninfo de la Universidad Pablo de Olavide su quinta edici\u00f3n. Organizadas por el estudiantado de la Escuela Polit\u00e9cnica Superior, con el apoyo del Vicerrectorado de Estudiantes y del Vicerrectorado de Relaciones Institucionales y Fundaciones, estas Jornadas, que se enmarcan en los actos de la UPO con motivo de su 25 Aniversario, tratan de acercar la demanda del mercado laboral en el sector de las TIC a la sociedad.<\/p>\n","protected":false},"author":6,"featured_media":30875556,"comment_status":"closed","ping_status":"open","sticky":false,"template":"","format":"standard","meta":{"_monsterinsights_skip_tracking":false,"_monsterinsights_sitenote_active":false,"_monsterinsights_sitenote_note":"","_monsterinsights_sitenote_category":0,"footnotes":""},"categories":[2779],"tags":[438,1059,616,152,986,84,1648,1298,393],"class_list":["post-30875554","post","type-post","status-publish","format-standard","has-post-thumbnail","hentry","category-docencia-formacion","tag-empleo","tag-empresas","tag-eps","tag-escuela-politecnica-superior","tag-ingenieria-informatica","tag-jornadas","tag-laura-lopez-de-la-cruz","tag-norberto-diaz","tag-tics"],"_links":{"self":[{"href":"https:\/\/www.upo.es\/diario\/wp-json\/wp\/v2\/posts\/30875554","targetHints":{"allow":["GET"]}}],"collection":[{"href":"https:\/\/www.upo.es\/diario\/wp-json\/wp\/v2\/posts"}],"about":[{"href":"https:\/\/www.upo.es\/diario\/wp-json\/wp\/v2\/types\/post"}],"author":[{"embeddable":true,"href":"https:\/\/www.upo.es\/diario\/wp-json\/wp\/v2\/users\/6"}],"replies":[{"embeddable":true,"href":"https:\/\/www.upo.es\/diario\/wp-json\/wp\/v2\/comments?post=30875554"}],"version-history":[{"count":3,"href":"https:\/\/www.upo.es\/diario\/wp-json\/wp\/v2\/posts\/30875554\/revisions"}],"predecessor-version":[{"id":30875560,"href":"https:\/\/www.upo.es\/diario\/wp-json\/wp\/v2\/posts\/30875554\/revisions\/30875560"}],"wp:featuredmedia":[{"embeddable":true,"href":"https:\/\/www.upo.es\/diario\/wp-json\/wp\/v2\/media\/30875556"}],"wp:attachment":[{"href":"https:\/\/www.upo.es\/diario\/wp-json\/wp\/v2\/media?parent=30875554"}],"wp:term":[{"taxonomy":"category","embeddable":true,"href":"https:\/\/www.upo.es\/diario\/wp-json\/wp\/v2\/categories?post=30875554"},{"taxonomy":"post_tag","embeddable":true,"href":"https:\/\/www.upo.es\/diario\/wp-json\/wp\/v2\/tags?post=30875554"}],"curies":[{"name":"wp","href":"https:\/\/api.w.org\/{rel}","templated":true}]}}