{"id":30875661,"date":"2022-10-19T06:45:20","date_gmt":"2022-10-19T04:45:20","guid":{"rendered":"https:\/\/www.upo.es\/diario\/?p=30875661"},"modified":"2022-10-20T09:17:13","modified_gmt":"2022-10-20T07:17:13","slug":"el-100-del-alumnado-gitano-de-sevilla-atendido-por-secretariado-gitano-continua-sus-estudios","status":"publish","type":"post","link":"https:\/\/www.upo.es\/diario\/cultura-social\/2022\/10\/el-100-del-alumnado-gitano-de-sevilla-atendido-por-secretariado-gitano-continua-sus-estudios\/","title":{"rendered":"El 100% del alumnado gitano de Sevilla atendido por Secretariado Gitano contin\u00faa sus estudios"},"content":{"rendered":"<p><strong><a href=\"https:\/\/www.upo.es\/diario\/wp-content\/uploads\/2022\/10\/1666206141522-e1666250182888.jpg\"><img loading=\"lazy\" decoding=\"async\" class=\"aligncenter wp-image-30875664 size-large\" src=\"https:\/\/www.upo.es\/diario\/wp-content\/uploads\/2022\/10\/1666206141522-e1666250182888-750x467.jpg\" alt=\"\" width=\"750\" height=\"467\" srcset=\"https:\/\/www.upo.es\/diario\/wp-content\/uploads\/2022\/10\/1666206141522-e1666250182888-750x467.jpg 750w, https:\/\/www.upo.es\/diario\/wp-content\/uploads\/2022\/10\/1666206141522-e1666250182888-385x240.jpg 385w, https:\/\/www.upo.es\/diario\/wp-content\/uploads\/2022\/10\/1666206141522-e1666250182888-768x478.jpg 768w, https:\/\/www.upo.es\/diario\/wp-content\/uploads\/2022\/10\/1666206141522-e1666250182888-1536x956.jpg 1536w, https:\/\/www.upo.es\/diario\/wp-content\/uploads\/2022\/10\/1666206141522-e1666250182888-1320x822.jpg 1320w, https:\/\/www.upo.es\/diario\/wp-content\/uploads\/2022\/10\/1666206141522-e1666250182888.jpg 1600w\" sizes=\"auto, (max-width: 750px) 100vw, 750px\" \/><\/a>La Universidad Pablo de Olavide ha acogido el Encuentro de Estudiantes en Abierto<\/strong>, que organiza cada curso la <strong>Fundaci\u00f3n Secretariado Gitano<\/strong>, donde la entidad ha informado que <strong>el 100% del alumnado gitano de Sevilla atendido en sus programas educativos contin\u00faa sus estudios en el presente curso<\/strong>.<\/p>\n<p><a href=\"https:\/\/www.upo.es\/diario\/wp-content\/uploads\/2022\/10\/1666206141603.jpg\"><img loading=\"lazy\" decoding=\"async\" class=\"alignright size-medium wp-image-30875665\" src=\"https:\/\/www.upo.es\/diario\/wp-content\/uploads\/2022\/10\/1666206141603-385x289.jpg\" alt=\"\" width=\"385\" height=\"289\" srcset=\"https:\/\/www.upo.es\/diario\/wp-content\/uploads\/2022\/10\/1666206141603-385x289.jpg 385w, https:\/\/www.upo.es\/diario\/wp-content\/uploads\/2022\/10\/1666206141603-750x563.jpg 750w, https:\/\/www.upo.es\/diario\/wp-content\/uploads\/2022\/10\/1666206141603-768x576.jpg 768w, https:\/\/www.upo.es\/diario\/wp-content\/uploads\/2022\/10\/1666206141603-1536x1152.jpg 1536w, https:\/\/www.upo.es\/diario\/wp-content\/uploads\/2022\/10\/1666206141603-1320x990.jpg 1320w, https:\/\/www.upo.es\/diario\/wp-content\/uploads\/2022\/10\/1666206141603.jpg 1600w\" sizes=\"auto, (max-width: 385px) 100vw, 385px\" \/><\/a>Este foro, <strong>presidido por la directora general de Innovaci\u00f3n Social de la UPO, Esther Prieto, se ha desarrollado en el marco de las acciones del Vicerrectorado de Cultura y Pol\u00edticas Sociales con el compromiso con la comunidad gitana y las actuaciones que desarrolla en Pol\u00edgono Sur<\/strong> en materia de apoyo escolar, altas capacidades y promoci\u00f3n al \u00e1mbito universitario. Su objetivo es visibilizar los resultados de los programas educativos que desarrolla la Fundaci\u00f3n Secretariado Gitano para la promoci\u00f3n del \u00e9xito educativo del alumnado gitano y, con ello, mejorar sus oportunidades de futuro.<\/p>\n<p>En concreto, FSG desarrolla el <strong>programa \u2018Promociona \u2013 T\u2019<\/strong>, para la escolarizaci\u00f3n del alumnado gitano en la etapa de educaci\u00f3n infantil, prevenir el absentismo y el abandono escolar temprano; el programa \u2018Promociona\u2019, cuyo objetivo es que los y las estudiantes de la ESO completen sus estudios en esta etapa; y \u2018Promociona +\u2019, que promueve el acceso, la permanencia y la finalizaci\u00f3n de estudios postobligatorios.<\/p>\n<p>Mediante <strong>\u2018Promociona\u2019<\/strong>, la Fundaci\u00f3n ha atendido a 42 alumnos y alumnas y 39 familias en 12 centros educativos. As\u00ed, la totalidad del alumnado de Primaria y el 68% de la ESO ha pasado el curso con todas las asignaturas aprobadas; y todo el alumnado de Secundaria contin\u00faa sus estudios postobligatorios.<\/p>\n<p>En cuanto al <strong>programa \u2018Promociona +\u2019,<\/strong> se han atendido a 27 estudiantes y 25 familias en 7 centros educativos que contin\u00faan estudiando en su totalidad. Adem\u00e1s, del alumnado que estaba en situaci\u00f3n de finalizar sus estudios, el 70% lo ha conseguido.<\/p>\n<p>La acci\u00f3n principal de estos programas es la orientaci\u00f3n individual a los alumnas y alumnas, as\u00ed como a sus familias, y se complementa con acciones a nivel grupal y sociocomunitario con otras acciones como las Aulas Promociona y las Aulas de Estudio Asistido.<\/p>\n<p>La Fundaci\u00f3n Secretariado Gitano trabaja, desde hace 40 a\u00f1os, por la promoci\u00f3n integral de la comunidad gitana desde la atenci\u00f3n a la diversidad cultural. Para ello, esta entidad desarrolla proyectos y servicios para reducir las desigualdades sociales y trabaja por los derechos de las personas gitanas en \u00e1mbitos como el empleo, la salud, la vivienda y la educaci\u00f3n.<\/p>\n<p>Junto con la directora de Innovaci\u00f3n Social de la UPO, Esther Prieto, formaron parte de la mesa del encuentro el director territorial de la Fundaci\u00f3n Secretariado en Andaluc\u00eda, <strong>Juan Manuel Reyes<\/strong>, y la coordinadora provincial de la Fundaci\u00f3n en Sevilla, <strong>Antonia Franco<\/strong>; y, por parte de la Consejer\u00eda de Desarrollo Educativo y Formaci\u00f3n Profesional de la Junta de Andaluc\u00eda, <strong>\u00d3scar Falc\u00f3n<\/strong>.<\/p>\n<p>&nbsp;<\/p>\n","protected":false},"excerpt":{"rendered":"<p>La UPO acoge el Encuentro de Estudiantes en Abierto de la Fundaci\u00f3n Secretariado Gitano que hace balance de sus programas de promoci\u00f3n educativa.<\/p>\n","protected":false},"author":6,"featured_media":30875665,"comment_status":"closed","ping_status":"open","sticky":false,"template":"","format":"standard","meta":{"_monsterinsights_skip_tracking":false,"_monsterinsights_sitenote_active":false,"_monsterinsights_sitenote_note":"","_monsterinsights_sitenote_category":0,"footnotes":""},"categories":[5843],"tags":[4110,8044,357,7194],"class_list":["post-30875661","post","type-post","status-publish","format-standard","has-post-thumbnail","hentry","category-cultura-social","tag-esther-prieto-jimenez","tag-fundacion-secretariado-gitano","tag-poligono-sur","tag-vicerrectorado-de-cultura-y-politicas-sociales"],"_links":{"self":[{"href":"https:\/\/www.upo.es\/diario\/wp-json\/wp\/v2\/posts\/30875661","targetHints":{"allow":["GET"]}}],"collection":[{"href":"https:\/\/www.upo.es\/diario\/wp-json\/wp\/v2\/posts"}],"about":[{"href":"https:\/\/www.upo.es\/diario\/wp-json\/wp\/v2\/types\/post"}],"author":[{"embeddable":true,"href":"https:\/\/www.upo.es\/diario\/wp-json\/wp\/v2\/users\/6"}],"replies":[{"embeddable":true,"href":"https:\/\/www.upo.es\/diario\/wp-json\/wp\/v2\/comments?post=30875661"}],"version-history":[{"count":3,"href":"https:\/\/www.upo.es\/diario\/wp-json\/wp\/v2\/posts\/30875661\/revisions"}],"predecessor-version":[{"id":30875667,"href":"https:\/\/www.upo.es\/diario\/wp-json\/wp\/v2\/posts\/30875661\/revisions\/30875667"}],"wp:featuredmedia":[{"embeddable":true,"href":"https:\/\/www.upo.es\/diario\/wp-json\/wp\/v2\/media\/30875665"}],"wp:attachment":[{"href":"https:\/\/www.upo.es\/diario\/wp-json\/wp\/v2\/media?parent=30875661"}],"wp:term":[{"taxonomy":"category","embeddable":true,"href":"https:\/\/www.upo.es\/diario\/wp-json\/wp\/v2\/categories?post=30875661"},{"taxonomy":"post_tag","embeddable":true,"href":"https:\/\/www.upo.es\/diario\/wp-json\/wp\/v2\/tags?post=30875661"}],"curies":[{"name":"wp","href":"https:\/\/api.w.org\/{rel}","templated":true}]}}