{"id":30875767,"date":"2022-10-24T08:56:06","date_gmt":"2022-10-24T06:56:06","guid":{"rendered":"https:\/\/www.upo.es\/diario\/?p=30875767"},"modified":"2022-10-25T16:14:32","modified_gmt":"2022-10-25T14:14:32","slug":"un-ciclo-de-conferencias-de-la-upo-revisa-la-figura-de-alfonso-x-desde-la-optica-de-su-produccion-intelectual","status":"publish","type":"post","link":"https:\/\/www.upo.es\/diario\/docencia-formacion\/2022\/10\/un-ciclo-de-conferencias-de-la-upo-revisa-la-figura-de-alfonso-x-desde-la-optica-de-su-produccion-intelectual\/","title":{"rendered":"Un ciclo de conferencias de la UPO revisa la figura de Alfonso X desde la \u00f3ptica de su producci\u00f3n intelectual"},"content":{"rendered":"<p><a href=\"https:\/\/www.upo.es\/diario\/wp-content\/uploads\/2022\/10\/20221024_133452-scaled.jpg\"><img loading=\"lazy\" decoding=\"async\" class=\"aligncenter wp-image-30875791 size-large\" src=\"https:\/\/www.upo.es\/diario\/wp-content\/uploads\/2022\/10\/20221024_133452-scaled-e1666707193124-750x422.jpg\" alt=\"\" width=\"750\" height=\"422\" srcset=\"https:\/\/www.upo.es\/diario\/wp-content\/uploads\/2022\/10\/20221024_133452-scaled-e1666707193124-750x422.jpg 750w, https:\/\/www.upo.es\/diario\/wp-content\/uploads\/2022\/10\/20221024_133452-scaled-e1666707193124-385x217.jpg 385w, https:\/\/www.upo.es\/diario\/wp-content\/uploads\/2022\/10\/20221024_133452-scaled-e1666707193124-768x432.jpg 768w, https:\/\/www.upo.es\/diario\/wp-content\/uploads\/2022\/10\/20221024_133452-scaled-e1666707193124-1536x864.jpg 1536w, https:\/\/www.upo.es\/diario\/wp-content\/uploads\/2022\/10\/20221024_133452-scaled-e1666707193124-2048x1152.jpg 2048w, https:\/\/www.upo.es\/diario\/wp-content\/uploads\/2022\/10\/20221024_133452-scaled-e1666707193124-1320x743.jpg 1320w\" sizes=\"auto, (max-width: 750px) 100vw, 750px\" \/><\/a>El Departamento de Geograf\u00eda, Historia y Filosof\u00eda y el Departamento de Filolog\u00eda y Traducci\u00f3n de la Universidad Pablo de Olavide han organizado el <strong>ciclo de conferencias \u2018Rex Magister: Alfonso X, Lengua, Historia y Traducci\u00f3n\u2019 <\/strong>con motivo del 800\u00ba aniversario del nacimiento del rey Sabio y en el marco del 25\u00ba aniversario de la Universidad Pablo de Olavide.<\/p>\n<p>Estas jornadas, que tienen lugar en la Sede Universitaria Olavide en Sevilla \u2013 Centro, cuentan con la participaci\u00f3n de especialistas de distintas universidades, adem\u00e1s de las aportaciones de ambos Departamentos.<\/p>\n<figure id=\"attachment_30875789\" aria-describedby=\"caption-attachment-30875789\" style=\"width: 385px\" class=\"wp-caption alignright\"><a href=\"https:\/\/www.upo.es\/diario\/wp-content\/uploads\/2022\/10\/IMG-20221024-WA0013.jpg\"><img loading=\"lazy\" decoding=\"async\" class=\"size-medium wp-image-30875789\" src=\"https:\/\/www.upo.es\/diario\/wp-content\/uploads\/2022\/10\/IMG-20221024-WA0013-385x289.jpg\" alt=\"Mar\u00eda Crego y Jos\u00e9 M. Miura\" width=\"385\" height=\"289\" srcset=\"https:\/\/www.upo.es\/diario\/wp-content\/uploads\/2022\/10\/IMG-20221024-WA0013-385x289.jpg 385w, https:\/\/www.upo.es\/diario\/wp-content\/uploads\/2022\/10\/IMG-20221024-WA0013-750x563.jpg 750w, https:\/\/www.upo.es\/diario\/wp-content\/uploads\/2022\/10\/IMG-20221024-WA0013-768x576.jpg 768w, https:\/\/www.upo.es\/diario\/wp-content\/uploads\/2022\/10\/IMG-20221024-WA0013.jpg 1024w\" sizes=\"auto, (max-width: 385px) 100vw, 385px\" \/><\/a><figcaption id=\"caption-attachment-30875789\" class=\"wp-caption-text\">Mar\u00eda Crego y Jos\u00e9 M. Miura<\/figcaption><\/figure>\n<p>Seg\u00fan explica la profesora <strong>Mar\u00eda Crego G\u00f3mez<\/strong>, responsable del ciclo de conferencias junto con el profesor <strong>Jos\u00e9 Mar\u00eda Miura Andrades<\/strong>, se quiere destacar la figura de Alfonso X \u201cdesde su labor como promotor de un completo programa de producci\u00f3n intelectual que supuso una renovaci\u00f3n de la escritura jur\u00eddica castellana, as\u00ed como el desarrollo de un proyecto de reuni\u00f3n de saberes cl\u00e1sicos con otras disciplinas de origen oriental\u201d.<\/p>\n<p>Por su parte, Miura Andrades destaca que \u201clas aportaciones acad\u00e9micas del ciclo tienen por objeto el \u00e1mbito ling\u00fc\u00edstico, tanto por lo que respecta a la potenciaci\u00f3n del romance como lengua oficial del reino, como a la formaci\u00f3n de equipos de traducci\u00f3n\u201d. Asimismo, se ha referido a \u201cla intervenci\u00f3n del rey Sabio en la configuraci\u00f3n tardomedieval de la ciudad de Sevilla y a la importancia de los estudios documentales del legado alfons\u00ed\u201d.<\/p>\n<p><strong>Alejandro Garc\u00eda Sanju\u00e1n<\/strong>, catedr\u00e1tico de Historia Medieval de la Universidad de Huelva, ha abierto el ciclo con la ponencia \u2018Alfonso X, Al -Andalus y Andaluc\u00eda\u201d; y <strong>Silvia Nora Arro\u00f1ada<\/strong>, profesora titular de Historia de Espa\u00f1a de la Pontificia Universidad Cat\u00f3lica Argentina (Buenos Aires) ha le\u00eddo su conferencia titulada \u2018Las visiones sobre la infancia en la \u00e9poca de Alfonso X: los ni\u00f1os protagonistas de Las Cantigas de Santa Mar\u00eda\u2019.<\/p>\n<p>Por parte de la Universidad Pablo de Olavide, intervienen los y las docentes: Jos\u00e9 Mar\u00eda Miura Andrades: \u2018La Sevilla que cre\u00f3 y leg\u00f3 Alfonso X\u2019; Antonio J. L\u00f3pez Guti\u00e9rrez: \u2018Canciller\u00eda y Cultura en tiempos de Alfonso X\u2019; Crist\u00f3bal Jos\u00e9 \u00c1lvarez L\u00f3pez: \u2018Del lat\u00edn al romance: el castellano en el siglo XIII\u2019; Manuel Antonio Barea Rodr\u00edguez: \u2018La huella documental de Alfonso X en Jerez de la Frontera\u2019; y Mar\u00eda Crego G\u00f3mez: \u2018Las ciudades alfons\u00edes y sus traductores: Sevilla y Toledo\u2019.<\/p>\n<p>Este ciclo se celebra en el marco del Protocolo General de Colaboraci\u00f3n firmado en el a\u00f1o 2021 entre el Cabildo Alfonso X el Sabio de Sevilla y la Universidad Pablo de Olavide. Para ello, cuenta con la financiaci\u00f3n del Programa de Doctorado en Historia y Estudios Human\u00edsticos, el Departamento de Geograf\u00eda, Historia y Filosof\u00eda, el Departamento de Filolog\u00eda y Traducci\u00f3n, la Facultad de Humanidades, el Grupo de Investigaci\u00f3n CEIRA (HUM -686) y el Grupo de Investigaci\u00f3n Textos Human\u00edsticos y Literarios: interpretaci\u00f3n y cr\u00edtica (HUM-047).<\/p>\n<p>&nbsp;<\/p>\n","protected":false},"excerpt":{"rendered":"<p>El Departamento de Geograf\u00eda, Historia y Filosof\u00eda y el Departamento de Filolog\u00eda y Traducci\u00f3n de la Universidad Pablo de Olavide han organizado el ciclo de conferencias \u2018Rex Magister: Alfonso X, Lengua, Historia y Traducci\u00f3n\u2019 con motivo del 800\u00ba aniversario del nacimiento del rey Sabio y en el marco del 25\u00ba aniversario de la Universidad Pablo de Olavide.<\/p>\n","protected":false},"author":6,"featured_media":30875768,"comment_status":"closed","ping_status":"open","sticky":false,"template":"","format":"standard","meta":{"_monsterinsights_skip_tracking":false,"_monsterinsights_sitenote_active":false,"_monsterinsights_sitenote_note":"","_monsterinsights_sitenote_category":0,"footnotes":""},"categories":[2779],"tags":[2241,132,84],"class_list":["post-30875767","post","type-post","status-publish","format-standard","has-post-thumbnail","hentry","category-docencia-formacion","tag-historia-antigua","tag-humanidades","tag-jornadas"],"_links":{"self":[{"href":"https:\/\/www.upo.es\/diario\/wp-json\/wp\/v2\/posts\/30875767","targetHints":{"allow":["GET"]}}],"collection":[{"href":"https:\/\/www.upo.es\/diario\/wp-json\/wp\/v2\/posts"}],"about":[{"href":"https:\/\/www.upo.es\/diario\/wp-json\/wp\/v2\/types\/post"}],"author":[{"embeddable":true,"href":"https:\/\/www.upo.es\/diario\/wp-json\/wp\/v2\/users\/6"}],"replies":[{"embeddable":true,"href":"https:\/\/www.upo.es\/diario\/wp-json\/wp\/v2\/comments?post=30875767"}],"version-history":[{"count":4,"href":"https:\/\/www.upo.es\/diario\/wp-json\/wp\/v2\/posts\/30875767\/revisions"}],"predecessor-version":[{"id":30875792,"href":"https:\/\/www.upo.es\/diario\/wp-json\/wp\/v2\/posts\/30875767\/revisions\/30875792"}],"wp:featuredmedia":[{"embeddable":true,"href":"https:\/\/www.upo.es\/diario\/wp-json\/wp\/v2\/media\/30875768"}],"wp:attachment":[{"href":"https:\/\/www.upo.es\/diario\/wp-json\/wp\/v2\/media?parent=30875767"}],"wp:term":[{"taxonomy":"category","embeddable":true,"href":"https:\/\/www.upo.es\/diario\/wp-json\/wp\/v2\/categories?post=30875767"},{"taxonomy":"post_tag","embeddable":true,"href":"https:\/\/www.upo.es\/diario\/wp-json\/wp\/v2\/tags?post=30875767"}],"curies":[{"name":"wp","href":"https:\/\/api.w.org\/{rel}","templated":true}]}}