{"id":30875886,"date":"2022-10-27T15:57:54","date_gmt":"2022-10-27T13:57:54","guid":{"rendered":"https:\/\/www.upo.es\/diario\/?p=30875886"},"modified":"2022-11-04T14:31:31","modified_gmt":"2022-11-04T13:31:31","slug":"camara-comercio-acuerdo-microcredenciales","status":"publish","type":"post","link":"https:\/\/www.upo.es\/diario\/institucional\/2022\/10\/camara-comercio-acuerdo-microcredenciales\/","title":{"rendered":"La Universidad Pablo de Olavide y la C\u00e1mara de Comercio sientan las bases para la impartici\u00f3n conjunta de microcredenciales"},"content":{"rendered":"<figure id=\"attachment_30875889\" aria-describedby=\"caption-attachment-30875889\" style=\"width: 750px\" class=\"wp-caption aligncenter\"><a href=\"https:\/\/www.upo.es\/diario\/wp-content\/uploads\/2022\/10\/UPO-Camara-deComercio..jpeg\"><img loading=\"lazy\" decoding=\"async\" class=\"size-large wp-image-30875889\" src=\"https:\/\/www.upo.es\/diario\/wp-content\/uploads\/2022\/10\/UPO-Camara-deComercio.-750x555.jpeg\" alt=\"Laura L\u00f3pez de la Cruz y Salvador Fern\u00e1ndez Salas\" width=\"750\" height=\"555\" srcset=\"https:\/\/www.upo.es\/diario\/wp-content\/uploads\/2022\/10\/UPO-Camara-deComercio.-750x555.jpeg 750w, https:\/\/www.upo.es\/diario\/wp-content\/uploads\/2022\/10\/UPO-Camara-deComercio.-385x285.jpeg 385w, https:\/\/www.upo.es\/diario\/wp-content\/uploads\/2022\/10\/UPO-Camara-deComercio.-768x569.jpeg 768w, https:\/\/www.upo.es\/diario\/wp-content\/uploads\/2022\/10\/UPO-Camara-deComercio.-1320x977.jpeg 1320w, https:\/\/www.upo.es\/diario\/wp-content\/uploads\/2022\/10\/UPO-Camara-deComercio..jpeg 1340w\" sizes=\"auto, (max-width: 750px) 100vw, 750px\" \/><\/a><figcaption id=\"caption-attachment-30875889\" class=\"wp-caption-text\">Laura L\u00f3pez de la Cruz y Salvador Fern\u00e1ndez Salas<\/figcaption><\/figure>\n<p>La Universidad Pablo de Olavide y la C\u00e1mara de Comercio de Sevilla han cerrado esta semana un acuerdo para la impartici\u00f3n conjunta de microcredenciales, <strong>un nuevo formato de formaci\u00f3n especializada y de corta duraci\u00f3n que permite la adquisici\u00f3n espec\u00edfica de capacidades y competencias adaptadas a las necesidades del mercado laboral<\/strong>.<\/p>\n<p>La UPO, a trav\u00e9s del <strong>Vicerrectorado de Relaciones Institucionales y Fundaciones<\/strong>, que actualmente tiene las competencias en materia de Formaci\u00f3n Permanente, ha promovido esta alianza con una entidad estrat\u00e9gica como la C\u00e1mara de Comercio para poder dise\u00f1ar una oferta competitiva de microcredenciales. <strong>Entre las materias clave que se ofertar\u00e1n se encuentran las relacionadas con la gesti\u00f3n empresarial, las nuevas tecnolog\u00edas o la digitalizaci\u00f3n<\/strong>, que reforzar\u00e1n la formaci\u00f3n del estudiantado.<\/p>\n<p>En el contexto actual, las personas deben actualizar continuamente sus conocimientos y capacidades para reducir la brecha entre su formaci\u00f3n y las demandas de un mercado de trabajo muy cambiante. <strong>Las microcredenciales tienen un papel clave a la hora de contribuir al logro del objetivo 2030 de que el 60% de todas las personas adultas participen en actividades de formaci\u00f3n a lo largo de toda su vida<\/strong>. Adem\u00e1s, las microcredenciales tambi\u00e9n se promueven desde Europa para favorecer la inclusi\u00f3n y la igualdad de oportunidades, facilitando el acceso a la educaci\u00f3n, la formaci\u00f3n y las oportunidades profesionales a todas las personas.<\/p>\n<p>Por todo ello, la Universidad Pablo de Olavide apuesta por impulsar parte de su formaci\u00f3n permanente a trav\u00e9s de microcredenciales y considera estrat\u00e9gica la alianza con empresas e instituciones. La colaboraci\u00f3n entre C\u00e1mara de Comercio y Universidad Pablo de Olavide posiciona a ambas entidades a la vanguardia de la formaci\u00f3n permanente.<\/p>\n<p>Fuente: Fundaci\u00f3n Universidad Pablo de Olavide<\/p>\n","protected":false},"excerpt":{"rendered":"<p>La Universidad Pablo de Olavide y la C\u00e1mara de Comercio de Sevilla han cerrado esta semana un acuerdo para la impartici\u00f3n conjunta de microcredenciales, un nuevo formato de formaci\u00f3n especializada y de corta duraci\u00f3n que permite la adquisici\u00f3n espec\u00edfica de capacidades y competencias adaptadas a las necesidades del mercado laboral.<\/p>\n","protected":false},"author":6,"featured_media":30875889,"comment_status":"closed","ping_status":"open","sticky":false,"template":"","format":"standard","meta":{"_monsterinsights_skip_tracking":false,"_monsterinsights_sitenote_active":false,"_monsterinsights_sitenote_note":"","_monsterinsights_sitenote_category":0,"footnotes":""},"categories":[6],"tags":[3529,5057,328,1648,7800,161],"class_list":["post-30875886","post","type-post","status-publish","format-standard","has-post-thumbnail","hentry","category-institucional","tag-camara-de-comercio","tag-formacion-continua","tag-formacion-permanente","tag-laura-lopez-de-la-cruz","tag-microcredenciales","tag-sevilla"],"_links":{"self":[{"href":"https:\/\/www.upo.es\/diario\/wp-json\/wp\/v2\/posts\/30875886","targetHints":{"allow":["GET"]}}],"collection":[{"href":"https:\/\/www.upo.es\/diario\/wp-json\/wp\/v2\/posts"}],"about":[{"href":"https:\/\/www.upo.es\/diario\/wp-json\/wp\/v2\/types\/post"}],"author":[{"embeddable":true,"href":"https:\/\/www.upo.es\/diario\/wp-json\/wp\/v2\/users\/6"}],"replies":[{"embeddable":true,"href":"https:\/\/www.upo.es\/diario\/wp-json\/wp\/v2\/comments?post=30875886"}],"version-history":[{"count":3,"href":"https:\/\/www.upo.es\/diario\/wp-json\/wp\/v2\/posts\/30875886\/revisions"}],"predecessor-version":[{"id":30875890,"href":"https:\/\/www.upo.es\/diario\/wp-json\/wp\/v2\/posts\/30875886\/revisions\/30875890"}],"wp:featuredmedia":[{"embeddable":true,"href":"https:\/\/www.upo.es\/diario\/wp-json\/wp\/v2\/media\/30875889"}],"wp:attachment":[{"href":"https:\/\/www.upo.es\/diario\/wp-json\/wp\/v2\/media?parent=30875886"}],"wp:term":[{"taxonomy":"category","embeddable":true,"href":"https:\/\/www.upo.es\/diario\/wp-json\/wp\/v2\/categories?post=30875886"},{"taxonomy":"post_tag","embeddable":true,"href":"https:\/\/www.upo.es\/diario\/wp-json\/wp\/v2\/tags?post=30875886"}],"curies":[{"name":"wp","href":"https:\/\/api.w.org\/{rel}","templated":true}]}}