{"id":30875904,"date":"2022-10-28T17:51:22","date_gmt":"2022-10-28T15:51:22","guid":{"rendered":"https:\/\/www.upo.es\/diario\/?p=30875904"},"modified":"2022-11-04T14:32:05","modified_gmt":"2022-11-04T13:32:05","slug":"el-rector-presenta-en-consejo-de-gobierno-el-plan-de-medidas-urgentes-para-el-ahorro-energetico-en-la-upo","status":"publish","type":"post","link":"https:\/\/www.upo.es\/diario\/institucional\/2022\/10\/el-rector-presenta-en-consejo-de-gobierno-el-plan-de-medidas-urgentes-para-el-ahorro-energetico-en-la-upo\/","title":{"rendered":"El rector presenta en Consejo de Gobierno el Plan de Medidas Urgentes para el Ahorro Energ\u00e9tico en la UPO"},"content":{"rendered":"<figure id=\"attachment_30875905\" aria-describedby=\"caption-attachment-30875905\" style=\"width: 750px\" class=\"wp-caption aligncenter\"><a href=\"https:\/\/www.upo.es\/diario\/wp-content\/uploads\/2022\/10\/CG_20221028-scaled.jpg\"><img loading=\"lazy\" decoding=\"async\" class=\"wp-image-30875905 size-large\" src=\"https:\/\/www.upo.es\/diario\/wp-content\/uploads\/2022\/10\/CG_20221028-750x422.jpg\" alt=\"\" width=\"750\" height=\"422\" srcset=\"https:\/\/www.upo.es\/diario\/wp-content\/uploads\/2022\/10\/CG_20221028-750x422.jpg 750w, https:\/\/www.upo.es\/diario\/wp-content\/uploads\/2022\/10\/CG_20221028-385x217.jpg 385w, https:\/\/www.upo.es\/diario\/wp-content\/uploads\/2022\/10\/CG_20221028-768x432.jpg 768w, https:\/\/www.upo.es\/diario\/wp-content\/uploads\/2022\/10\/CG_20221028-1536x864.jpg 1536w, https:\/\/www.upo.es\/diario\/wp-content\/uploads\/2022\/10\/CG_20221028-2048x1152.jpg 2048w\" sizes=\"auto, (max-width: 750px) 100vw, 750px\" \/><\/a><figcaption id=\"caption-attachment-30875905\" class=\"wp-caption-text\">Vig\u00e9simo tercera sesi\u00f3n de Consejo de Gobierno celebrada este viernes<\/figcaption><\/figure>\n<p>El rector de la Universidad Pablo de Olavide, <strong>Francisco Oliva<\/strong>, ha presentado en Consejo de Gobierno el <a href=\"https:\/\/upo.gob.es\/teo\/#teo-subsection-1-6\"><strong>Plan de Medidas Urgentes para el Ahorro Energ\u00e9tico<\/strong> en la UPO, publicado hoy en Resoluci\u00f3n Rectoral<\/a>. Este Plan responde a la necesidad de actuar de forma urgente ante las graves consecuencias econ\u00f3micas que est\u00e1 provocando la actual crisis en materia energ\u00e9tica.<\/p>\n<p>Aunque <strong>la Universidad Pablo de Olavide desarrolla una pol\u00edtica en eficiencia energ\u00e9tica que ha sido galardonada por las buenas pr\u00e1cticas en sus instalaciones<\/strong> y que se ha visto reforzada en los \u00faltimos meses, la actual coyuntura obliga a reforzar a\u00fan m\u00e1s las acciones desplegadas en este campo. No en vano, se estima que el gasto el\u00e9ctrico previsto para el a\u00f1o 2023 experimente un incremento de 2 millones de euros aproximadamente para la Olavide.<\/p>\n<p>Entre las principales medidas que se establecen en el Plan, se encuentran la <strong>limitaci\u00f3n en la temperatura fijada por los sistemas de climatizaci\u00f3n<\/strong>, en virtud de la aplicaci\u00f3n del Real Decreto-Ley 14\/2022, de 1 de agosto (19 como m\u00e1ximo para espacios calefactados y 27 grados para refrigerados) o la c<strong>onexi\u00f3n limitada de los sistemas<\/strong> de calefacci\u00f3n. En este sentido, estar\u00e1n en funcionamiento cuando la temperatura m\u00ednima sea inferior a 8 grados o cuando se den dos circunstancias: la temperatura m\u00ednima exterior est\u00e9 por debajo de 12 y la temperatura m\u00e1xima por debajo de 20.<\/p>\n<p>El horario tambi\u00e9n estar\u00e1 regulado: <strong>la calefacci\u00f3n permanecer\u00e1 apagada entre las 12:00 y las 16:00. Y tambi\u00e9n entre las 20:00 y las 7:00.<\/strong> <strong>La iluminaci\u00f3n exterior se reducir\u00e1 al 33 por ciento de su capacidad tras el cierre del metro<\/strong> y seguir\u00e1 el proceso de sustituci\u00f3n de las l\u00e1mparas incandescentes y hal\u00f3genas por las de tecnolog\u00eda LED. <strong>Se prohibir\u00e1 el uso de dispositivos el\u00e9ctricos individuales<\/strong> y se proceder\u00e1 al <strong>cierre de determinados edificios administrativos en horario de tarde<\/strong>, cuya actividad pasar\u00e1 a modalidad de teletrabajo y\/o asistencia en l\u00ednea, siempre que sea posible.<\/p>\n<p>Junto a este Plan, la Universidad Pablo de Olavide lleva tiempo desarrollando otros proyectos en l\u00ednea con la eficiencia energ\u00e9tica, como la instalaci\u00f3n de una placa fotovoltaica en el campus, de la que ya se ha iniciado el proceso de adjudicaci\u00f3n. Tambi\u00e9n para la Residencia Universitaria Flora Trist\u00e1n y algunos de los edificios deportivos se han solicitado subvenciones para proyectos de ahorro energ\u00e9tico.<\/p>\n<p>En Consejo de Gobierno el rector ha indicado que este plan ir\u00e1 acompa\u00f1ado de una campa\u00f1a de sensibilizaci\u00f3n y concienciaci\u00f3n a la comunidad universitaria para que, a trav\u00e9s de \u201cpeque\u00f1os gestos\u201d (apagar los equipos inform\u00e1ticos cuando no se utilizan, evitar imprimir lo innecesario, apagar la luz al salir de las estancias, etc.) se minimice el gasto el\u00e9ctrico.<\/p>\n<p>El plan entrar\u00e1 en vigor el 1 de noviembre y se extender\u00e1 hasta el 31 de marzo de 2023, siendo revisado (mensualmente) y modificado en funci\u00f3n de su impacto sobre la comunidad universitaria y el ahorro energ\u00e9tico generado.<\/p>\n<p>Se estima que con estas medias se alcance un ahorro de hasta un 30 por ciento para la instituci\u00f3n.<\/p>\n<h3><strong>Nuevas acciones con motivo del 25 Aniversario<\/strong><\/h3>\n<p>Por otra parte, Oliva tambi\u00e9n ha informado en Consejo de Gobierno sobre otros asuntos que han ocupado a la instituci\u00f3n en el \u00faltimo mes. Entre otras cuestiones (toda la informaci\u00f3n se encuentra publicada por Secretar\u00eda General en los Informes del Rector y en los principales acuerdos de Consejo de Gobierno), ha abordado el tema de la financiaci\u00f3n de la Universidad, la pol\u00edtica de personal, el proyecto de la Alianza Europea de Universidades (para el que ha mantenido una reuni\u00f3n en Suecia con el resto de representantes de las universidades del consorcio a mediados de octubre) o los primeros pasos que se han dado en la creaci\u00f3n del Colegio de Profesores Em\u00e9ritos de la UPO, \u00f3rgano de reuni\u00f3n que pone en valor al profesorado em\u00e9rito de la Universidad y que va a visibilizar principalmente la actividad acad\u00e9mica del mismo.<\/p>\n<p>En cuanto a otras noticias de inter\u00e9s, Francisco Oliva ha comunicado que el cup\u00f3n de Fundaci\u00f3n ONCE del 25 de enero estar\u00e1 dedicado a la Universidad Pablo de Olavide, con motivo del 25 aniversario. Asimismo, ha informado sobre los pr\u00f3ximos eventos que tendr\u00e1n lugar con motivo de esta efem\u00e9ride, como la <strong>exposici\u00f3n de 30 mupis en la Avenida de la Constituci\u00f3n<\/strong> que recoge los principales valores de la Universidad en sus 25 a\u00f1os de existencia y que podr\u00e1 visitarse entre el 2 y el 14 de noviembre.<\/p>\n<p>Asimismo, ha destacado el <strong>premio recibido por el Consejo Superior de Deporte al proyecto <em>Be Active<\/em> de la UPO<\/strong> y ha resaltado la posici\u00f3n de la Universidad Pablo de Olavide en el r\u00e1nking <em>Times Higher Education<\/em>, en el rango 800-1000. El rector ha puesto en valor que en estas listas clasificatorias la UPO suele situarse en tercera posici\u00f3n a nivel regional y en d\u00e9cimo cuarta o d\u00e9cimo quinta a nivel nacional. \u00a0\u201cNos estamos posicionando claramente\u201d, ha subrayado.<\/p>\n<p>Por \u00faltimo, Francisco Oliva ha querido transmitir el p\u00e9same por el fallecimiento del profesor Juan Marchena, \u201cprofesor capital en la Universidad y uno de los primeros vicerrectores implicados en la fundaci\u00f3n de la instituci\u00f3n\u201d.<\/p>\n<h3><strong>Acuerdos<\/strong><\/h3>\n<p>Entre los acuerdos alcanzados en esta vig\u00e9simo tercera sesi\u00f3n, destaca el calendario de acciones previstas para la planificaci\u00f3n acad\u00e9mica de ense\u00f1anzas oficiales y la ordenaci\u00f3n docente del curso 2023\/2024 o la aprobaci\u00f3n del Reglamento de Formaci\u00f3n del Personal de Administraci\u00f3n y Servicios de la Universidad Pablo de Olavide, de Sevilla, entre otros.<\/p>\n<p><strong>M\u00e1s informaci\u00f3n:<\/strong> Todos los acuerdos que se han adoptado por el Consejo de Gobierno de la Universidad Pablo de Olavide pueden consultar los en el espacio \u2018Acuerdos\u2019 de la p\u00e1gina web de Secretar\u00eda General.<\/p>\n<p><a href=\"https:\/\/www.upo.es\/organos-colegiados\/consejo-de-gobierno\/informes-acuerdos-y-actas\/acuerdos\/2022\/\">https:\/\/www.upo.es\/organos-colegiados\/consejo-de-gobierno\/informes-acuerdos-y-actas\/acuerdos\/2022\/<\/a><\/p>\n","protected":false},"excerpt":{"rendered":"<p>El rector de la Universidad Pablo de Olavide, Francisco Oliva, ha presentado en Consejo de Gobierno el Plan de Medidas Urgentes para el Ahorro Energ\u00e9tico en la UPO, publicado hoy en Resoluci\u00f3n Rectoral. Este Plan responde a la necesidad de actuar de forma urgente ante las graves consecuencias econ\u00f3micas que est\u00e1 provocando la actual crisis en materia energ\u00e9tica.<\/p>\n","protected":false},"author":15,"featured_media":30875905,"comment_status":"closed","ping_status":"open","sticky":false,"template":"","format":"standard","meta":{"_monsterinsights_skip_tracking":false,"_monsterinsights_sitenote_active":false,"_monsterinsights_sitenote_note":"","_monsterinsights_sitenote_category":0,"footnotes":""},"categories":[6],"tags":[8016,8050,102,144,8051,913,833,4021,38],"class_list":["post-30875904","post","type-post","status-publish","format-standard","has-post-thumbnail","hentry","category-institucional","tag-25-aniversario","tag-ahorro","tag-consejo-de-gobierno","tag-crisis","tag-eficiencia","tag-eficiencia-energetica","tag-energia","tag-francisco-oliva-blazquez","tag-rector"],"_links":{"self":[{"href":"https:\/\/www.upo.es\/diario\/wp-json\/wp\/v2\/posts\/30875904","targetHints":{"allow":["GET"]}}],"collection":[{"href":"https:\/\/www.upo.es\/diario\/wp-json\/wp\/v2\/posts"}],"about":[{"href":"https:\/\/www.upo.es\/diario\/wp-json\/wp\/v2\/types\/post"}],"author":[{"embeddable":true,"href":"https:\/\/www.upo.es\/diario\/wp-json\/wp\/v2\/users\/15"}],"replies":[{"embeddable":true,"href":"https:\/\/www.upo.es\/diario\/wp-json\/wp\/v2\/comments?post=30875904"}],"version-history":[{"count":6,"href":"https:\/\/www.upo.es\/diario\/wp-json\/wp\/v2\/posts\/30875904\/revisions"}],"predecessor-version":[{"id":30875911,"href":"https:\/\/www.upo.es\/diario\/wp-json\/wp\/v2\/posts\/30875904\/revisions\/30875911"}],"wp:featuredmedia":[{"embeddable":true,"href":"https:\/\/www.upo.es\/diario\/wp-json\/wp\/v2\/media\/30875905"}],"wp:attachment":[{"href":"https:\/\/www.upo.es\/diario\/wp-json\/wp\/v2\/media?parent=30875904"}],"wp:term":[{"taxonomy":"category","embeddable":true,"href":"https:\/\/www.upo.es\/diario\/wp-json\/wp\/v2\/categories?post=30875904"},{"taxonomy":"post_tag","embeddable":true,"href":"https:\/\/www.upo.es\/diario\/wp-json\/wp\/v2\/tags?post=30875904"}],"curies":[{"name":"wp","href":"https:\/\/api.w.org\/{rel}","templated":true}]}}