{"id":30875973,"date":"2022-11-03T10:17:06","date_gmt":"2022-11-03T09:17:06","guid":{"rendered":"https:\/\/www.upo.es\/diario\/?p=30875973"},"modified":"2022-11-07T12:04:23","modified_gmt":"2022-11-07T11:04:23","slug":"el-coro-y-ensamble-de-la-upo-en-concierto-por-el-v-centenario-de-la-muerte-de-antonio-de-nebrija","status":"publish","type":"post","link":"https:\/\/www.upo.es\/diario\/cultura-social\/2022\/11\/el-coro-y-ensamble-de-la-upo-en-concierto-por-el-v-centenario-de-la-muerte-de-antonio-de-nebrija\/","title":{"rendered":"El Coro y Ensamble de la UPO, en concierto por el V Centenario de la muerte de Antonio de Nebrija"},"content":{"rendered":"<p><a href=\"https:\/\/www.upo.es\/diario\/wp-content\/uploads\/2022\/11\/Concierto-NEBRIJA_cartel.jpg\"><img loading=\"lazy\" decoding=\"async\" class=\"alignright size-medium wp-image-30875974\" src=\"https:\/\/www.upo.es\/diario\/wp-content\/uploads\/2022\/11\/Concierto-NEBRIJA_cartel-275x385.jpg\" alt=\"concierto centenario Nebrija\" width=\"275\" height=\"385\" srcset=\"https:\/\/www.upo.es\/diario\/wp-content\/uploads\/2022\/11\/Concierto-NEBRIJA_cartel-275x385.jpg 275w, https:\/\/www.upo.es\/diario\/wp-content\/uploads\/2022\/11\/Concierto-NEBRIJA_cartel-536x750.jpg 536w, https:\/\/www.upo.es\/diario\/wp-content\/uploads\/2022\/11\/Concierto-NEBRIJA_cartel-768x1075.jpg 768w, https:\/\/www.upo.es\/diario\/wp-content\/uploads\/2022\/11\/Concierto-NEBRIJA_cartel-1097x1536.jpg 1097w, https:\/\/www.upo.es\/diario\/wp-content\/uploads\/2022\/11\/Concierto-NEBRIJA_cartel.jpg 1240w\" sizes=\"auto, (max-width: 275px) 100vw, 275px\" \/><\/a>El Coro y Ensamble instrumental de la Universidad Pablo de Olavide ofrecen el concierto \u2018M\u00fasica en la \u00e9poca de Antonio de Nebrija\u2019, <strong>este viernes 4 de noviembre a las 20:00 horas en el Teatro Municipal Juan Bernab\u00e9 de Lebrija con motivo del V Centenario de la muerte del insigne humanista y en el marco de los actos por el 25 aniversario<\/strong> de la instituci\u00f3n acad\u00e9mica. La entrada es libre hasta completar aforo previa reserva en <a href=\"https:\/\/entradium.com\/es\/events\/musica-en-la-epoca-de-antonio-de-nebrija\">https:\/\/entradium.com\/es\/events\/musica-en-la-epoca-de-antonio-de-nebrija<\/a><\/p>\n<p>El Vicerrectorado de Cultura y Pol\u00edticas Sociales, a trav\u00e9s del Servicio de Extensi\u00f3n Cultural, produce este concierto en el marco del convenio espec\u00edfico de colaboraci\u00f3n suscrito entre la UPO y el Ayuntamiento de Lebrija y dentro del <strong>\u2018A\u00f1o Cultural Nebrija\u2019<\/strong> que cuenta con el respaldo del Gobierno de Espa\u00f1a, la Junta de Andaluc\u00eda, la Diputaci\u00f3n de Sevilla, el Instituto Cervantes, la Real Academia Espa\u00f1ola y otras numerosas universidades e instituciones con el objetivo de dar a conocer la figura de Elio Antonio de Nebrija.<\/p>\n<p>Seg\u00fan el director musical del Coro, Jorge Rodr\u00edguez Morata, y el director art\u00edstico, Miguel Rodr\u00edguez Rodr\u00edguez, el programa que se ofrecer\u00e1 supone una \u201crecreaci\u00f3n sonora de toda una vida dedicada de manera apasionada al saber, la investigaci\u00f3n, la comunicaci\u00f3n y la ciencia\u201d. As\u00ed, explican que \u201cNebrija podr\u00eda haberse dedicado a cualquier ciencia y hubiera prosperado\u201d, pero que, a pesar de consagrarse a la gram\u00e1tica y la historia de manera evidente, \u201csu inquietud lo llev\u00f3 a hacer que la ciencia avanzara en muchos m\u00e1s campos, lo que hace de \u00e9l un personaje \u00fanico y trascendental y una figura esencial en el paso de la Edad Media al Estado Moderno\u201d.<\/p>\n<p>El Coro de la UPO fue fundado en 2008 y su trabajo se enmarca en el Programa Artes y Formaci\u00f3n. Est\u00e1 formado por personas tanto de la comunidad universitaria como de la sociedad en general y supone un espacio de formaci\u00f3n especializada como agrupaci\u00f3n art\u00edstica de la Universidad. Adem\u00e1s, est\u00e1 constituido como asociaci\u00f3n cultural.<\/p>\n<p>En esta ocasi\u00f3n, el Coro estar\u00e1 acompa\u00f1ado por un Ensamble conformado por m\u00fasicos de reconocido prestigio, entre los que destaca el maestro Aziz Samsaoui, y la presencia de la soprano Roc\u00edo de Frutos, habitual colaboradora y voz imprescindible de la m\u00fasica de Sevilla.<\/p>\n<h3><strong>Patrimonio ling\u00fc\u00edstico. A prop\u00f3sito de la figura de Nebrija<\/strong><\/h3>\n<p>En el marco de los actos por el V Centenario de Nebrija, la Casa de la Provincia de la Diputaci\u00f3n de Sevilla y la Facultad de Humanidades y el \u00c1rea de Historia del Arte de la Universidad Pablo de Olavide organizan las XVI Jornadas de Patrimonio Hist\u00f3rico y Cultural de la Provincia de Sevilla. En esta ocasi\u00f3n, este encuentro estar\u00e1 dedicado al patrimonio ling\u00fc\u00edstico con ocasi\u00f3n del \u2018A\u00f1o Cultural Nebrija\u2019.<\/p>\n<p>Con la colaboraci\u00f3n del Museo de Alcal\u00e1 de Guada\u00edra y el Ayuntamiento de Lebrija, estas jornadas sirven para explorar la figura de Antonio de Nebrija y su obra, su aportaci\u00f3n a la historia del castellano y su legado cultural. Asimismo, el programa acad\u00e9mico aborda c\u00f3mo era la provincia de Sevilla en su \u00e9poca y el legado cultural que dej\u00f3 su obra.<\/p>\n<p>Durante los d\u00edas 30 de noviembre y 1 de diciembre, la organizaci\u00f3n ha distribuido tres sesiones de forma que en la primera jornada se abordar\u00e1 la Sesi\u00f3n I \u2018A prop\u00f3sito de una conmemoraci\u00f3n. Razones para celebrar a Elio Antonio de Nebrija\u2019 y la Sesi\u00f3n II \u2018Patrimonio ling\u00fc\u00edstico en la provincia de Sevilla\u2019. Finalmente, la segunda jornada se desarrollar\u00e1 bajo el t\u00edtulo \u2018Nebrija y su \u00e9poca\u2019.<\/p>\n<p>La inscripci\u00f3n es gratuita a trav\u00e9s del correo electr\u00f3nico <a href=\"mailto:josereinamacias@dipusevilla.es\">josereinamacias@dipusevilla.es<\/a> y las personas asistentes recibir\u00e1n certificado personal emitido por la Casa de la Provincia.<\/p>\n<h3><strong>Programa<\/strong><\/h3>\n<p>El programa del Coro y Ensamble de la Universidad Pablo de Olavide para el Concierto \u2018M\u00fasica en la \u00e9poca de Antonio de Nebrija\u2019 lo compone un repertorio atractivo para el p\u00fablico e int\u00e9rpretes con m\u00fasicos e instrumentos de \u00e9poca y con unas interpretaciones historicistas seg\u00fan el gusto de la \u00e9poca. As\u00ed, unos instrumentos dan paso a otros y la alternancia forma parte de las interpretaciones m\u00e1s habituales.<\/p>\n<p>No faltar\u00e1 ninguno de los grandes autores contempor\u00e1neos de Nebrija adem\u00e1s de otros que se han incorporado que, siendo algo posteriores, se identifican claramente con la zona geogr\u00e1fica o el momento hist\u00f3rico de la vida del humanista<\/p>\n<p><em>A la una yo nac\u00ed<\/em>. An\u00f3nimo<br \/>\n<em>Propi\u00f1an de Melyor<\/em>. An\u00f3nimo<br \/>\n<em>Con amores la mi Madre<\/em>. Juan de Anchieta. (1462-1523)<br \/>\n<em>Ave virgo Sanctissima<\/em>. Ant\u00edfona mariana. Francisco de Guerrero. (1528-1599)<br \/>\n<em>Passacalle<\/em>, A. Falconieri (1586 \u2013 1656)<br \/>\n<em>Dolce Amoroso foco<\/em>, Franciscus Bossinensis (1509 \u2013 1511)<br \/>\n<em>Amor con fortuna<\/em>. J. del Encina (1468-1529)<br \/>\n<em>Una sa\u00f1osa porf\u00eda<\/em>. J. del Encina. Madrid, Biblioteca Real, MS II &#8211; 1335<br \/>\n<em>Lindos ojos aveys, se\u00f1ora<\/em>. J. V\u00e1squez (1500 \u2013 1563)<br \/>\n<em>Si me llaman, a m\u00ed llaman<\/em>.\u00a0 J. V\u00e1squez<br \/>\n<em>La Spagna<\/em>, Danza Alta<br \/>\nLevanta Pascual. J. del Encina. Madrid, Biblioteca Real, MS II &#8211; 1335<br \/>\n<em>El que rige y el regido<\/em>. J. del Encina<br \/>\n<em>Viva el Gran Rey don Fernando<\/em>, Carlo Verardi (c. 1440 \u2013 c. 1500)<br \/>\n<em>Por las sierras de Madrid<\/em>. Pe\u00f1alosa (1470 &#8211; 1528)<br \/>\n<em>Virgen Bendita sin par<\/em>. Pedro de Escobar (1465 \u2013 1535)<br \/>\n<em>Nunca fue pena Mayor<\/em>. Juan de Urrede (1430 \u2013 1482)<br \/>\n<em>Absolve Domine<\/em>, Juan V\u00e1squez (1500 \u2013 1563)<\/p>\n<p>&nbsp;<\/p>\n","protected":false},"excerpt":{"rendered":"<p>El Coro y Ensamble instrumental de la Universidad Pablo de Olavide ofrecen el concierto \u2018M\u00fasica en la \u00e9poca de Antonio de Nebrija\u2019, este viernes 4 de noviembre a las 20:00 horas en el Teatro Municipal Juan Bernab\u00e9 de Lebrija con motivo del V Centenario de la muerte del insigne humanista y en el marco de los actos por el 25<a class=\"read-more\" href=\"https:\/\/www.upo.es\/diario\/cultura-social\/2022\/11\/el-coro-y-ensamble-de-la-upo-en-concierto-por-el-v-centenario-de-la-muerte-de-antonio-de-nebrija\/\">[Read More&#8230;]<\/a><\/p>\n","protected":false},"author":6,"featured_media":30875974,"comment_status":"closed","ping_status":"open","sticky":false,"template":"","format":"standard","meta":{"_monsterinsights_skip_tracking":false,"_monsterinsights_sitenote_active":false,"_monsterinsights_sitenote_note":"","_monsterinsights_sitenote_category":0,"footnotes":""},"categories":[5843],"tags":[8016,8049,8066,403,71,7194],"class_list":["post-30875973","post","type-post","status-publish","format-standard","has-post-thumbnail","hentry","category-cultura-social","tag-25-aniversario","tag-antonio-de-nebrija","tag-centenario","tag-concierto","tag-coro","tag-vicerrectorado-de-cultura-y-politicas-sociales"],"_links":{"self":[{"href":"https:\/\/www.upo.es\/diario\/wp-json\/wp\/v2\/posts\/30875973","targetHints":{"allow":["GET"]}}],"collection":[{"href":"https:\/\/www.upo.es\/diario\/wp-json\/wp\/v2\/posts"}],"about":[{"href":"https:\/\/www.upo.es\/diario\/wp-json\/wp\/v2\/types\/post"}],"author":[{"embeddable":true,"href":"https:\/\/www.upo.es\/diario\/wp-json\/wp\/v2\/users\/6"}],"replies":[{"embeddable":true,"href":"https:\/\/www.upo.es\/diario\/wp-json\/wp\/v2\/comments?post=30875973"}],"version-history":[{"count":1,"href":"https:\/\/www.upo.es\/diario\/wp-json\/wp\/v2\/posts\/30875973\/revisions"}],"predecessor-version":[{"id":30875975,"href":"https:\/\/www.upo.es\/diario\/wp-json\/wp\/v2\/posts\/30875973\/revisions\/30875975"}],"wp:featuredmedia":[{"embeddable":true,"href":"https:\/\/www.upo.es\/diario\/wp-json\/wp\/v2\/media\/30875974"}],"wp:attachment":[{"href":"https:\/\/www.upo.es\/diario\/wp-json\/wp\/v2\/media?parent=30875973"}],"wp:term":[{"taxonomy":"category","embeddable":true,"href":"https:\/\/www.upo.es\/diario\/wp-json\/wp\/v2\/categories?post=30875973"},{"taxonomy":"post_tag","embeddable":true,"href":"https:\/\/www.upo.es\/diario\/wp-json\/wp\/v2\/tags?post=30875973"}],"curies":[{"name":"wp","href":"https:\/\/api.w.org\/{rel}","templated":true}]}}