{"id":30876010,"date":"2022-11-07T12:41:27","date_gmt":"2022-11-07T11:41:27","guid":{"rendered":"https:\/\/www.upo.es\/diario\/?p=30876010"},"modified":"2022-11-10T16:49:12","modified_gmt":"2022-11-10T15:49:12","slug":"la-upo-acoge-las-i-jornadas-de-la-red-de-investigacion-en-actividad-fisica-en-entorno-laboral","status":"publish","type":"post","link":"https:\/\/www.upo.es\/diario\/docencia-formacion\/2022\/11\/la-upo-acoge-las-i-jornadas-de-la-red-de-investigacion-en-actividad-fisica-en-entorno-laboral\/","title":{"rendered":"El rector inaugura las I Jornadas de la Red de Investigaci\u00f3n en Actividad F\u00edsica en Entorno Laboral"},"content":{"rendered":"<figure id=\"attachment_30876032\" aria-describedby=\"caption-attachment-30876032\" style=\"width: 750px\" class=\"wp-caption aligncenter\"><a href=\"https:\/\/www.upo.es\/diario\/wp-content\/uploads\/2022\/11\/Jornadas-RIIAFEL-3_grupo.jpg\"><img loading=\"lazy\" decoding=\"async\" class=\"size-large wp-image-30876032\" src=\"https:\/\/www.upo.es\/diario\/wp-content\/uploads\/2022\/11\/Jornadas-RIIAFEL-3_grupo-750x320.jpg\" alt=\"\" width=\"750\" height=\"320\" srcset=\"https:\/\/www.upo.es\/diario\/wp-content\/uploads\/2022\/11\/Jornadas-RIIAFEL-3_grupo-750x320.jpg 750w, https:\/\/www.upo.es\/diario\/wp-content\/uploads\/2022\/11\/Jornadas-RIIAFEL-3_grupo-385x164.jpg 385w, https:\/\/www.upo.es\/diario\/wp-content\/uploads\/2022\/11\/Jornadas-RIIAFEL-3_grupo-768x327.jpg 768w, https:\/\/www.upo.es\/diario\/wp-content\/uploads\/2022\/11\/Jornadas-RIIAFEL-3_grupo-1536x655.jpg 1536w, https:\/\/www.upo.es\/diario\/wp-content\/uploads\/2022\/11\/Jornadas-RIIAFEL-3_grupo-1320x563.jpg 1320w, https:\/\/www.upo.es\/diario\/wp-content\/uploads\/2022\/11\/Jornadas-RIIAFEL-3_grupo.jpg 1774w\" sizes=\"auto, (max-width: 750px) 100vw, 750px\" \/><\/a><figcaption id=\"caption-attachment-30876032\" class=\"wp-caption-text\">Sesi\u00f3n inaugural de RIIAFEL<\/figcaption><\/figure>\n<p>El rector de la Universidad Pablo de Olavide, <strong>Francisco Oliva Bl\u00e1zquez<\/strong>, ha inaugurado las <strong>I Jornadas de la \u2018Red Internacional de Investigaci\u00f3n en Actividad F\u00edsica en el Entorno Laboral: Un an\u00e1lisis desde la perspectiva de g\u00e9nero\u2019 (RIIAFEL)<\/strong> que re\u00fanen en el campus de la UPO a representantes de las universidades y empresas que participan en el proyecto. En la inauguraci\u00f3n, el rector ha estado acompa\u00f1ado por el vicerrector de Campus Saludable y Deporte, <strong>Antonio Fern\u00e1ndez Mart\u00ednez<\/strong>, que lidera este proyecto de investigaci\u00f3n en red financiado por el Consejo Superior de Deportes.<\/p>\n<p><a href=\"https:\/\/www.upo.es\/diario\/wp-content\/uploads\/2022\/11\/Jornadas-RIIAFEL-scaled.jpg\"><img loading=\"lazy\" decoding=\"async\" class=\"size-medium wp-image-30876033 alignleft\" src=\"https:\/\/www.upo.es\/diario\/wp-content\/uploads\/2022\/11\/Jornadas-RIIAFEL-385x217.jpg\" alt=\"\" width=\"385\" height=\"217\" srcset=\"https:\/\/www.upo.es\/diario\/wp-content\/uploads\/2022\/11\/Jornadas-RIIAFEL-385x217.jpg 385w, https:\/\/www.upo.es\/diario\/wp-content\/uploads\/2022\/11\/Jornadas-RIIAFEL-750x422.jpg 750w, https:\/\/www.upo.es\/diario\/wp-content\/uploads\/2022\/11\/Jornadas-RIIAFEL-768x432.jpg 768w, https:\/\/www.upo.es\/diario\/wp-content\/uploads\/2022\/11\/Jornadas-RIIAFEL-1536x864.jpg 1536w, https:\/\/www.upo.es\/diario\/wp-content\/uploads\/2022\/11\/Jornadas-RIIAFEL-2048x1152.jpg 2048w\" sizes=\"auto, (max-width: 385px) 100vw, 385px\" \/><\/a>En su intervenci\u00f3n, el rector ha se\u00f1alado que la actividad f\u00edsica y el deporte \u201ces un elemento fundamental de esta universidad, m\u00e1s all\u00e1 de la Facultad de Ciencias del Deporte, porque es un elemento ya de salud\u201d. Asimismo, ha enfatizado que se trata de una materia incardinada en la estrategia del equipo de gobierno de la UPO y ha recordado que es la primera ocasi\u00f3n que esta cuenta con un Vicerrectorado de Campus Saludable y Deporte. Finalmente, ha destacado la importancia de la perspectiva de g\u00e9nero en la que incide esta red internacional de investigaci\u00f3n \u201csi queremos una actuaci\u00f3n que llegue a todos y todas por igual\u201d.<\/p>\n<p>Por su parte, el vicerrector ha se\u00f1alado que RIIAFEL \u201csurge del programa de gobierno de la Universidad Pablo de Olavide para que fuese un entorno promotor de salud. Con esta red, queremos aprovechar las sinergias entre el personal investigador de diferentes universidades para desarrollar proyectos desde diversas \u00e1reas de conocimiento y que los centros de trabajo se conviertan en entornos saludables\u201d. Adem\u00e1s, ha subrayado la necesidad de que \u201cen el salario emocional, la actividad f\u00edsica sea parte importante como ya lo son la conciliaci\u00f3n familiar, la motivaci\u00f3n o las posibilidades de promoci\u00f3n. Queremos desarrollar proyectos y ver hasta d\u00f3nde podemos llegar en las empresas\u201d.<\/p>\n<p>La mesa inaugural ha dado paso a la presentaci\u00f3n del Congreso CODES y, tras la pausa, la profesora de la Facultad de Ciencias del Deporte de la Universidad Pablo de Olavide <strong>\u00c1frica Calvo Luch<\/strong> desarrolla la conferencia \u2018Experiencia Acerinox\u2019. A continuaci\u00f3n, <strong>Roberto Ruiz S\u00e1nchez<\/strong>, de la Escuela Polit\u00e9cnica Superior, presenta la ponencia \u2018Aplicaci\u00f3n APPTCmoverse\u2019. Por \u00faltimo, <strong>Soledad V\u00e1zquez Santiago<\/strong>, del Departamento de Enfermer\u00eda de la Universidad de Sevilla, con \u2018Sobre la perspectiva de g\u00e9nero\u2019, cierra el ciclo de conferencias que da paso la presentaci\u00f3n del Informe RIIAFEL y la Comisi\u00f3n Plenaria de los miembros de la Red.<\/p>\n<p>Con esta primera jornada, RIIAFEL hace balance de la aportaci\u00f3n de evidencias cient\u00edficas sobre programas eficaces, adaptados al contexto sociocultural, con perspectiva de g\u00e9nero y centrados principalmente en los resultados relacionados con el trabajo. Adem\u00e1s de aplicaciones tecnol\u00f3gicas que puedan complementar las intervenciones, que se encuentran entre sus objetivos principales.<\/p>\n<p>Esta red nace para estudiar, proponer y evaluar, desde una perspectiva interdisciplinar, el impacto de programas de actividad f\u00edsica en el lugar de trabajo. El proyecto parte del convencimiento de que los centros de trabajo pueden convertirse en escenarios estrat\u00e9gicos para la promoci\u00f3n de la salud de la poblaci\u00f3n activa, principalmente de las mujeres trabajadoras y, as\u00ed, contribuir a generar una cultura del trabajo centrada en las personas, que haga compatible la salud y el bienestar con el rendimiento empresarial.<\/p>\n<p>En RIIAFEL participan, adem\u00e1s de la Universidad Pablo de Olavide, las universidades de Sevilla, Zaragoza, Huelva, Granada, C\u00e1diz y la Cat\u00f3lica de Valencia San Vicente M\u00e1rtir. En el \u00e1mbito internacional, el proyecto integra instituciones como la Universidad de Costa Rica, la Aut\u00f3noma de Nuevo Le\u00f3n y la Universidad de Kent. Adem\u00e1s, cuenta con la colaboraci\u00f3n de importantes empresas como ITURRI, Corner Safety Ecosystem, Cepsa (Refiner\u00eda La R\u00e1bida) o Entreenate, Salud y Deporte.<\/p>\n<p><a href=\"https:\/\/www.upo.es\/diario\/wp-content\/uploads\/2022\/11\/Jornadas-RIIAFEL-2-scaled.jpg\"><img loading=\"lazy\" decoding=\"async\" class=\"aligncenter size-large wp-image-30876036\" src=\"https:\/\/www.upo.es\/diario\/wp-content\/uploads\/2022\/11\/Jornadas-RIIAFEL-2-750x500.jpg\" alt=\"\" width=\"750\" height=\"500\" srcset=\"https:\/\/www.upo.es\/diario\/wp-content\/uploads\/2022\/11\/Jornadas-RIIAFEL-2-750x500.jpg 750w, https:\/\/www.upo.es\/diario\/wp-content\/uploads\/2022\/11\/Jornadas-RIIAFEL-2-385x257.jpg 385w, https:\/\/www.upo.es\/diario\/wp-content\/uploads\/2022\/11\/Jornadas-RIIAFEL-2-768x512.jpg 768w, https:\/\/www.upo.es\/diario\/wp-content\/uploads\/2022\/11\/Jornadas-RIIAFEL-2-1536x1024.jpg 1536w, https:\/\/www.upo.es\/diario\/wp-content\/uploads\/2022\/11\/Jornadas-RIIAFEL-2-2048x1365.jpg 2048w\" sizes=\"auto, (max-width: 750px) 100vw, 750px\" \/><\/a><\/p>\n","protected":false},"excerpt":{"rendered":"<p>El rector de la Universidad Pablo de Olavide, Francisco Oliva Bl\u00e1zquez, ha inaugurado las I Jornadas de la \u2018Red Internacional de Investigaci\u00f3n en Actividad F\u00edsica en el Entorno Laboral: Un an\u00e1lisis desde la perspectiva de g\u00e9nero\u2019 (RIIAFEL) que re\u00fanen en el campus de la UPO a representantes de las universidades y empresas que participan en el proyecto. En la inauguraci\u00f3n, el rector ha estado acompa\u00f1ado por el vicerrector de Campus Saludable y Deporte, Antonio Fern\u00e1ndez Mart\u00ednez, que lidera este proyecto de investigaci\u00f3n en red financiado por el Consejo Superior de Deportes.<\/p>\n","protected":false},"author":14,"featured_media":30876036,"comment_status":"closed","ping_status":"open","sticky":false,"template":"","format":"standard","meta":{"_monsterinsights_skip_tracking":false,"_monsterinsights_sitenote_active":false,"_monsterinsights_sitenote_note":"","_monsterinsights_sitenote_category":0,"footnotes":""},"categories":[2779],"tags":[666,7428,3342,4021,6244,38,6325,7963],"class_list":["post-30876010","post","type-post","status-publish","format-standard","has-post-thumbnail","hentry","category-docencia-formacion","tag-actividad-fisica","tag-antonio-fernandez-martinez","tag-facultad-de-ciencias-del-deporte","tag-francisco-oliva-blazquez","tag-perspectiva-de-genero","tag-rector","tag-red-de-investigacion","tag-riiafel"],"_links":{"self":[{"href":"https:\/\/www.upo.es\/diario\/wp-json\/wp\/v2\/posts\/30876010","targetHints":{"allow":["GET"]}}],"collection":[{"href":"https:\/\/www.upo.es\/diario\/wp-json\/wp\/v2\/posts"}],"about":[{"href":"https:\/\/www.upo.es\/diario\/wp-json\/wp\/v2\/types\/post"}],"author":[{"embeddable":true,"href":"https:\/\/www.upo.es\/diario\/wp-json\/wp\/v2\/users\/14"}],"replies":[{"embeddable":true,"href":"https:\/\/www.upo.es\/diario\/wp-json\/wp\/v2\/comments?post=30876010"}],"version-history":[{"count":5,"href":"https:\/\/www.upo.es\/diario\/wp-json\/wp\/v2\/posts\/30876010\/revisions"}],"predecessor-version":[{"id":30876040,"href":"https:\/\/www.upo.es\/diario\/wp-json\/wp\/v2\/posts\/30876010\/revisions\/30876040"}],"wp:featuredmedia":[{"embeddable":true,"href":"https:\/\/www.upo.es\/diario\/wp-json\/wp\/v2\/media\/30876036"}],"wp:attachment":[{"href":"https:\/\/www.upo.es\/diario\/wp-json\/wp\/v2\/media?parent=30876010"}],"wp:term":[{"taxonomy":"category","embeddable":true,"href":"https:\/\/www.upo.es\/diario\/wp-json\/wp\/v2\/categories?post=30876010"},{"taxonomy":"post_tag","embeddable":true,"href":"https:\/\/www.upo.es\/diario\/wp-json\/wp\/v2\/tags?post=30876010"}],"curies":[{"name":"wp","href":"https:\/\/api.w.org\/{rel}","templated":true}]}}