{"id":30876026,"date":"2022-11-07T06:43:42","date_gmt":"2022-11-07T05:43:42","guid":{"rendered":"https:\/\/www.upo.es\/diario\/?p=30876026"},"modified":"2022-11-07T11:45:15","modified_gmt":"2022-11-07T10:45:15","slug":"la-universidad-pablo-de-olavide-acoge-el-congreso-internacional-baryons-2022","status":"publish","type":"post","link":"https:\/\/www.upo.es\/diario\/docencia-formacion\/2022\/11\/la-universidad-pablo-de-olavide-acoge-el-congreso-internacional-baryons-2022\/","title":{"rendered":"La Universidad Pablo de Olavide acoge el Congreso Internacional \u2018Baryons 2022\u2019"},"content":{"rendered":"<figure id=\"attachment_30876028\" aria-describedby=\"caption-attachment-30876028\" style=\"width: 750px\" class=\"wp-caption aligncenter\"><a href=\"https:\/\/www.upo.es\/diario\/wp-content\/uploads\/2022\/11\/Cong-Baryons-scaled.jpg\"><img loading=\"lazy\" decoding=\"async\" class=\"size-large wp-image-30876028\" src=\"https:\/\/www.upo.es\/diario\/wp-content\/uploads\/2022\/11\/Cong-Baryons-750x422.jpg\" alt=\"Baryons 2022\" width=\"750\" height=\"422\" srcset=\"https:\/\/www.upo.es\/diario\/wp-content\/uploads\/2022\/11\/Cong-Baryons-750x422.jpg 750w, https:\/\/www.upo.es\/diario\/wp-content\/uploads\/2022\/11\/Cong-Baryons-385x217.jpg 385w, https:\/\/www.upo.es\/diario\/wp-content\/uploads\/2022\/11\/Cong-Baryons-768x432.jpg 768w, https:\/\/www.upo.es\/diario\/wp-content\/uploads\/2022\/11\/Cong-Baryons-1536x864.jpg 1536w, https:\/\/www.upo.es\/diario\/wp-content\/uploads\/2022\/11\/Cong-Baryons-2048x1152.jpg 2048w\" sizes=\"auto, (max-width: 750px) 100vw, 750px\" \/><\/a><figcaption id=\"caption-attachment-30876028\" class=\"wp-caption-text\">Inauguraci\u00f3n de Baryons 2022<\/figcaption><\/figure>\n<p>La Universidad Pablo de Olavide acoge entre los d\u00edas 7 y 11 de noviembre \u2018<strong>Baryons 2022: International Conference on the Structure of Baryons<\/strong>\u2019 que se ha organizado desde el <strong>Departamento de Sistemas F\u00edsicos, Qu\u00edmicos y Naturales de la Universidad junto con la Universidad de Sevilla y la Universidad de Huelva<\/strong>.<\/p>\n<p>Los profesores de la Universidad Pablo de Olavide <strong>Jorge Segovia<\/strong> y <strong>Feliciano de Soto<\/strong>, encargados de la organizaci\u00f3n del encuentro, explican que \u201ceste congreso tiene como tem\u00e1tica la investigaci\u00f3n b\u00e1sica, cuyo objetivo no es el de encontrar aplicaciones sino mejorar nuestro conocimiento. En este caso, se busca comprender las propiedades de la materia a una escala muy peque\u00f1a, al nivel de las part\u00edculas subat\u00f3micas. Esto tiene tanto una vertiente te\u00f3rica como experimental, siendo esta \u00faltima realizada en aceleradores de part\u00edculas como el CERN o el Jefferson Lab\u201d.<\/p>\n<p>Baryons 2022 re\u00fane a personas expertas de reputaci\u00f3n internacional y 160 participantes. Su desarrollo es en formato presencial y <em>online<\/em>. De esta forma, este congreso da continuidad a las \u00faltimas ediciones celebradas en Glasgow (Escocia) en 2013 y en Tallahassee (Estados Unidos) en 2016.<\/p>\n<p>Las conferencias que se desarrollan durante estos d\u00edas abordan m\u00faltiples aspectos de la f\u00edsica de los hadrones, es decir, los estados ligados de quarks, los constituyentes elementales de la materia nuclear. Del programa final, cabe destacar las sesiones sobre los mecanismos del confinamiento y la generaci\u00f3n de masa en QCD, los estudios experimentales en colisionadores de hadrones de \u00faltima generaci\u00f3n y los proyectos experimentales planificados para la pr\u00f3xima d\u00e9cada.<\/p>\n<p>M\u00e1s informaci\u00f3n: <a href=\"https:\/\/indico.cern.ch\/event\/853858\/\">https:\/\/indico.cern.ch\/event\/853858\/<\/a><\/p>\n","protected":false},"excerpt":{"rendered":"<p>Los profesores de la Universidad Pablo de Olavide Jorge Segovia y Feliciano de Soto, encargados de la organizaci\u00f3n del encuentro, explican que \u201ceste congreso tiene como tem\u00e1tica la investigaci\u00f3n b\u00e1sica, cuyo objetivo no es el de encontrar aplicaciones sino mejorar nuestro conocimiento. En este caso, se busca comprender las propiedades de la materia a una escala muy peque\u00f1a, al nivel de las part\u00edculas subat\u00f3micas. Esto tiene tanto una vertiente te\u00f3rica como experimental, siendo esta \u00faltima realizada en aceleradores de part\u00edculas como el CERN o el Jefferson Lab\u201d.<\/p>\n","protected":false},"author":6,"featured_media":30876028,"comment_status":"closed","ping_status":"open","sticky":false,"template":"","format":"standard","meta":{"_monsterinsights_skip_tracking":false,"_monsterinsights_sitenote_active":false,"_monsterinsights_sitenote_note":"","_monsterinsights_sitenote_category":0,"footnotes":""},"categories":[2779],"tags":[3848,354,428,446,404],"class_list":["post-30876026","post","type-post","status-publish","format-standard","has-post-thumbnail","hentry","category-docencia-formacion","tag-atomo","tag-congreso","tag-fisica","tag-internacional","tag-quimica"],"_links":{"self":[{"href":"https:\/\/www.upo.es\/diario\/wp-json\/wp\/v2\/posts\/30876026","targetHints":{"allow":["GET"]}}],"collection":[{"href":"https:\/\/www.upo.es\/diario\/wp-json\/wp\/v2\/posts"}],"about":[{"href":"https:\/\/www.upo.es\/diario\/wp-json\/wp\/v2\/types\/post"}],"author":[{"embeddable":true,"href":"https:\/\/www.upo.es\/diario\/wp-json\/wp\/v2\/users\/6"}],"replies":[{"embeddable":true,"href":"https:\/\/www.upo.es\/diario\/wp-json\/wp\/v2\/comments?post=30876026"}],"version-history":[{"count":3,"href":"https:\/\/www.upo.es\/diario\/wp-json\/wp\/v2\/posts\/30876026\/revisions"}],"predecessor-version":[{"id":30876030,"href":"https:\/\/www.upo.es\/diario\/wp-json\/wp\/v2\/posts\/30876026\/revisions\/30876030"}],"wp:featuredmedia":[{"embeddable":true,"href":"https:\/\/www.upo.es\/diario\/wp-json\/wp\/v2\/media\/30876028"}],"wp:attachment":[{"href":"https:\/\/www.upo.es\/diario\/wp-json\/wp\/v2\/media?parent=30876026"}],"wp:term":[{"taxonomy":"category","embeddable":true,"href":"https:\/\/www.upo.es\/diario\/wp-json\/wp\/v2\/categories?post=30876026"},{"taxonomy":"post_tag","embeddable":true,"href":"https:\/\/www.upo.es\/diario\/wp-json\/wp\/v2\/tags?post=30876026"}],"curies":[{"name":"wp","href":"https:\/\/api.w.org\/{rel}","templated":true}]}}