{"id":30876041,"date":"2022-11-07T19:36:49","date_gmt":"2022-11-07T18:36:49","guid":{"rendered":"https:\/\/www.upo.es\/diario\/?p=30876041"},"modified":"2022-11-10T17:02:38","modified_gmt":"2022-11-10T16:02:38","slug":"el-rector-inaugura-la-primera-edicion-del-nuevo-master-en-metodologia-aplicada-a-las-politicas-publicas","status":"publish","type":"post","link":"https:\/\/www.upo.es\/diario\/institucional\/2022\/11\/el-rector-inaugura-la-primera-edicion-del-nuevo-master-en-metodologia-aplicada-a-las-politicas-publicas\/","title":{"rendered":"El rector inaugura la primera edici\u00f3n del nuevo M\u00e1ster en Metodolog\u00eda Aplicada a las Pol\u00edticas P\u00fablicas"},"content":{"rendered":"<p><a href=\"https:\/\/www.upo.es\/diario\/wp-content\/uploads\/2022\/11\/Master-MAPP-inaug.jpg\"><img loading=\"lazy\" decoding=\"async\" class=\"aligncenter size-large wp-image-30876107\" src=\"https:\/\/www.upo.es\/diario\/wp-content\/uploads\/2022\/11\/Master-MAPP-inaug-750x452.jpg\" alt=\"\" width=\"750\" height=\"452\" srcset=\"https:\/\/www.upo.es\/diario\/wp-content\/uploads\/2022\/11\/Master-MAPP-inaug-750x452.jpg 750w, https:\/\/www.upo.es\/diario\/wp-content\/uploads\/2022\/11\/Master-MAPP-inaug-385x232.jpg 385w, https:\/\/www.upo.es\/diario\/wp-content\/uploads\/2022\/11\/Master-MAPP-inaug-768x462.jpg 768w, https:\/\/www.upo.es\/diario\/wp-content\/uploads\/2022\/11\/Master-MAPP-inaug-1320x795.jpg 1320w, https:\/\/www.upo.es\/diario\/wp-content\/uploads\/2022\/11\/Master-MAPP-inaug.jpg 1508w\" sizes=\"auto, (max-width: 750px) 100vw, 750px\" \/><\/a>El rector de la Universidad Pablo de Olavide, <strong>Francisco Oliva Bl\u00e1zquez<\/strong>, ha inaugurado la primera edici\u00f3n del nuevo M\u00e1ster de la UPO <strong>\u2018Metodolog\u00eda Aplicada a las Pol\u00edticas P\u00fablicas. Fundamentos, Investigaci\u00f3n y Pr\u00e1ctica\u2019<\/strong> que tiene como ponente de la primera lecci\u00f3n a la presidenta del Consejo Superior de Investigaciones Cient\u00edficas (CSIC), <strong>Elo\u00edsa del Pino Matute<\/strong>, con la conferencia \u2018La evaluaci\u00f3n de pol\u00edticas p\u00fablicas en perspectiva comparada\u2019.<\/p>\n<p><a href=\"https:\/\/www.upo.es\/diario\/wp-content\/uploads\/2022\/11\/Master-Politicas-Publicas_2.jpg\"><img loading=\"lazy\" decoding=\"async\" class=\"alignright size-medium wp-image-30876042\" src=\"https:\/\/www.upo.es\/diario\/wp-content\/uploads\/2022\/11\/Master-Politicas-Publicas_2-385x385.jpg\" alt=\"\" width=\"385\" height=\"385\" srcset=\"https:\/\/www.upo.es\/diario\/wp-content\/uploads\/2022\/11\/Master-Politicas-Publicas_2-385x385.jpg 385w, https:\/\/www.upo.es\/diario\/wp-content\/uploads\/2022\/11\/Master-Politicas-Publicas_2-750x750.jpg 750w, https:\/\/www.upo.es\/diario\/wp-content\/uploads\/2022\/11\/Master-Politicas-Publicas_2-150x150.jpg 150w, https:\/\/www.upo.es\/diario\/wp-content\/uploads\/2022\/11\/Master-Politicas-Publicas_2-768x768.jpg 768w, https:\/\/www.upo.es\/diario\/wp-content\/uploads\/2022\/11\/Master-Politicas-Publicas_2.jpg 1080w\" sizes=\"auto, (max-width: 385px) 100vw, 385px\" \/><\/a>Elo\u00edsa del Pino es doctora en Ciencia Pol\u00edtica por la Universidad Complutense de Madrid y licenciada en Derecho y en Ciencias Pol\u00edticas. Fue directora del Gabinete de la Ministra de Sanidad, Consumo y Bienestar Social (2018-2020) y dirigi\u00f3 el Observatorio de Calidad de los Servicios en la Agencia de Evaluaci\u00f3n de Pol\u00edticas y Calidad de los Servicios (AEVAL, Ministerio de Pol\u00edtica Territorial, 2009-2011).<\/p>\n<p>Asimismo, fue profesora de Ciencia Pol\u00edtica y de la Administraci\u00f3n en la Universidad Rey Juan Carlos y en la Universidad Aut\u00f3noma de Madrid. Durante su carrera acad\u00e9mica, ha sido investigadora visitante en el IEP-Burdeos y en las Universidades de Kent, Ottawa y en la Universidad de Oxford durante el curso 2016-2017. Su investigaci\u00f3n ha girado en torno a las pol\u00edticas p\u00fablicas y su evaluaci\u00f3n, los determinantes pol\u00edticos de la reforma de las pol\u00edticas sociales y el Estado de Bienestar; las actitudes ciudadanas hacia el estado y las pol\u00edticas p\u00fablicas y la Administraci\u00f3n y gesti\u00f3n p\u00fablicas.<\/p>\n<p>Con el patrocinio de los <strong>Departamentos de Sociolog\u00eda y de Trabajo Social y Servicios Sociales de la UPO<\/strong>, el contenido de esta conferencia conecta estrechamente con los objetivos de este m\u00e1ster que es novedad en la oferta de este curso acad\u00e9mico. El \u2018M\u00e1ster en Metodolog\u00eda Aplicada a las Pol\u00edticas P\u00fablicas. Fundamentos, Investigaci\u00f3n y Pr\u00e1ctica\u2019 ofrece a su alumnado las herramientas te\u00f3ricas y metodol\u00f3gicas que les permitir\u00e1n analizar la adecuaci\u00f3n de las intervenciones p\u00fablicas a las necesidades y las demandas de la ciudadan\u00eda.<\/p>\n<p>Este curso de postgrado se inserta en un \u00e1mbito profesional en el que existe una demanda creciente, tanto de profesionales como de conocimiento especializado por parte de los puestos responsables del dise\u00f1o y gesti\u00f3n de pol\u00edticas en la Administraci\u00f3n P\u00fablica a niveles estatal, auton\u00f3mico y local. Asimismo, el m\u00e1ster suple la falta de una formaci\u00f3n espec\u00edfica en el dise\u00f1o y evaluaci\u00f3n de pol\u00edticas p\u00fablicas en Andaluc\u00eda frente al resto del territorio nacional y en otras universidades de prestigio.<\/p>\n<p>M\u00e1s informaci\u00f3n sobre el M\u00e1ster en Metodolog\u00eda Aplicada a las Pol\u00edticas P\u00fablicas en <a href=\"https:\/\/www.upo.es\/postgrado\/Master-Oficial-Metodologia-Aplicada-a-las-Politicas-Publicas.-Fundamentos-Investigacion-y-Practica\/\">https:\/\/www.upo.es\/postgrado\/Master-Oficial-Metodologia-Aplicada-a-las-Politicas-Publicas.-Fundamentos-Investigacion-y-Practica\/<\/a><\/p>\n","protected":false},"excerpt":{"rendered":"<p>El rector de la Universidad Pablo de Olavide, Francisco Oliva Bl\u00e1zquez, inaugura el 7 de noviembre a las 17.30 horas en la Sala de Grados del Edificio 7 la primera edici\u00f3n del nuevo M\u00e1ster de la UPO \u2018Metodolog\u00eda Aplicada a las Pol\u00edticas P\u00fablicas. Fundamentos, Investigaci\u00f3n y Pr\u00e1ctica\u2019 que tiene como ponente de la primera lecci\u00f3n a la presidenta del Consejo Superior de Investigaciones Cient\u00edficas (CSIC), Elo\u00edsa del Pino Matute, con la conferencia \u2018La evaluaci\u00f3n de pol\u00edticas p\u00fablicas en perspectiva comparada\u2019.<\/p>\n","protected":false},"author":14,"featured_media":30876107,"comment_status":"closed","ping_status":"open","sticky":false,"template":"","format":"standard","meta":{"_monsterinsights_skip_tracking":false,"_monsterinsights_sitenote_active":false,"_monsterinsights_sitenote_note":"","_monsterinsights_sitenote_category":0,"footnotes":""},"categories":[6],"tags":[45,1450,3405,8072,8071,1170,38],"class_list":["post-30876041","post","type-post","status-publish","format-standard","has-post-thumbnail","hentry","category-institucional","tag-csic","tag-departamento-de-sociologia","tag-departamento-de-trabajo-social-y-servicios-sociales","tag-eloisa-del-pino-matute","tag-master-politicas-publicas","tag-politicas-publicas","tag-rector"],"_links":{"self":[{"href":"https:\/\/www.upo.es\/diario\/wp-json\/wp\/v2\/posts\/30876041","targetHints":{"allow":["GET"]}}],"collection":[{"href":"https:\/\/www.upo.es\/diario\/wp-json\/wp\/v2\/posts"}],"about":[{"href":"https:\/\/www.upo.es\/diario\/wp-json\/wp\/v2\/types\/post"}],"author":[{"embeddable":true,"href":"https:\/\/www.upo.es\/diario\/wp-json\/wp\/v2\/users\/14"}],"replies":[{"embeddable":true,"href":"https:\/\/www.upo.es\/diario\/wp-json\/wp\/v2\/comments?post=30876041"}],"version-history":[{"count":4,"href":"https:\/\/www.upo.es\/diario\/wp-json\/wp\/v2\/posts\/30876041\/revisions"}],"predecessor-version":[{"id":30876109,"href":"https:\/\/www.upo.es\/diario\/wp-json\/wp\/v2\/posts\/30876041\/revisions\/30876109"}],"wp:featuredmedia":[{"embeddable":true,"href":"https:\/\/www.upo.es\/diario\/wp-json\/wp\/v2\/media\/30876107"}],"wp:attachment":[{"href":"https:\/\/www.upo.es\/diario\/wp-json\/wp\/v2\/media?parent=30876041"}],"wp:term":[{"taxonomy":"category","embeddable":true,"href":"https:\/\/www.upo.es\/diario\/wp-json\/wp\/v2\/categories?post=30876041"},{"taxonomy":"post_tag","embeddable":true,"href":"https:\/\/www.upo.es\/diario\/wp-json\/wp\/v2\/tags?post=30876041"}],"curies":[{"name":"wp","href":"https:\/\/api.w.org\/{rel}","templated":true}]}}