{"id":30876045,"date":"2022-11-09T11:30:34","date_gmt":"2022-11-09T10:30:34","guid":{"rendered":"https:\/\/www.upo.es\/diario\/?p=30876045"},"modified":"2022-11-11T13:26:21","modified_gmt":"2022-11-11T12:26:21","slug":"el-primer-congreso-internacional-sobre-paisaje-linguistico-nace-en-la-universidad-pablo-de-olavide","status":"publish","type":"post","link":"https:\/\/www.upo.es\/diario\/docencia-formacion\/2022\/11\/el-primer-congreso-internacional-sobre-paisaje-linguistico-nace-en-la-universidad-pablo-de-olavide\/","title":{"rendered":"El primer Congreso Internacional sobre Paisaje Ling\u00fc\u00edstico nace en la Universidad Pablo de Olavide"},"content":{"rendered":"<figure id=\"attachment_30876070\" aria-describedby=\"caption-attachment-30876070\" style=\"width: 750px\" class=\"wp-caption aligncenter\"><a href=\"https:\/\/www.upo.es\/diario\/wp-content\/uploads\/2022\/11\/Cong-PaisajeLing.jpg\"><img loading=\"lazy\" decoding=\"async\" class=\"size-large wp-image-30876070\" src=\"https:\/\/www.upo.es\/diario\/wp-content\/uploads\/2022\/11\/Cong-PaisajeLing-750x375.jpg\" alt=\"Francisco Molina, Rosario Moreno, Francisco Oliva, Lola Pons y Mercedes de la Torre\" width=\"750\" height=\"375\" srcset=\"https:\/\/www.upo.es\/diario\/wp-content\/uploads\/2022\/11\/Cong-PaisajeLing-750x375.jpg 750w, https:\/\/www.upo.es\/diario\/wp-content\/uploads\/2022\/11\/Cong-PaisajeLing-385x193.jpg 385w, https:\/\/www.upo.es\/diario\/wp-content\/uploads\/2022\/11\/Cong-PaisajeLing-768x384.jpg 768w, https:\/\/www.upo.es\/diario\/wp-content\/uploads\/2022\/11\/Cong-PaisajeLing-1536x768.jpg 1536w, https:\/\/www.upo.es\/diario\/wp-content\/uploads\/2022\/11\/Cong-PaisajeLing-1320x660.jpg 1320w, https:\/\/www.upo.es\/diario\/wp-content\/uploads\/2022\/11\/Cong-PaisajeLing.jpg 1832w\" sizes=\"auto, (max-width: 750px) 100vw, 750px\" \/><\/a><figcaption id=\"caption-attachment-30876070\" class=\"wp-caption-text\">Francisco Molina, Rosario Moreno, Francisco Oliva, Lola Pons y Mercedes de la Torre<\/figcaption><\/figure>\n<p>La Universidad Pablo de Olavide acoge y es la sede inaugural del <strong>I Congreso Internacional sobre Paisaje Ling\u00fc\u00edstico<\/strong> que tiene lugar entre el 9 y 11 de noviembre bajo el lema <strong>\u2018El entorno urbano y rural hisp\u00e1nico\u2019<\/strong> con la organizaci\u00f3n del <strong>Departamento de Filolog\u00eda y Traducci\u00f3n de la Facultad de Humanidades<\/strong>.<\/p>\n<p>El rector de la Universidad Pablo de Olavide, <strong>Francisco Oliva Bl\u00e1zquez<\/strong>, ha inaugurado este foro, del que ha destacado que se trata de un \u201ctema transversal con consecuencias en otras disciplinas\u201d y la importancia de c\u00f3mo la lengua y su uso \u201cnos permite ver qui\u00e9nes somos y c\u00f3mo somos como sociedad\u201d. Asimismo, ha subrayado la relaci\u00f3n del Paisaje Ling\u00fc\u00edstico con el Derecho y la forma en que aquel puede ser \u201cun indicio de hasta qu\u00e9 punto se protege la libertad de expresi\u00f3n en cada entorno\u201d.<\/p>\n<p>En la mesa inaugural, el rector ha estado acompa\u00f1ado por la decana de la Facultad de Humanidades de la UPO, <strong>Rosario Moreno Soldevila<\/strong>; la catedr\u00e1tica del Departamento de Lengua Espa\u00f1ola, Ling\u00fc\u00edstica y Teor\u00eda de la Literatura de la Universidad de Sevilla, <strong>Lola Pons Rodr\u00edguez<\/strong>; y la profesora y el profesor del Departamento de Filolog\u00eda y Traducci\u00f3n de la Universidad Pablo de Olavide <strong>Mercedes de la Torre Garc\u00eda y Francisco Molina D\u00edaz<\/strong>.<\/p>\n<p>El acto de inauguraci\u00f3n ha dado paso a la primera conferencia \u2018Estudios de paisaje ling\u00fc\u00edstico en el mundo hispano: origen, trayectoria y actualidad (2018-2022)\u2019, que corre a cargo de <strong>Jos\u00e9 Franco Rodr\u00edguez<\/strong>, de la Universidad Estatal de Fayetteville (Carolina del Norte, Estados Unidos).<\/p>\n<p>A continuaci\u00f3n, se desarrollan las numerosas ponencias y conferencias que recoge el congreso en las diferentes secciones tem\u00e1ticas que se han preestablecido, como son: Visiones multidisciplinares del paisaje: geograf\u00eda, arte, historia, econom\u00eda, etc\u00e9tera; El paisaje ling\u00fc\u00edstico multiling\u00fce; El paisaje ling\u00fc\u00edstico monoling\u00fce; El paisaje ling\u00fc\u00edstico y las variedades del espa\u00f1ol; Visi\u00f3n hist\u00f3rica en el paisaje ling\u00fc\u00edstico; Estudios de aspectos discursivos, l\u00e9xicos, morfol\u00f3gicos, gramaticales, sint\u00e1cticos, etc\u00e9tera, del paisaje ling\u00fc\u00edstico; y El paisaje ling\u00fc\u00edstico y su aplicaci\u00f3n pedag\u00f3gica.<\/p>\n<p>Tienen aforo plenario la conferencia \u2018Codeswitchingespa\u00f1ol-ingl\u00e9s: datos del paisaje de Manhattan\u2019 de <strong>Francisco Lorenzo<\/strong>, de la Universidad Pablo de Olavide; y la presentaci\u00f3n del \u2018Proyecto PLANEO. Corpus, objetivos y resultados\u2019 por parte de <strong>Lola Pons Rodr\u00edguez<\/strong>, de la Universidad de Sevilla. As\u00ed como la creaci\u00f3n y presentaci\u00f3n de la Asociaci\u00f3n de Paisaje Ling\u00fc\u00edstico, que tienen lugar durante la segunda jornada. El congreso concluye con la conferencia \u2018Relaciones posibles entre temporalidad y Paisaje Ling\u00fc\u00edstico en espa\u00f1ol\u2019 por parte de <strong>Daniel M. S\u00e1ez Rivera<\/strong>, de la Universidad de Granada.<\/p>\n<figure id=\"attachment_30876062\" aria-describedby=\"caption-attachment-30876062\" style=\"width: 289px\" class=\"wp-caption alignright\"><a href=\"https:\/\/www.upo.es\/diario\/wp-content\/uploads\/2022\/11\/Foto3-PaisajeLing.jpg\"><img loading=\"lazy\" decoding=\"async\" class=\"size-medium wp-image-30876062\" src=\"https:\/\/www.upo.es\/diario\/wp-content\/uploads\/2022\/11\/Foto3-PaisajeLing-289x385.jpg\" alt=\"\" width=\"289\" height=\"385\" srcset=\"https:\/\/www.upo.es\/diario\/wp-content\/uploads\/2022\/11\/Foto3-PaisajeLing-289x385.jpg 289w, https:\/\/www.upo.es\/diario\/wp-content\/uploads\/2022\/11\/Foto3-PaisajeLing-563x750.jpg 563w, https:\/\/www.upo.es\/diario\/wp-content\/uploads\/2022\/11\/Foto3-PaisajeLing-768x1024.jpg 768w, https:\/\/www.upo.es\/diario\/wp-content\/uploads\/2022\/11\/Foto3-PaisajeLing-1152x1536.jpg 1152w, https:\/\/www.upo.es\/diario\/wp-content\/uploads\/2022\/11\/Foto3-PaisajeLing-1320x1760.jpg 1320w, https:\/\/www.upo.es\/diario\/wp-content\/uploads\/2022\/11\/Foto3-PaisajeLing.jpg 1512w\" sizes=\"auto, (max-width: 289px) 100vw, 289px\" \/><\/a><figcaption id=\"caption-attachment-30876062\" class=\"wp-caption-text\">Obra de la exposici\u00f3n del Premio sobre Paisaje Ling\u00fc\u00edstico<\/figcaption><\/figure>\n<h3><strong>Premio sobre Paisaje Ling\u00fc\u00edstico<\/strong><\/h3>\n<p>En el marco del I Congreso Internacional sobre Paisaje Ling\u00fc\u00edstico, la organizaci\u00f3n ha convocado el I Premio sobre Paisaje Ling\u00fc\u00edstico: Escritos a pie de calle. Con esta iniciativa se pretende acercar el lenguaje de la calle en sus m\u00e1s variadas manifestaciones e interpretaciones semi\u00f3ticas a trav\u00e9s de un corpus de im\u00e1genes expuestas a los y las congresistas.<\/p>\n<p>Este encuentro supone una oportunidad para que la comunidad cient\u00edfica en general, profesorado y estudiantes de la universidad conozcan una de las tendencias m\u00e1s novedosas en el \u00e1mbito de la Ling\u00fc\u00edstica y ciencias afines. Por otra parte, seg\u00fan se explica desde la organizaci\u00f3n, el car\u00e1cter incipiente de los estudios sobre paisaje ling\u00fc\u00edstico justifica la necesidad de una importante reflexi\u00f3n sobre los m\u00e9todos de investigaci\u00f3n y las m\u00e1s recientes aportaciones en este \u00e1mbito. De esta forma, en este congreso, se pretende incidir en el aspecto metodol\u00f3gico de los estudios de paisaje ling\u00fc\u00edstico, adem\u00e1s de propiciar el intercambio de conocimientos.<\/p>\n<p>El Paisaje Ling\u00fc\u00edstico ha tomado entidad como objeto de estudio cient\u00edfico a partir de diversas publicaciones e investigaciones realizadas por especialistas procedentes principalmente del \u00e1mbito de la Filolog\u00eda. Sin embargo, no exist\u00eda, hasta el momento, ning\u00fan evento que se dedicara de manera monogr\u00e1fica a este campo del saber en el \u00e1mbito hispano.<\/p>\n<p>Este congreso es heredero de las dos ediciones de las <strong>Jornadas Internacionales sobre Paisaje Ling\u00fc\u00edstico<\/strong>, celebradas en 2020 y 2021 en la Universidad Pablo de Olavide, que han supuesto el avance del conocimiento de los estudios sobre paisaje ling\u00fc\u00edstico en distintos \u00e1mbitos y la puesta en com\u00fan de los m\u00e9todos y enfoques de trabajo.<\/p>\n<p>M\u00e1s informaci\u00f3n en <a href=\"http:\/\/www.icipl.es\">www.icipl.es<\/a><\/p>\n<figure id=\"attachment_30876064\" aria-describedby=\"caption-attachment-30876064\" style=\"width: 750px\" class=\"wp-caption aligncenter\"><a href=\"https:\/\/www.upo.es\/diario\/wp-content\/uploads\/2022\/11\/Foto1-PaisajeLing.jpg\"><img loading=\"lazy\" decoding=\"async\" class=\"size-large wp-image-30876064\" src=\"https:\/\/www.upo.es\/diario\/wp-content\/uploads\/2022\/11\/Foto1-PaisajeLing-750x563.jpg\" alt=\"\" width=\"750\" height=\"563\" srcset=\"https:\/\/www.upo.es\/diario\/wp-content\/uploads\/2022\/11\/Foto1-PaisajeLing-750x563.jpg 750w, https:\/\/www.upo.es\/diario\/wp-content\/uploads\/2022\/11\/Foto1-PaisajeLing-385x289.jpg 385w, https:\/\/www.upo.es\/diario\/wp-content\/uploads\/2022\/11\/Foto1-PaisajeLing-768x576.jpg 768w, https:\/\/www.upo.es\/diario\/wp-content\/uploads\/2022\/11\/Foto1-PaisajeLing-1536x1152.jpg 1536w, https:\/\/www.upo.es\/diario\/wp-content\/uploads\/2022\/11\/Foto1-PaisajeLing-1320x990.jpg 1320w, https:\/\/www.upo.es\/diario\/wp-content\/uploads\/2022\/11\/Foto1-PaisajeLing.jpg 2016w\" sizes=\"auto, (max-width: 750px) 100vw, 750px\" \/><\/a><figcaption id=\"caption-attachment-30876064\" class=\"wp-caption-text\">Exposici\u00f3n que acompa\u00f1a al congreso<\/figcaption><\/figure>\n","protected":false},"excerpt":{"rendered":"<p>La Universidad Pablo de Olavide acoge y es la sede inaugural del I Congreso Internacional sobre Paisaje Ling\u00fc\u00edstico que tiene lugar entre el 9 y 11 de noviembre bajo el lema \u2018El entorno urbano y rural hisp\u00e1nico\u2019 con la organizaci\u00f3n del Departamento de Filolog\u00eda y Traducci\u00f3n de la Facultad de Humanidades.<\/p>\n","protected":false},"author":14,"featured_media":30876070,"comment_status":"closed","ping_status":"open","sticky":false,"template":"","format":"standard","meta":{"_monsterinsights_skip_tracking":false,"_monsterinsights_sitenote_active":false,"_monsterinsights_sitenote_note":"","_monsterinsights_sitenote_category":0,"footnotes":""},"categories":[2779],"tags":[1880,1116,96,707,4021,3183,8073,38],"class_list":["post-30876045","post","type-post","status-publish","format-standard","has-post-thumbnail","hentry","category-docencia-formacion","tag-congreso-internacional","tag-departamento-de-filologia-y-traduccion","tag-facultad-de-humanidades","tag-filologia","tag-francisco-oliva-blazquez","tag-linguistica","tag-paisaje-linguistico","tag-rector"],"_links":{"self":[{"href":"https:\/\/www.upo.es\/diario\/wp-json\/wp\/v2\/posts\/30876045","targetHints":{"allow":["GET"]}}],"collection":[{"href":"https:\/\/www.upo.es\/diario\/wp-json\/wp\/v2\/posts"}],"about":[{"href":"https:\/\/www.upo.es\/diario\/wp-json\/wp\/v2\/types\/post"}],"author":[{"embeddable":true,"href":"https:\/\/www.upo.es\/diario\/wp-json\/wp\/v2\/users\/14"}],"replies":[{"embeddable":true,"href":"https:\/\/www.upo.es\/diario\/wp-json\/wp\/v2\/comments?post=30876045"}],"version-history":[{"count":8,"href":"https:\/\/www.upo.es\/diario\/wp-json\/wp\/v2\/posts\/30876045\/revisions"}],"predecessor-version":[{"id":30876081,"href":"https:\/\/www.upo.es\/diario\/wp-json\/wp\/v2\/posts\/30876045\/revisions\/30876081"}],"wp:featuredmedia":[{"embeddable":true,"href":"https:\/\/www.upo.es\/diario\/wp-json\/wp\/v2\/media\/30876070"}],"wp:attachment":[{"href":"https:\/\/www.upo.es\/diario\/wp-json\/wp\/v2\/media?parent=30876045"}],"wp:term":[{"taxonomy":"category","embeddable":true,"href":"https:\/\/www.upo.es\/diario\/wp-json\/wp\/v2\/categories?post=30876045"},{"taxonomy":"post_tag","embeddable":true,"href":"https:\/\/www.upo.es\/diario\/wp-json\/wp\/v2\/tags?post=30876045"}],"curies":[{"name":"wp","href":"https:\/\/api.w.org\/{rel}","templated":true}]}}