{"id":30876077,"date":"2022-11-09T15:36:11","date_gmt":"2022-11-09T14:36:11","guid":{"rendered":"https:\/\/www.upo.es\/diario\/?p=30876077"},"modified":"2022-11-14T13:15:04","modified_gmt":"2022-11-14T12:15:04","slug":"la-universidad-pablo-de-olavide-preside-la-comision-coordinadora-de-la-pevau-en-andalucia","status":"publish","type":"post","link":"https:\/\/www.upo.es\/diario\/institucional\/2022\/11\/la-universidad-pablo-de-olavide-preside-la-comision-coordinadora-de-la-pevau-en-andalucia\/","title":{"rendered":"La Universidad Pablo de Olavide preside la Comisi\u00f3n Coordinadora de la PEvAU en Andaluc\u00eda"},"content":{"rendered":"<figure id=\"attachment_30876079\" aria-describedby=\"caption-attachment-30876079\" style=\"width: 750px\" class=\"wp-caption aligncenter\"><a href=\"https:\/\/www.upo.es\/diario\/wp-content\/uploads\/2022\/11\/Comision-PEvAU-2023-scaled.jpg\"><img loading=\"lazy\" decoding=\"async\" class=\"size-large wp-image-30876079\" src=\"https:\/\/www.upo.es\/diario\/wp-content\/uploads\/2022\/11\/Comision-PEvAU-2023-750x422.jpg\" alt=\"Reuni\u00f3n de la Comisi\u00f3n Coordinadora de la PEvAU en la UPO\" width=\"750\" height=\"422\" srcset=\"https:\/\/www.upo.es\/diario\/wp-content\/uploads\/2022\/11\/Comision-PEvAU-2023-750x422.jpg 750w, https:\/\/www.upo.es\/diario\/wp-content\/uploads\/2022\/11\/Comision-PEvAU-2023-385x217.jpg 385w, https:\/\/www.upo.es\/diario\/wp-content\/uploads\/2022\/11\/Comision-PEvAU-2023-768x432.jpg 768w, https:\/\/www.upo.es\/diario\/wp-content\/uploads\/2022\/11\/Comision-PEvAU-2023-1536x864.jpg 1536w, https:\/\/www.upo.es\/diario\/wp-content\/uploads\/2022\/11\/Comision-PEvAU-2023-2048x1152.jpg 2048w\" sizes=\"auto, (max-width: 750px) 100vw, 750px\" \/><\/a><figcaption id=\"caption-attachment-30876079\" class=\"wp-caption-text\">Reuni\u00f3n de la Comisi\u00f3n Coordinadora de la PEvAU en la UPO<\/figcaption><\/figure>\n<p><strong>El rector de la Universidad Pablo de Olavide, Francisco Oliva Bl\u00e1zquez, ha presidido la Comisi\u00f3n Coordinadora Interuniversitaria que se ha celebrado en el campus de la UPO con el objetivo de planificar la Prueba de Evaluaci\u00f3n y Acceso a la Universidad<\/strong> (PEvAU) que tendr\u00e1 lugar los d\u00edas 13, 14 y 15 de junio en su convocatoria ordinaria en la Comunidad Aut\u00f3noma Andaluza.<\/p>\n<p>En concreto, la Comisi\u00f3n, que es el \u00f3rgano al que le corresponde la organizaci\u00f3n de todos los aspectos t\u00e9cnicos de estos ex\u00e1menes, ha aprobado los calendarios propuestos y ha resuelto cuestiones esenciales de planificaci\u00f3n y desarrollo de la prueba. <strong>Las fechas para la convocatoria extraordinaria han quedado fijadas para 11, 12 y 13 de julio; y, en el caso de las personas mayores de 25 y 45 a\u00f1os, 14 de abril para la general y 15 de abril para la espec\u00edfica (solo en el primer caso)<\/strong>.<\/p>\n<p>Igualmente, la Comisi\u00f3n es la encargada de trasladar a las Ponencias las indicaciones para la elaboraci\u00f3n de los modelos de ex\u00e1menes. Estas comisiones est\u00e1n constituidas por profesorado universitario y de Bachillerato y suman 24, las correspondientes al n\u00famero de materias que se eval\u00faan en la PEvAU. As\u00ed, <strong>la Universidad Pablo de Olavide tendr\u00e1 que gestionar la distribuci\u00f3n de 531.700 ex\u00e1menes <\/strong>de la prueba en total.<\/p>\n<p>Este curso cierra el ciclo de la modalidad de prueba que se estableci\u00f3 como consecuencia de los efectos de la pandemia por Covid-19 en el curso 2019\/2020 y que se ha mantenido en las convocatorias siguientes. As\u00ed, los pr\u00f3ximos tres a\u00f1os se establecer\u00e1 un modelo de transici\u00f3n hasta establecer el definitivo que acompa\u00f1e a la LOMLOE (Ley Org\u00e1nica 3\/2020, de 29 de diciembre, por la que se modifica la Ley Org\u00e1nica 2\/2006, de 3 de mayo, de Educaci\u00f3n).<\/p>\n<p>La Comisi\u00f3n Coordinadora Interuniversitaria est\u00e1 conformada por representantes de la Consejer\u00eda de Desarrollo Educativo y Formaci\u00f3n Profesional y la Consejer\u00eda de Universidad, Investigaci\u00f3n e Innovaci\u00f3n, as\u00ed como de las nueve universidades p\u00fablicas de la Comunidad que imparten estudios de Grado.<\/p>\n<h3><strong>Hasta 595 t\u00edtulos de Grado<\/strong><\/h3>\n<p>Seg\u00fan informa la Consejer\u00eda de Universidad, Investigaci\u00f3n e Innovaci\u00f3n, las diez universidades p\u00fablicas de Andaluc\u00eda ofrecen para este curso 2022\/2023 una oferta acad\u00e9mica compuesta por 595 t\u00edtulos de grado que suman 50.829 plazas.<\/p>\n<p>Adem\u00e1s, en los \u00faltimos a\u00f1os, se observa la proliferaci\u00f3n de los denominados dobles grados, que combinan disciplinas similares o complementarias para aportar una formaci\u00f3n m\u00e1s completa y transversal.<\/p>\n<p>Atendiendo a la adjudicaci\u00f3n de plazas en el actual curso, los t\u00edtulos m\u00e1s demandados por el alumnado andaluz en primera preferencia han sido Medicina, Enfermer\u00eda y Psicolog\u00eda, seguidos de los grados de Veterinaria, Educaci\u00f3n Primaria, Ciencias de la Actividad F\u00edsica y el Deporte, Derecho y Odontolog\u00eda.<\/p>\n<p>El acceso a los estudios de Grado requiere, con car\u00e1cter general, la superaci\u00f3n de la Prueba de Evaluaci\u00f3n y Acceso a la Universidad (PEvAU) y la asignaci\u00f3n de plaza se realiza en virtud de la nota y seg\u00fan las preferencias indicadas por los alumnos y alumnas en las solicitudes. A efectos de ingreso, todas las universidades se constituyen en un espacio \u00fanico, denominado Distrito \u00danico Andaluz, de forma que, en el proceso de preinscripci\u00f3n, cada estudiante puede elegir titulaciones y centros de cualquiera de ellas en igualdad de condiciones.<\/p>\n<p>&nbsp;<\/p>\n","protected":false},"excerpt":{"rendered":"<p>El rector de la Universidad Pablo de Olavide, Francisco Oliva Bl\u00e1zquez, ha presidido la Comisi\u00f3n Coordinadora Interuniversitaria que se ha celebrado en el campus de la UPO con el objetivo de planificar la Prueba de Evaluaci\u00f3n y Acceso a la Universidad (PEvAU) que tendr\u00e1 lugar los d\u00edas 13, 14 y 15 de junio en su convocatoria ordinaria en la Comunidad Aut\u00f3noma Andaluza.<\/p>\n","protected":false},"author":6,"featured_media":30876079,"comment_status":"closed","ping_status":"open","sticky":false,"template":"","format":"standard","meta":{"_monsterinsights_skip_tracking":false,"_monsterinsights_sitenote_active":false,"_monsterinsights_sitenote_note":"","_monsterinsights_sitenote_category":0,"footnotes":""},"categories":[6],"tags":[1462,190,717,4082,690,39,2114],"class_list":["post-30876077","post","type-post","status-publish","format-standard","has-post-thumbnail","hentry","category-institucional","tag-acceso-a-la-universidad","tag-andalucia","tag-distrito-unico-andaluz","tag-pevau","tag-prueba-de-acceso-a-la-universidad","tag-universidades","tag-vicerrectorado-de-estudiantes"],"_links":{"self":[{"href":"https:\/\/www.upo.es\/diario\/wp-json\/wp\/v2\/posts\/30876077","targetHints":{"allow":["GET"]}}],"collection":[{"href":"https:\/\/www.upo.es\/diario\/wp-json\/wp\/v2\/posts"}],"about":[{"href":"https:\/\/www.upo.es\/diario\/wp-json\/wp\/v2\/types\/post"}],"author":[{"embeddable":true,"href":"https:\/\/www.upo.es\/diario\/wp-json\/wp\/v2\/users\/6"}],"replies":[{"embeddable":true,"href":"https:\/\/www.upo.es\/diario\/wp-json\/wp\/v2\/comments?post=30876077"}],"version-history":[{"count":2,"href":"https:\/\/www.upo.es\/diario\/wp-json\/wp\/v2\/posts\/30876077\/revisions"}],"predecessor-version":[{"id":30876080,"href":"https:\/\/www.upo.es\/diario\/wp-json\/wp\/v2\/posts\/30876077\/revisions\/30876080"}],"wp:featuredmedia":[{"embeddable":true,"href":"https:\/\/www.upo.es\/diario\/wp-json\/wp\/v2\/media\/30876079"}],"wp:attachment":[{"href":"https:\/\/www.upo.es\/diario\/wp-json\/wp\/v2\/media?parent=30876077"}],"wp:term":[{"taxonomy":"category","embeddable":true,"href":"https:\/\/www.upo.es\/diario\/wp-json\/wp\/v2\/categories?post=30876077"},{"taxonomy":"post_tag","embeddable":true,"href":"https:\/\/www.upo.es\/diario\/wp-json\/wp\/v2\/tags?post=30876077"}],"curies":[{"name":"wp","href":"https:\/\/api.w.org\/{rel}","templated":true}]}}