{"id":30876082,"date":"2022-11-09T16:21:34","date_gmt":"2022-11-09T15:21:34","guid":{"rendered":"https:\/\/www.upo.es\/diario\/?p=30876082"},"modified":"2022-11-09T16:21:34","modified_gmt":"2022-11-09T15:21:34","slug":"la-upo-el-centro-de-neurologia-avanzada-y-cic-cartuja-se-unen-para-avanzar-en-el-tratamiento-de-las-enach","status":"publish","type":"post","link":"https:\/\/www.upo.es\/diario\/ciencia\/2022\/11\/la-upo-el-centro-de-neurologia-avanzada-y-cic-cartuja-se-unen-para-avanzar-en-el-tratamiento-de-las-enach\/","title":{"rendered":"La UPO, el Centro de Neurolog\u00eda Avanzada y CIC Cartuja se unen para avanzar en el tratamiento de las ENACH"},"content":{"rendered":"<figure id=\"attachment_30876083\" aria-describedby=\"caption-attachment-30876083\" style=\"width: 522px\" class=\"wp-caption alignright\"><img loading=\"lazy\" decoding=\"async\" class=\"size-full wp-image-30876083\" src=\"https:\/\/www.upo.es\/diario\/wp-content\/uploads\/2022\/11\/ENACH-UPO-CICCartuja-CNA.jpg\" alt=\"Desde izquierda, Dr. Carlos Santos (UPO) Dr. Javier Abril (CNA) Dr. Antonio D\u00edaz (CIC) Antonio L\u00f3pez (ENACH)\" width=\"522\" height=\"299\" srcset=\"https:\/\/www.upo.es\/diario\/wp-content\/uploads\/2022\/11\/ENACH-UPO-CICCartuja-CNA.jpg 522w, https:\/\/www.upo.es\/diario\/wp-content\/uploads\/2022\/11\/ENACH-UPO-CICCartuja-CNA-385x221.jpg 385w\" sizes=\"auto, (max-width: 522px) 100vw, 522px\" \/><figcaption id=\"caption-attachment-30876083\" class=\"wp-caption-text\">Desde izquierda, Carlos Santos (UPO), Javier Abril (CNA), Antonio D\u00edaz (CIC) y Antonio L\u00f3pez (ENACH)<\/figcaption><\/figure>\n<p>Las ENACH son un grupo de enfermedades neurodegenerativas que cursan con acumulaci\u00f3n cerebral de hierro y que, mayoritariamente, afecta a ni\u00f1os. De ese grupo de patolog\u00edas, ENACH Asociaci\u00f3n \u2013entidad sin \u00e1nimo de lucro que promueve la investigaci\u00f3n para su cura\u2013 \u00a0centra sus esfuerzos en las \u00fanicas detectadas en Espa\u00f1a: PKAN, PLAN\/INAD y BPAN.<\/p>\n<p>Si bien este grupo de enfermedades no est\u00e1n tipificadas como enfermedades mitocondriales, en \u00e9stas, la mitocondria est\u00e1 altamente comprometida, por ello, se requieren especiales cautelas tanto en el tratamiento de sus s\u00edntomas como en el uso de cualquier f\u00e1rmaco de uso general necesario a lo largo de la vida de cualquier persona.<\/p>\n<p>El tratamiento de enfermedades mitocondriales se basa en cinco pilares principales: las medidas sintom\u00e1ticas; la aplicaci\u00f3n de agentes de apoyo; las medidas diet\u00e9ticas; la fisioterapia; y <strong>evitar f\u00e1rmacos que se sabe son t\u00f3xicos para las funciones mitocondriales<\/strong>. Es en este \u00faltimo \u00e1mbito en el que <a href=\"https:\/\/www.upo.es\/diario\/institucional\/2022\/05\/enach-asociacion-financia-en-la-upo-dos-lineas-de-investigacion-sobre-enfermedades-raras-por-acumulacion-cerebral-de-hierro\/\">trabaja un equipo de la Universidad Pablo de Olavide dirigido por el profesor Carlos Santos Oca\u00f1a<\/a>.<\/p>\n<p>Para avanzar en esta v\u00eda, la Universidad Pablo de Olavide, el Centro de Neurolog\u00eda Avanzada (CNA) y el Centro de Investigaciones Cient\u00edficas Isla de la Cartuja (CIC Cartuja) \u2013centro mixto de la Junta de Andaluc\u00eda, el CSIC y la US\u2013, trabajar\u00e1n conjuntamente para estudiar y trasladar a los pacientes, a la mayor brevedad, las conclusiones que se obtengan fruto de la colaboraci\u00f3n de dos grupos de investigaci\u00f3n y uno cl\u00ednico.<\/p>\n<p>El cada vez mayor conocimiento de los mecanismos que intervienen en las ENACH, as\u00ed como su observaci\u00f3n cl\u00ednica, explica el neur\u00f3logo del CNA Javier Abril, apunta a que el uso de medicamentos potencialmente perjudiciales para los pacientes ENACH puede dar lugar a que la enfermedad latente se despierte, o empeore si ya se ha manifestado.<\/p>\n<p>El equipo coordinado por el profesor de <strong>Carlos Santos Oca\u00f1a<\/strong> es el \u00fanico grupo de la UPO y del CIBERER contractualmente vinculado con ENACH Asociaci\u00f3n y, actualmente, ya trabaja en el proyecto ENACH HARMFULDRUGS cuyo cometido es identificar f\u00e1rmacos de uso cotidiano y de uso espec\u00edfico en estos pacientes que, puedan ser perjudiciales para \u00e9stos.<\/p>\n<p>Por su parte, <strong>Antonio D\u00edaz Quintana<\/strong>, de CIC Cartuja, lidera el proyecto ENACH METABOLOMICS y analizar\u00e1 los efectos de los f\u00e1rmacos nocivos, determinando el impacto de su administraci\u00f3n sobre el metabolismo, haciendo \u00e9nfasis en la funci\u00f3n mitocondrial.<\/p>\n<p>Finalmente, <strong>Javier Abril Jaramillo<\/strong>, neur\u00f3logo del CNA, est\u00e1 implicado en las l\u00edneas de investigaci\u00f3n ENACH Synergy desde hace una d\u00e9cada, monitoreando a pacientes ENACH de Espa\u00f1a, Europa y Am\u00e9rica y como consultor de ENACH Asociaci\u00f3n, nexo de uni\u00f3n, \u00e9ste \u00faltimo, reforzado mediante acuerdo entre ENACH y CNA firmado el pasado mes de julio, cuyo objetivo es maximizar a\u00fan m\u00e1s la ya estrecha colaboraci\u00f3n existente entre ambas instituciones.<\/p>\n<p>Esta colaboraci\u00f3n m\u00faltiple es el objetivo que persigue <strong>ENACH Synergy<\/strong>, una iniciativa para crear sinergias entre los grupos de investigaci\u00f3n, compartiendo informaci\u00f3n y avances entre los mismos.<\/p>\n<p>M\u00e1s informaci\u00f3n: <a href=\"http:\/\/www.enach.org\/enach-synergy\">www.enach.org\/enach-synergy<\/a><\/p>\n","protected":false},"excerpt":{"rendered":"<p>Investigadores de las tres entidades trabajan conjuntamente en la evaluaci\u00f3n de f\u00e1rmacos potencialmente perjudiciales para pacientes de enfermedades neurodegenerativas por ac\u00famulo de hierro cerebral (ENACH), lo que supone una aproximaci\u00f3n novedosa y cr\u00edtica en el \u00e1mbito de estas patolog\u00edas.<\/p>\n","protected":false},"author":6,"featured_media":30876083,"comment_status":"closed","ping_status":"open","sticky":false,"template":"","format":"standard","meta":{"_monsterinsights_skip_tracking":false,"_monsterinsights_sitenote_active":false,"_monsterinsights_sitenote_note":"","_monsterinsights_sitenote_category":0,"footnotes":""},"categories":[3],"tags":[6437,5767,4402,117,2636,4015],"class_list":["post-30876082","post","type-post","status-publish","format-standard","has-post-thumbnail","hentry","category-ciencia","tag-carlos-santos-ocana","tag-enach-asociacion","tag-enfermedades-neurodegenerativas","tag-enfermedades-raras","tag-mitocondria","tag-tratamiento"],"_links":{"self":[{"href":"https:\/\/www.upo.es\/diario\/wp-json\/wp\/v2\/posts\/30876082","targetHints":{"allow":["GET"]}}],"collection":[{"href":"https:\/\/www.upo.es\/diario\/wp-json\/wp\/v2\/posts"}],"about":[{"href":"https:\/\/www.upo.es\/diario\/wp-json\/wp\/v2\/types\/post"}],"author":[{"embeddable":true,"href":"https:\/\/www.upo.es\/diario\/wp-json\/wp\/v2\/users\/6"}],"replies":[{"embeddable":true,"href":"https:\/\/www.upo.es\/diario\/wp-json\/wp\/v2\/comments?post=30876082"}],"version-history":[{"count":2,"href":"https:\/\/www.upo.es\/diario\/wp-json\/wp\/v2\/posts\/30876082\/revisions"}],"predecessor-version":[{"id":30876085,"href":"https:\/\/www.upo.es\/diario\/wp-json\/wp\/v2\/posts\/30876082\/revisions\/30876085"}],"wp:featuredmedia":[{"embeddable":true,"href":"https:\/\/www.upo.es\/diario\/wp-json\/wp\/v2\/media\/30876083"}],"wp:attachment":[{"href":"https:\/\/www.upo.es\/diario\/wp-json\/wp\/v2\/media?parent=30876082"}],"wp:term":[{"taxonomy":"category","embeddable":true,"href":"https:\/\/www.upo.es\/diario\/wp-json\/wp\/v2\/categories?post=30876082"},{"taxonomy":"post_tag","embeddable":true,"href":"https:\/\/www.upo.es\/diario\/wp-json\/wp\/v2\/tags?post=30876082"}],"curies":[{"name":"wp","href":"https:\/\/api.w.org\/{rel}","templated":true}]}}