{"id":30876098,"date":"2022-11-10T13:29:28","date_gmt":"2022-11-10T12:29:28","guid":{"rendered":"https:\/\/www.upo.es\/diario\/?p=30876098"},"modified":"2022-11-11T13:26:33","modified_gmt":"2022-11-11T12:26:33","slug":"la-universidad-pablo-de-olavide-organiza-el-ii-coloquio-iberico-de-historia-empresarial","status":"publish","type":"post","link":"https:\/\/www.upo.es\/diario\/docencia-formacion\/2022\/11\/la-universidad-pablo-de-olavide-organiza-el-ii-coloquio-iberico-de-historia-empresarial\/","title":{"rendered":"La Universidad Pablo de Olavide organiza el II Coloquio Ib\u00e9rico de Historia Empresarial"},"content":{"rendered":"<figure id=\"attachment_30876113\" aria-describedby=\"caption-attachment-30876113\" style=\"width: 750px\" class=\"wp-caption aligncenter\"><a href=\"https:\/\/www.upo.es\/diario\/wp-content\/uploads\/2022\/11\/IMG-20221110-WA0001.jpg\"><img loading=\"lazy\" decoding=\"async\" class=\"size-large wp-image-30876113\" src=\"https:\/\/www.upo.es\/diario\/wp-content\/uploads\/2022\/11\/IMG-20221110-WA0001-750x563.jpg\" alt=\"\" width=\"750\" height=\"563\" srcset=\"https:\/\/www.upo.es\/diario\/wp-content\/uploads\/2022\/11\/IMG-20221110-WA0001-750x563.jpg 750w, https:\/\/www.upo.es\/diario\/wp-content\/uploads\/2022\/11\/IMG-20221110-WA0001-385x289.jpg 385w, https:\/\/www.upo.es\/diario\/wp-content\/uploads\/2022\/11\/IMG-20221110-WA0001-768x576.jpg 768w, https:\/\/www.upo.es\/diario\/wp-content\/uploads\/2022\/11\/IMG-20221110-WA0001.jpg 1024w\" sizes=\"auto, (max-width: 750px) 100vw, 750px\" \/><\/a><figcaption id=\"caption-attachment-30876113\" class=\"wp-caption-text\">Francisco J. Fern\u00e1ndez-Roca, Francisco Oliva, Alvaro Ferreira y Paloma Fern\u00e1ndez<\/figcaption><\/figure>\n<p>&nbsp;<\/p>\n<p>El rector de la Universidad Pablo de Olavide, <strong>Francisco Oliva Bl\u00e1zquez<\/strong>, inaugura en la sede <strong>Olavide \u2013 Centro<\/strong> de la calle Lara\u00f1a de Sevilla el <strong>II Coloquio Ib\u00e9rico de Historia Empresarial<\/strong> que se desarrolla los d\u00edas 10 y 11 de noviembre. Durante el acto, el rector est\u00e1 acompa\u00f1ado por la catedr\u00e1tica de la Universidad de Barcelona <strong>Paloma Fern\u00e1ndez<\/strong> y el profesor de la Universidade Nova de Lisboa <strong>Alvaro Ferreira da Silva<\/strong>.<\/p>\n<p>El comit\u00e9 organizador local del II Coloquio Ib\u00e9rico lo han formado los profesores <strong>Francisco Javier Fern\u00e1ndez-Roca<\/strong>, catedr\u00e1tico del Departamento de Econom\u00eda, M\u00e9todos Cuantitativos e Historia Econ\u00f3mica, y <strong>Jes\u00fas Dami\u00e1n L\u00f3pez Manj\u00f3n<\/strong>, del Departamento de Econom\u00eda Financiera y Contabilidad de la UPO.<\/p>\n<p>Este foro naci\u00f3 con el objetivo de proponer un \u00e1mbito que facilitase el <strong>intercambio de ideas entre investigadores e investigadoras de la Historia empresarial con tem\u00e1ticas y objetivos tan similares como son los espa\u00f1oles y portugueses<\/strong>. Para los organizadores, este a\u00f1o ha sido el momento ideal para recuperar esta iniciativa abortada por la crisis provocada por la pandemia de Covid-19. As\u00ed, ha sido la Universidad Pablo de Olavide que, dentro de las actividades de su 25\u00ba Aniversario, ha dado el paso para organizar una segunda edici\u00f3n.<\/p>\n<p>Para las dos jornadas del Coloquio, se han previsto tres sesiones que abarcan tem\u00e1ticas muy diversas: desde los or\u00edgenes brit\u00e1nicos del negocio del corcho en la pen\u00ednsula ib\u00e9rica en el siglo XIX hasta la descolonizaci\u00f3n portuguesa en \u00c1frica, pasando por una ponencia que tratar\u00e1 el g\u00e9nero y la financiarizaci\u00f3n de la banca minorista en Espa\u00f1a entre 1949 y 1970, entre otras.<\/p>\n<p><a href=\"https:\/\/www.upo.es\/diario\/wp-content\/uploads\/2022\/11\/cartelupo_compressed.png\"><img loading=\"lazy\" decoding=\"async\" class=\"alignright size-medium wp-image-30876100\" src=\"https:\/\/www.upo.es\/diario\/wp-content\/uploads\/2022\/11\/cartelupo_compressed-385x323.png\" alt=\"\" width=\"385\" height=\"323\" srcset=\"https:\/\/www.upo.es\/diario\/wp-content\/uploads\/2022\/11\/cartelupo_compressed-385x323.png 385w, https:\/\/www.upo.es\/diario\/wp-content\/uploads\/2022\/11\/cartelupo_compressed-750x630.png 750w, https:\/\/www.upo.es\/diario\/wp-content\/uploads\/2022\/11\/cartelupo_compressed-768x645.png 768w, https:\/\/www.upo.es\/diario\/wp-content\/uploads\/2022\/11\/cartelupo_compressed-1536x1290.png 1536w, https:\/\/www.upo.es\/diario\/wp-content\/uploads\/2022\/11\/cartelupo_compressed-2048x1720.png 2048w, https:\/\/www.upo.es\/diario\/wp-content\/uploads\/2022\/11\/cartelupo_compressed-90x75.png 90w\" sizes=\"auto, (max-width: 385px) 100vw, 385px\" \/><\/a><\/p>\n<p>El II Coloquio Ib\u00e9rico de Historia Empresarial cuenta con la financiaci\u00f3n del Proyecto de Investigaci\u00f3n Grupos empresariales, internacionalizaci\u00f3n y continuidad en la empresa familiar; el Grupo de investigaci\u00f3n SEJ-392 Grupos empresariales, internacionalizaci\u00f3n y longevidad de la empresa familiar; y el Departamento de Econom\u00eda, M\u00e9todos Cuantitativos e Historia Econ\u00f3mica y el Departamento de Econom\u00eda Financiera y Contabilidad de la Universidad Pablo de Olavide.<\/p>\n","protected":false},"excerpt":{"rendered":"<p>El rector de la Universidad Pablo de Olavide, Francisco Oliva Bl\u00e1zquez, inaugura en la sede Olavide \u2013 Centro de la calle Lara\u00f1a de Sevilla el II Coloquio Ib\u00e9rico de Historia Empresarial que se desarrolla los d\u00edas 10 y 11 de noviembre. Durante el acto, el rector est\u00e1 acompa\u00f1ado por la catedr\u00e1tica de la Universidad de Barcelona Paloma Fern\u00e1ndez y el profesor de la Universidade Nova de Lisboa Alvaro Ferreira da Silva.<\/p>\n","protected":false},"author":14,"featured_media":30876100,"comment_status":"closed","ping_status":"open","sticky":false,"template":"","format":"standard","meta":{"_monsterinsights_skip_tracking":false,"_monsterinsights_sitenote_active":false,"_monsterinsights_sitenote_note":"","_monsterinsights_sitenote_category":0,"footnotes":""},"categories":[2779],"tags":[8078,1981,5270,7381,8077,5355],"class_list":["post-30876098","post","type-post","status-publish","format-standard","has-post-thumbnail","hentry","category-docencia-formacion","tag-coloquio-iberico","tag-departamento-de-economia-financiera-y-contabilidad","tag-departamento-de-economia-metodos-cuantitativos-e-historia-economica","tag-francisco-oliva","tag-historia-empresarial","tag-sede-olavide-en-sevilla-centro"],"_links":{"self":[{"href":"https:\/\/www.upo.es\/diario\/wp-json\/wp\/v2\/posts\/30876098","targetHints":{"allow":["GET"]}}],"collection":[{"href":"https:\/\/www.upo.es\/diario\/wp-json\/wp\/v2\/posts"}],"about":[{"href":"https:\/\/www.upo.es\/diario\/wp-json\/wp\/v2\/types\/post"}],"author":[{"embeddable":true,"href":"https:\/\/www.upo.es\/diario\/wp-json\/wp\/v2\/users\/14"}],"replies":[{"embeddable":true,"href":"https:\/\/www.upo.es\/diario\/wp-json\/wp\/v2\/comments?post=30876098"}],"version-history":[{"count":4,"href":"https:\/\/www.upo.es\/diario\/wp-json\/wp\/v2\/posts\/30876098\/revisions"}],"predecessor-version":[{"id":30876116,"href":"https:\/\/www.upo.es\/diario\/wp-json\/wp\/v2\/posts\/30876098\/revisions\/30876116"}],"wp:featuredmedia":[{"embeddable":true,"href":"https:\/\/www.upo.es\/diario\/wp-json\/wp\/v2\/media\/30876100"}],"wp:attachment":[{"href":"https:\/\/www.upo.es\/diario\/wp-json\/wp\/v2\/media?parent=30876098"}],"wp:term":[{"taxonomy":"category","embeddable":true,"href":"https:\/\/www.upo.es\/diario\/wp-json\/wp\/v2\/categories?post=30876098"},{"taxonomy":"post_tag","embeddable":true,"href":"https:\/\/www.upo.es\/diario\/wp-json\/wp\/v2\/tags?post=30876098"}],"curies":[{"name":"wp","href":"https:\/\/api.w.org\/{rel}","templated":true}]}}