{"id":30876125,"date":"2022-11-16T12:28:24","date_gmt":"2022-11-16T11:28:24","guid":{"rendered":"https:\/\/www.upo.es\/diario\/?p=30876125"},"modified":"2022-11-17T15:00:13","modified_gmt":"2022-11-17T14:00:13","slug":"la-upo-celebra-el-primer-festival-universitario-de-flamenco","status":"publish","type":"post","link":"https:\/\/www.upo.es\/diario\/cultura-social\/2022\/11\/la-upo-celebra-el-primer-festival-universitario-de-flamenco\/","title":{"rendered":"La UPO celebra el primer Festival Universitario de Flamenco"},"content":{"rendered":"<figure id=\"attachment_30876196\" aria-describedby=\"caption-attachment-30876196\" style=\"width: 750px\" class=\"wp-caption aligncenter\"><a href=\"https:\/\/www.upo.es\/diario\/wp-content\/uploads\/2022\/11\/Festival-Flamenco-Universitario-2-scaled.jpg\"><img loading=\"lazy\" decoding=\"async\" class=\"size-large wp-image-30876196\" src=\"https:\/\/www.upo.es\/diario\/wp-content\/uploads\/2022\/11\/Festival-Flamenco-Universitario-2-750x500.jpg\" alt=\"\" width=\"750\" height=\"500\" srcset=\"https:\/\/www.upo.es\/diario\/wp-content\/uploads\/2022\/11\/Festival-Flamenco-Universitario-2-750x500.jpg 750w, https:\/\/www.upo.es\/diario\/wp-content\/uploads\/2022\/11\/Festival-Flamenco-Universitario-2-385x257.jpg 385w, https:\/\/www.upo.es\/diario\/wp-content\/uploads\/2022\/11\/Festival-Flamenco-Universitario-2-768x512.jpg 768w, https:\/\/www.upo.es\/diario\/wp-content\/uploads\/2022\/11\/Festival-Flamenco-Universitario-2-1536x1024.jpg 1536w, https:\/\/www.upo.es\/diario\/wp-content\/uploads\/2022\/11\/Festival-Flamenco-Universitario-2-2048x1365.jpg 2048w\" sizes=\"auto, (max-width: 750px) 100vw, 750px\" \/><\/a><figcaption id=\"caption-attachment-30876196\" class=\"wp-caption-text\">V\u00edctor Manuel Gonz\u00e1lez, Francisco Oliva y David Cobos<\/figcaption><\/figure>\n<p>El rector de la Universidad Pablo de Olavide, <strong>Francisco Oliva Bl\u00e1zquez<\/strong>, ha inaugurado el primer <strong>Festival Universitario de Flamenco<\/strong> que, bajo el lema <strong>\u2018Las Impurezas del Flamenco\u2019<\/strong>, se celebra hasta este viernes en el campus universitario. Este evento se lleva a cabo en el marco de los actos con motivo del 25\u00ba Aniversario de la UPO y est\u00e1 coordinado y producido por el <strong>Vicerrectorado de Cultura y Pol\u00edticas Sociales a trav\u00e9s del Servicio de Extensi\u00f3n Cultural<\/strong>.<\/p>\n<p>En el acto de inauguraci\u00f3n, han participado tambi\u00e9n el viceconsejero de Turismo, Cultura y Deporte de la Junta de Andaluc\u00eda, <strong>V\u00edctor Manuel Gonz\u00e1lez Garc\u00eda<\/strong>; y el vicerrector de Cultura y Pol\u00edticas Sociales, <strong>David Cobos Sanchiz<\/strong>; y han asistido la directora general de Inclusi\u00f3n y Pol\u00edticas Socioculturales, <strong>Mar\u00eda Jos\u00e9 Parejo Guzm\u00e1n<\/strong>; y la directora general de Innovaci\u00f3n Social, <strong>Esther Prieto Jim\u00e9nez<\/strong>.<\/p>\n<p>En su intervenci\u00f3n, Francisco Oliva ha recordado que \u201cuna de las condiciones singulares que ha caracterizado a la Universidad Pablo de Olavide desde sus or\u00edgenes ha sido la apuesta por la cultura porque creemos que es una parte de su labor, transmitir y crear cultura\u201d. Asimismo, ha subrayado que, en concreto, el Flamenco \u201cforma parte de nuestra historia universitaria\u201d y ha destacado \u201cel doble car\u00e1cter acad\u00e9mico y de espect\u00e1culo\u201d que tiene el Festival.<\/p>\n<p>Por su parte, el viceconsejero ha felicitado esta iniciativa de la UPO \u201cen una apuesta decidida por el Flamenco desde la igualdad, la diversidad, el arte y la integraci\u00f3n\u201d; y el vicerrector ha subrayado que el Festival \u201cnace con la idea de que se convierta en una referencia y se consolide como actividad permanente, ya que la Universidad tiene la responsabilidad institucional de cuidar e investigar este arte\u201d.<\/p>\n<p>La mesa inaugural ha dado paso a la mesa debate \u2018Transiciones\u2026 Tradici\u00f3n y contemporaneidad\u2026 \u00bfLos l\u00edmites del Flamenco?\u2019, que contar\u00e1 con la participaci\u00f3n de personas expertas y artistas del \u00e1mbito. Por la tarde, a las 20:00 horas, tendr\u00e1 lugar la primera actuaci\u00f3n en el Paraninfo de la UPO a cargo de la Fundaci\u00f3n Cristina Heeren. Ya el jueves 17, la jornada se abrir\u00e1 con un \u2018Espacio para el an\u00e1lisis y pensamiento del Flamenco\u2019 y se cierra con nuevas actuaciones. Finalmente, el viernes 18, la Universidad Pablo de Olavide honrar\u00e1 los 100 a\u00f1os del I Concurso de Cante Jondo de Granada de 1922 y el profesor Fernando Otero presentar\u00e1 su libro \u2018La Suite Jonda\u2019, cerrando el festival una nueva demostraci\u00f3n de arte y artistas flamencos en el Paraninfo a las 20:00 horas.<\/p>\n<p><strong>El Festival se estructura en dos l\u00edneas que vertebran el dise\u00f1o de los programas y proyectos culturales de la UPO, como son la formaci\u00f3n te\u00f3rica y la acci\u00f3n art\u00edstica y cultural<\/strong>. As\u00ed, el objetivo principal es plantear un modelo de festival que se adec\u00fae a las nuevas realidades del Flamenco, ponderando el \u00e1mbito art\u00edstico y el investigador. Se trata, por tanto, de una acci\u00f3n cultural que tiene como eje vertebral los principios de igualdad, diversidad, arte e integraci\u00f3n.<\/p>\n<p>El programa del Festival cuenta con una diversidad que se alinea claramente con los objetivos marcados de validar la se\u00f1a identitaria del Flamenco como elemento singular del patrimonio andaluz y su peso en la cultura universal; proponer un acercamiento multidimensional a los valores del Arte Flamenco desde las perspectivas cultural, hist\u00f3rica, antropol\u00f3gica, art\u00edstica, pol\u00edtica y econ\u00f3mica; y contribuir a redimensionar el dise\u00f1o habitual de los festivales de flamenco.<a href=\"https:\/\/www.upo.es\/diario\/wp-content\/uploads\/2022\/11\/cartel-Programa-flamenco.jpg\"><img loading=\"lazy\" decoding=\"async\" class=\"alignright size-medium wp-image-30876126\" src=\"https:\/\/www.upo.es\/diario\/wp-content\/uploads\/2022\/11\/cartel-Programa-flamenco-272x385.jpg\" alt=\"\" width=\"272\" height=\"385\" srcset=\"https:\/\/www.upo.es\/diario\/wp-content\/uploads\/2022\/11\/cartel-Programa-flamenco-272x385.jpg 272w, https:\/\/www.upo.es\/diario\/wp-content\/uploads\/2022\/11\/cartel-Programa-flamenco-530x750.jpg 530w, https:\/\/www.upo.es\/diario\/wp-content\/uploads\/2022\/11\/cartel-Programa-flamenco-768x1086.jpg 768w, https:\/\/www.upo.es\/diario\/wp-content\/uploads\/2022\/11\/cartel-Programa-flamenco-1086x1536.jpg 1086w, https:\/\/www.upo.es\/diario\/wp-content\/uploads\/2022\/11\/cartel-Programa-flamenco.jpg 1240w\" sizes=\"auto, (max-width: 272px) 100vw, 272px\" \/><\/a><\/p>\n<h3><strong>Compromiso con la identidad andaluza<\/strong><\/h3>\n<p>La fecha de celebraci\u00f3n del I Festival Universitario de Flamenco coincide con la conmemoraci\u00f3n de la declaraci\u00f3n de este arte como Patrimonio Inmaterial de la Humanidad por parte de la Unesco y muestra la voluntad de la Universidad Pablo de Olavide, desde su fundaci\u00f3n, de estructurar una clara estrategia que contenga y muestre con claridad la relevancia del Flamenco como expresi\u00f3n genuina de la identidad andaluza y como pr\u00e1ctica art\u00edstica y cultural directamente vinculada a los intereses de la colectividad. Prueba de este compromiso son las diferentes acciones que, a lo largo de todos estos a\u00f1os, se han articulado y potenciado desde la UPO.<\/p>\n<p>En 2002, la Universidad Pablo de Olavide promovi\u00f3 el <strong>\u2018Taller de Flamenco\u2019<\/strong>, que impuls\u00f3 la programaci\u00f3n de seminarios y cursos dedicados al conocimiento y la sensibilizaci\u00f3n de esta pr\u00e1ctica art\u00edstica. Posteriormente, en 2004, la creaci\u00f3n de la <strong>\u2018Asociaci\u00f3n Cultural Flamenca Sentir Flamenco\u2019<\/strong> y su reactivaci\u00f3n en 2011 supusieron un gran paso adelante gracias al arduo trabajo de los profesores de la UPO Fernando C. Ruiz Morales y Rafael C\u00e1ceres Feria, junto a Jos\u00e9 el Tremendo, personal laboral de la Universidad y artista flamenco, que consiguieron potenciar y amplificar la incalculable aportaci\u00f3n que una organizaci\u00f3n como esta hace al Flamenco.<\/p>\n<p>Con un ampl\u00edsimo y hondo recorrido que se ha afianzado e incrementado a lo largo de todos estos a\u00f1os, la <strong>pe\u00f1a \u2018Sentir Flamenco\u2019<\/strong>, hoy presidida por Paco Garc\u00eda Rey, colabora de forma directa con la Universidad en la gesti\u00f3n, coordinaci\u00f3n y difusi\u00f3n de acciones dirigidas a la ampliaci\u00f3n del conocimiento y el despertar del inter\u00e9s hacia el Flamenco por parte de las nuevas generaciones.<\/p>\n<ul>\n<li>M\u00e1s informaci\u00f3n: <a href=\"https:\/\/www.upo.es\/cms1\/export\/sites\/upo\/upsc\/extension_cultural\/imagenes\/cartel-Programa-flamenco2.jpg\">I Festival Universitario de Flamenco<\/a><\/li>\n<\/ul>\n<p><a href=\"https:\/\/www.upo.es\/diario\/wp-content\/uploads\/2022\/11\/Festival-Flamenco-Universitario-7-scaled.jpg\"><img loading=\"lazy\" decoding=\"async\" class=\"aligncenter size-large wp-image-30876193\" src=\"https:\/\/www.upo.es\/diario\/wp-content\/uploads\/2022\/11\/Festival-Flamenco-Universitario-7-750x422.jpg\" alt=\"\" width=\"750\" height=\"422\" srcset=\"https:\/\/www.upo.es\/diario\/wp-content\/uploads\/2022\/11\/Festival-Flamenco-Universitario-7-750x422.jpg 750w, https:\/\/www.upo.es\/diario\/wp-content\/uploads\/2022\/11\/Festival-Flamenco-Universitario-7-385x217.jpg 385w, https:\/\/www.upo.es\/diario\/wp-content\/uploads\/2022\/11\/Festival-Flamenco-Universitario-7-768x432.jpg 768w, https:\/\/www.upo.es\/diario\/wp-content\/uploads\/2022\/11\/Festival-Flamenco-Universitario-7-1536x864.jpg 1536w, https:\/\/www.upo.es\/diario\/wp-content\/uploads\/2022\/11\/Festival-Flamenco-Universitario-7-2048x1152.jpg 2048w\" sizes=\"auto, (max-width: 750px) 100vw, 750px\" \/><\/a><\/p>\n","protected":false},"excerpt":{"rendered":"<p>El rector de la Universidad Pablo de Olavide, Francisco Oliva Bl\u00e1zquez, ha inaugurado el primer Festival Universitario de Flamenco que, bajo el lema \u2018Las Impurezas del Flamenco\u2019, se celebra hasta este viernes en el campus universitario. Este evento se lleva a cabo en el marco de los actos con motivo del 25\u00ba Aniversario de la UPO y est\u00e1 coordinado y producido por el Vicerrectorado de Cultura y Pol\u00edticas Sociales a trav\u00e9s del Servicio de Extensi\u00f3n Cultural.<\/p>\n","protected":false},"author":14,"featured_media":30876196,"comment_status":"closed","ping_status":"open","sticky":false,"template":"","format":"standard","meta":{"_monsterinsights_skip_tracking":false,"_monsterinsights_sitenote_active":false,"_monsterinsights_sitenote_note":"","_monsterinsights_sitenote_category":0,"footnotes":""},"categories":[5843],"tags":[7944,8080,8079,970,741,93,7381,4329,3746,7194],"class_list":["post-30876125","post","type-post","status-publish","format-standard","has-post-thumbnail","hentry","category-cultura-social","tag-25-aniversario-upo","tag-cante-jondo","tag-cultura-social","tag-divulgacion","tag-festival","tag-flamenco","tag-francisco-oliva","tag-fundacion-cristina-heeren","tag-servicio-de-extension-cultural","tag-vicerrectorado-de-cultura-y-politicas-sociales"],"_links":{"self":[{"href":"https:\/\/www.upo.es\/diario\/wp-json\/wp\/v2\/posts\/30876125","targetHints":{"allow":["GET"]}}],"collection":[{"href":"https:\/\/www.upo.es\/diario\/wp-json\/wp\/v2\/posts"}],"about":[{"href":"https:\/\/www.upo.es\/diario\/wp-json\/wp\/v2\/types\/post"}],"author":[{"embeddable":true,"href":"https:\/\/www.upo.es\/diario\/wp-json\/wp\/v2\/users\/14"}],"replies":[{"embeddable":true,"href":"https:\/\/www.upo.es\/diario\/wp-json\/wp\/v2\/comments?post=30876125"}],"version-history":[{"count":6,"href":"https:\/\/www.upo.es\/diario\/wp-json\/wp\/v2\/posts\/30876125\/revisions"}],"predecessor-version":[{"id":30876201,"href":"https:\/\/www.upo.es\/diario\/wp-json\/wp\/v2\/posts\/30876125\/revisions\/30876201"}],"wp:featuredmedia":[{"embeddable":true,"href":"https:\/\/www.upo.es\/diario\/wp-json\/wp\/v2\/media\/30876196"}],"wp:attachment":[{"href":"https:\/\/www.upo.es\/diario\/wp-json\/wp\/v2\/media?parent=30876125"}],"wp:term":[{"taxonomy":"category","embeddable":true,"href":"https:\/\/www.upo.es\/diario\/wp-json\/wp\/v2\/categories?post=30876125"},{"taxonomy":"post_tag","embeddable":true,"href":"https:\/\/www.upo.es\/diario\/wp-json\/wp\/v2\/tags?post=30876125"}],"curies":[{"name":"wp","href":"https:\/\/api.w.org\/{rel}","templated":true}]}}