{"id":30876132,"date":"2022-11-14T13:00:13","date_gmt":"2022-11-14T12:00:13","guid":{"rendered":"https:\/\/www.upo.es\/diario\/?p=30876132"},"modified":"2023-10-31T14:43:16","modified_gmt":"2023-10-31T13:43:16","slug":"mujeres-lideres-en-deportes-tradicionalmente-masculinos-cuentan-su-experiencia-en-la-upo","status":"publish","type":"post","link":"https:\/\/www.upo.es\/diario\/deportes\/2022\/11\/mujeres-lideres-en-deportes-tradicionalmente-masculinos-cuentan-su-experiencia-en-la-upo\/","title":{"rendered":"Mujeres l\u00edderes en deportes tradicionalmente masculinos cuentan su experiencia en la UPO"},"content":{"rendered":"<figure id=\"attachment_30876147\" aria-describedby=\"caption-attachment-30876147\" style=\"width: 750px\" class=\"wp-caption aligncenter\"><a href=\"https:\/\/www.upo.es\/diario\/wp-content\/uploads\/2022\/11\/Jorn-Deporte-Igualdad-scaled.jpg\"><img loading=\"lazy\" decoding=\"async\" class=\"wp-image-30876147 size-large\" src=\"https:\/\/www.upo.es\/diario\/wp-content\/uploads\/2022\/11\/Jorn-Deporte-Igualdad-750x500.jpg\" alt=\"M\u00f3nica Dom\u00ednguez, Javier G\u00e1lvez y Elisabeth Rodr\u00edguez en la presentaci\u00f3n de las Jornadas\" width=\"750\" height=\"500\" srcset=\"https:\/\/www.upo.es\/diario\/wp-content\/uploads\/2022\/11\/Jorn-Deporte-Igualdad-750x500.jpg 750w, https:\/\/www.upo.es\/diario\/wp-content\/uploads\/2022\/11\/Jorn-Deporte-Igualdad-385x257.jpg 385w, https:\/\/www.upo.es\/diario\/wp-content\/uploads\/2022\/11\/Jorn-Deporte-Igualdad-768x512.jpg 768w, https:\/\/www.upo.es\/diario\/wp-content\/uploads\/2022\/11\/Jorn-Deporte-Igualdad-1536x1024.jpg 1536w, https:\/\/www.upo.es\/diario\/wp-content\/uploads\/2022\/11\/Jorn-Deporte-Igualdad-2048x1365.jpg 2048w\" sizes=\"auto, (max-width: 750px) 100vw, 750px\" \/><\/a><figcaption id=\"caption-attachment-30876147\" class=\"wp-caption-text\">M\u00f3nica Dom\u00ednguez, Javier G\u00e1lvez y Elisabeth Rodr\u00edguez en la presentaci\u00f3n de las Jornadas<\/figcaption><\/figure>\n<p>La delegada del rector para la Igualdad de G\u00e9nero, <strong>M\u00f3nica Dom\u00ednguez Serrano<\/strong>, ha inaugurado la Jornada <strong>\u2018Mujeres l\u00edderes en deportes tradicionalmente masculinos\u2019<\/strong> que organiza la <strong>Facultad de Ciencias del Deporte<\/strong> en el marco de la convocatoria de ayudas destinadas a fomentar la realizaci\u00f3n de acciones para favorecer la igualdad de g\u00e9nero en los centros de la Universidad Pablo de Olavide, con la gesti\u00f3n de la <strong>Oficina para la Igualdad de G\u00e9nero<\/strong>.<\/p>\n<p>En la mesa inaugural, han participado tambi\u00e9n el decano de la Facultad de Ciencias del Deporte, <strong>Javier G\u00e1lvez Gonz\u00e1lez<\/strong>, y la vicedecana de Ordenaci\u00f3n Acad\u00e9mica, <strong>Elisabeth Rodr\u00edguez Bies<\/strong>.<\/p>\n<p><a href=\"https:\/\/www.upo.es\/diario\/wp-content\/uploads\/2022\/11\/Jornadas-Mujeres-Lideres_page-0001.jpg\"><img loading=\"lazy\" decoding=\"async\" class=\"alignright size-medium wp-image-30876133\" src=\"https:\/\/www.upo.es\/diario\/wp-content\/uploads\/2022\/11\/Jornadas-Mujeres-Lideres_page-0001-385x216.jpg\" alt=\"\" width=\"385\" height=\"216\" srcset=\"https:\/\/www.upo.es\/diario\/wp-content\/uploads\/2022\/11\/Jornadas-Mujeres-Lideres_page-0001-385x216.jpg 385w, https:\/\/www.upo.es\/diario\/wp-content\/uploads\/2022\/11\/Jornadas-Mujeres-Lideres_page-0001-750x422.jpg 750w, https:\/\/www.upo.es\/diario\/wp-content\/uploads\/2022\/11\/Jornadas-Mujeres-Lideres_page-0001-768x432.jpg 768w, https:\/\/www.upo.es\/diario\/wp-content\/uploads\/2022\/11\/Jornadas-Mujeres-Lideres_page-0001-1536x863.jpg 1536w, https:\/\/www.upo.es\/diario\/wp-content\/uploads\/2022\/11\/Jornadas-Mujeres-Lideres_page-0001-1320x742.jpg 1320w, https:\/\/www.upo.es\/diario\/wp-content\/uploads\/2022\/11\/Jornadas-Mujeres-Lideres_page-0001.jpg 1875w\" sizes=\"auto, (max-width: 385px) 100vw, 385px\" \/><\/a>Las Jornadas cuentan con <strong>tres ponentes que representan casos de \u00e9xito en el deporte y han vivido el paso de deportista a dirigente l\u00edder en una profesi\u00f3n deportiva<\/strong>. Ellas son <strong>Mar \u00c1lvarez Portillo<\/strong>, responsable del \u00e1rea de preparaci\u00f3n f\u00edsica de la Federaci\u00f3n Espa\u00f1ola Masculina de Rugby y preparadora f\u00edsica de la Selecci\u00f3n de rugby de Espa\u00f1a; <strong>Lorena del Mar Trujillano Gallardo<\/strong>, \u00fanica \u00e1rbitra de la tercera divisi\u00f3n de f\u00fatbol masculino; y <strong>Raquel Ib\u00e1\u00f1ez Torres<\/strong>, gu\u00eda internacional de monta\u00f1a y miembro de la Asociaci\u00f3n Espa\u00f1ola de Gu\u00edas de Monta\u00f1a y directora-gerente de la empresa Encaminados.<\/p>\n<p>Esta actividad tiene como objetivo crear conciencia de igualdad a trav\u00e9s de experiencias personales de mujeres referentes en modalidades deportivas masculinas como los casos del rugby, f\u00fatbol y monta\u00f1ismo. De esta forma, las invitadas exponen su experiencia laboral en estos colectivos para que estas figuras sirvan de referente o modelo a otras mujeres y que estas profesiones se planteen como alternativa de futuro para las estudiantes.<\/p>\n<p>Asimismo, con esta propuesta, la Delegaci\u00f3n del Rector para la Igualdad de G\u00e9nero y la Facultad de Ciencias del Deporte pretenden crear conciencia en las direcciones deportivas lideradas por hombres de que la excelencia en el trabajo es absolutamente independiente del g\u00e9nero, as\u00ed como difundir el papel de la mujer en el deporte.<\/p>\n","protected":false},"excerpt":{"rendered":"<p>La delegada del rector para la Igualdad de G\u00e9nero, M\u00f3nica Dom\u00ednguez Serrano, ha inaugurado la Jornada \u2018Mujeres l\u00edderes en deportes tradicionalmente masculinos\u2019 que organiza la Facultad de Ciencias del Deporte en el marco de la convocatoria de ayudas destinadas a fomentar la realizaci\u00f3n de acciones para favorecer la igualdad de g\u00e9nero en los centros de la Universidad Pablo de Olavide, con la gesti\u00f3n de la Oficina para la Igualdad de G\u00e9nero.\u00a0<\/p>\n","protected":false},"author":14,"featured_media":30876147,"comment_status":"closed","ping_status":"open","sticky":false,"template":"","format":"standard","meta":{"_monsterinsights_skip_tracking":false,"_monsterinsights_sitenote_active":false,"_monsterinsights_sitenote_note":"","_monsterinsights_sitenote_category":0,"footnotes":""},"categories":[30],"tags":[125,7412,231,3342,46,517,5883,2151,1053,2209,1199],"class_list":["post-30876132","post","type-post","status-publish","format-standard","has-post-thumbnail","hentry","category-deportes","tag-biblioteca","tag-delegacion-del-rector-para-la-igualdad-de-genero","tag-deportes-2","tag-facultad-de-ciencias-del-deporte","tag-futbol","tag-igualdad","tag-igualdad-de-genero","tag-montanismo","tag-mujeres","tag-oficina-para-la-igualdad","tag-rugby"],"_links":{"self":[{"href":"https:\/\/www.upo.es\/diario\/wp-json\/wp\/v2\/posts\/30876132","targetHints":{"allow":["GET"]}}],"collection":[{"href":"https:\/\/www.upo.es\/diario\/wp-json\/wp\/v2\/posts"}],"about":[{"href":"https:\/\/www.upo.es\/diario\/wp-json\/wp\/v2\/types\/post"}],"author":[{"embeddable":true,"href":"https:\/\/www.upo.es\/diario\/wp-json\/wp\/v2\/users\/14"}],"replies":[{"embeddable":true,"href":"https:\/\/www.upo.es\/diario\/wp-json\/wp\/v2\/comments?post=30876132"}],"version-history":[{"count":4,"href":"https:\/\/www.upo.es\/diario\/wp-json\/wp\/v2\/posts\/30876132\/revisions"}],"predecessor-version":[{"id":30876150,"href":"https:\/\/www.upo.es\/diario\/wp-json\/wp\/v2\/posts\/30876132\/revisions\/30876150"}],"wp:featuredmedia":[{"embeddable":true,"href":"https:\/\/www.upo.es\/diario\/wp-json\/wp\/v2\/media\/30876147"}],"wp:attachment":[{"href":"https:\/\/www.upo.es\/diario\/wp-json\/wp\/v2\/media?parent=30876132"}],"wp:term":[{"taxonomy":"category","embeddable":true,"href":"https:\/\/www.upo.es\/diario\/wp-json\/wp\/v2\/categories?post=30876132"},{"taxonomy":"post_tag","embeddable":true,"href":"https:\/\/www.upo.es\/diario\/wp-json\/wp\/v2\/tags?post=30876132"}],"curies":[{"name":"wp","href":"https:\/\/api.w.org\/{rel}","templated":true}]}}