{"id":30876144,"date":"2022-11-15T13:02:49","date_gmt":"2022-11-15T12:02:49","guid":{"rendered":"https:\/\/www.upo.es\/diario\/?p=30876144"},"modified":"2022-11-16T13:52:58","modified_gmt":"2022-11-16T12:52:58","slug":"la-directora-del-archivo-de-indias-imparte-la-leccion-primera-de-la-facultad-de-humanidades","status":"publish","type":"post","link":"https:\/\/www.upo.es\/diario\/docencia-formacion\/2022\/11\/la-directora-del-archivo-de-indias-imparte-la-leccion-primera-de-la-facultad-de-humanidades\/","title":{"rendered":"La directora del Archivo de Indias imparte la Lecci\u00f3n Primera de la Facultad de Humanidades"},"content":{"rendered":"<figure id=\"attachment_30876181\" aria-describedby=\"caption-attachment-30876181\" style=\"width: 750px\" class=\"wp-caption aligncenter\"><a href=\"https:\/\/www.upo.es\/diario\/wp-content\/uploads\/2022\/11\/EstherCruces-Leccion1FHUM-scaled.jpg\"><img loading=\"lazy\" decoding=\"async\" class=\"wp-image-30876181 size-large\" src=\"https:\/\/www.upo.es\/diario\/wp-content\/uploads\/2022\/11\/EstherCruces-Leccion1FHUM-750x500.jpg\" alt=\"\" width=\"750\" height=\"500\" srcset=\"https:\/\/www.upo.es\/diario\/wp-content\/uploads\/2022\/11\/EstherCruces-Leccion1FHUM-750x500.jpg 750w, https:\/\/www.upo.es\/diario\/wp-content\/uploads\/2022\/11\/EstherCruces-Leccion1FHUM-385x257.jpg 385w, https:\/\/www.upo.es\/diario\/wp-content\/uploads\/2022\/11\/EstherCruces-Leccion1FHUM-768x512.jpg 768w, https:\/\/www.upo.es\/diario\/wp-content\/uploads\/2022\/11\/EstherCruces-Leccion1FHUM-1536x1024.jpg 1536w, https:\/\/www.upo.es\/diario\/wp-content\/uploads\/2022\/11\/EstherCruces-Leccion1FHUM-2048x1365.jpg 2048w\" sizes=\"auto, (max-width: 750px) 100vw, 750px\" \/><\/a><figcaption id=\"caption-attachment-30876181\" class=\"wp-caption-text\">Lecci\u00f3n Primera de Humanidades en el Paraninfo<\/figcaption><\/figure>\n<p>La directora del Archivo General de Indias de Sevilla, <strong>Esther Cruces Blanco<\/strong>, ha impartido la <strong>Lecci\u00f3n Primera del curso 2022\/2023 de la Facultad de Humanidades de la Universidad Pablo de Olavide<\/strong> bajo el t\u00edtulo <strong>\u2018Informaci\u00f3n, documentos y memoria\u2019<\/strong>, con la que ha dado a conocer sus reflexiones sobre experiencias y praxis del ejercicio profesional en el campo de los archivos y la investigaci\u00f3n.<\/p>\n<p>La decana de la Facultad de Humanidades de la UPO, <strong>Rosario Moreno Soldevilla<\/strong>, ha presentado a la ponente y ha recordado que desde la primera ocasi\u00f3n en que se celebr\u00f3 esta Lecci\u00f3n Primera de Humanidades en 1999 por parte de <strong>Francisco Aguilar Pi\u00f1ar<\/strong> sobre la vida de Pablo de Olavide, las numerosas conferencias pronunciadas \u201chan dado cuenta de la amplitud y la relevancia de los estudios de Humanidades\u201d.<\/p>\n<p>Por su parte, la directora del Archivo General de Indias ha explicado <strong>la relaci\u00f3n de la documentaci\u00f3n y la informaci\u00f3n con los archivos y c\u00f3mo estas ofrecen puntos de vista diferentes desde la Archiv\u00edstica y la Historia<\/strong>. Asimismo, tambi\u00e9n ha hecho referencia a las y los profesionales que \u201cusan la documentaci\u00f3n para otros cometidos como el Derecho, la Filolog\u00eda y las Ciencias Sociales. En definitiva, los documentos son fuentes primarias de informaci\u00f3n sean de cualquier tipo y seg\u00fan las \u00e9pocas en que fueron producidos\u201d. Como ha ocurrido con el caso de la memoria, \u201cque hoy en d\u00eda es un tema de actualidad\u201d, ha explicado Cruces, \u201cun concepto que he visto surgir y consolidarse en las administraciones p\u00fablicas espa\u00f1olas\u201d.<\/p>\n<p>Por otra parte, ha reclamado el recuerdo para los maestros y maestras de la profesi\u00f3n porque \u201ces la primera cuesti\u00f3n a saber en las aulas, ya que, en el ejercicio profesional, hay que aprender todos los d\u00edas\u201d. \u201cEste es un mundo complejo por el poder que tiene la informaci\u00f3n para generar mentiras y bulos, por el entramado de datos que implica y la permanente evoluci\u00f3n en el control de los mismos\u201d, ha se\u00f1alado Esther Cruces.<\/p>\n<p>Esther Cruces es doctora en Historia por la Universidad de M\u00e1laga y funcionaria de carrera del Cuerpo Facultativo de Archiveros y Bibliotecarios. Cuenta con una dilatada experiencia en la direcci\u00f3n de archivos, as\u00ed como en numerosas instituciones relacionadas con la archiv\u00edstica, la historia y la administraci\u00f3n p\u00fablica. Ha sido, adem\u00e1s, docente en la Universidad de M\u00e1laga.<\/p>\n<figure id=\"attachment_30876180\" aria-describedby=\"caption-attachment-30876180\" style=\"width: 385px\" class=\"wp-caption alignright\"><a href=\"https:\/\/www.upo.es\/diario\/wp-content\/uploads\/2022\/11\/EstherCruces-Leccion1FHUM-2-scaled.jpg\"><img loading=\"lazy\" decoding=\"async\" class=\"size-medium wp-image-30876180\" src=\"https:\/\/www.upo.es\/diario\/wp-content\/uploads\/2022\/11\/EstherCruces-Leccion1FHUM-2-385x217.jpg\" alt=\"\" width=\"385\" height=\"217\" srcset=\"https:\/\/www.upo.es\/diario\/wp-content\/uploads\/2022\/11\/EstherCruces-Leccion1FHUM-2-385x217.jpg 385w, https:\/\/www.upo.es\/diario\/wp-content\/uploads\/2022\/11\/EstherCruces-Leccion1FHUM-2-750x422.jpg 750w, https:\/\/www.upo.es\/diario\/wp-content\/uploads\/2022\/11\/EstherCruces-Leccion1FHUM-2-768x432.jpg 768w, https:\/\/www.upo.es\/diario\/wp-content\/uploads\/2022\/11\/EstherCruces-Leccion1FHUM-2-1536x864.jpg 1536w, https:\/\/www.upo.es\/diario\/wp-content\/uploads\/2022\/11\/EstherCruces-Leccion1FHUM-2-2048x1152.jpg 2048w, https:\/\/www.upo.es\/diario\/wp-content\/uploads\/2022\/11\/EstherCruces-Leccion1FHUM-2-1320x742.jpg 1320w\" sizes=\"auto, (max-width: 385px) 100vw, 385px\" \/><\/a><figcaption id=\"caption-attachment-30876180\" class=\"wp-caption-text\">Rosario Moreno y Esther Cruces<\/figcaption><\/figure>\n<p>El <strong>Archivo General de Indias de Sevilla<\/strong> se cre\u00f3 en 1785 por deseo del rey Carlos III con el objetivo de centralizar en un \u00fanico lugar la documentaci\u00f3n referente a la administraci\u00f3n de los territorios ultramarinos espa\u00f1oles hasta entonces dispersa en los archivos de Simancas, C\u00e1diz y Sevilla.<\/p>\n<p>Para la Facultad de Humanidades, la Lecci\u00f3n Primera es un momento de encuentro y reflexi\u00f3n, una cita tradicional a la que su profesorado y alumnado no ha faltado ni por causa de la pandemia por Covid-19. Cada curso, la Facultad invita a un o una profesional de diversos \u00e1mbitos para que aporte una mirada diferente sobre este campo de conocimiento.<\/p>\n<p>La Lecci\u00f3n Primera marca de manera simb\u00f3lica el inicio de curso en esta Facultad. Figuras como el escritor <strong>Lorenzo Silva<\/strong>; el periodista <strong>Juan Cruz<\/strong>; el profesor y poeta <strong>Luis Garc\u00eda Montero<\/strong>, actual director del Instituto Cervantes; la periodista <strong>Pilar del R\u00edo<\/strong>; la periodista y anal\u00edtica pol\u00edtica <strong>Concha Caballero<\/strong>; el compositor <strong>Luis de Pablo<\/strong>; la fil\u00f3sofa <strong>Amelia Valc\u00e1rcel<\/strong>; o la catedr\u00e1tica de Lengua Espa\u00f1ola <strong>Lola Pons<\/strong> han sido personalidades invitadas en a\u00f1os anteriores.<\/p>\n","protected":false},"excerpt":{"rendered":"<p>La directora del Archivo General de Indias de Sevilla, Esther Cruces Blanco, ha impartido la Lecci\u00f3n Primera del curso 2022\/2023 de la Facultad de Humanidades de la Universidad Pablo de Olavide bajo el t\u00edtulo \u2018Informaci\u00f3n, documentos y memoria\u2019, con la que ha dado a conocer sus reflexiones sobre experiencias y praxis del ejercicio profesional en el campo de los archivos y la investigaci\u00f3n.<\/p>\n","protected":false},"author":14,"featured_media":30876181,"comment_status":"closed","ping_status":"open","sticky":false,"template":"","format":"standard","meta":{"_monsterinsights_skip_tracking":false,"_monsterinsights_sitenote_active":false,"_monsterinsights_sitenote_note":"","_monsterinsights_sitenote_category":0,"footnotes":""},"categories":[2779],"tags":[2765,8086,7271,96,931,1684],"class_list":["post-30876144","post","type-post","status-publish","format-standard","has-post-thumbnail","hentry","category-docencia-formacion","tag-archivo-de-indias","tag-documentacion","tag-esther-cruces","tag-facultad-de-humanidades","tag-leccion-primera","tag-paraninfo"],"_links":{"self":[{"href":"https:\/\/www.upo.es\/diario\/wp-json\/wp\/v2\/posts\/30876144","targetHints":{"allow":["GET"]}}],"collection":[{"href":"https:\/\/www.upo.es\/diario\/wp-json\/wp\/v2\/posts"}],"about":[{"href":"https:\/\/www.upo.es\/diario\/wp-json\/wp\/v2\/types\/post"}],"author":[{"embeddable":true,"href":"https:\/\/www.upo.es\/diario\/wp-json\/wp\/v2\/users\/14"}],"replies":[{"embeddable":true,"href":"https:\/\/www.upo.es\/diario\/wp-json\/wp\/v2\/comments?post=30876144"}],"version-history":[{"count":4,"href":"https:\/\/www.upo.es\/diario\/wp-json\/wp\/v2\/posts\/30876144\/revisions"}],"predecessor-version":[{"id":30876184,"href":"https:\/\/www.upo.es\/diario\/wp-json\/wp\/v2\/posts\/30876144\/revisions\/30876184"}],"wp:featuredmedia":[{"embeddable":true,"href":"https:\/\/www.upo.es\/diario\/wp-json\/wp\/v2\/media\/30876181"}],"wp:attachment":[{"href":"https:\/\/www.upo.es\/diario\/wp-json\/wp\/v2\/media?parent=30876144"}],"wp:term":[{"taxonomy":"category","embeddable":true,"href":"https:\/\/www.upo.es\/diario\/wp-json\/wp\/v2\/categories?post=30876144"},{"taxonomy":"post_tag","embeddable":true,"href":"https:\/\/www.upo.es\/diario\/wp-json\/wp\/v2\/tags?post=30876144"}],"curies":[{"name":"wp","href":"https:\/\/api.w.org\/{rel}","templated":true}]}}