{"id":30876151,"date":"2022-11-14T14:26:03","date_gmt":"2022-11-14T13:26:03","guid":{"rendered":"https:\/\/www.upo.es\/diario\/?p=30876151"},"modified":"2022-11-17T15:00:50","modified_gmt":"2022-11-17T14:00:50","slug":"ayuntamiento-csic-universidades-pct-cartuja-y-jrc-firman-un-acuerdo-para-constituir-la-mesa-de-la-ciencia-e-impulsar-la-idi-en-sevilla","status":"publish","type":"post","link":"https:\/\/www.upo.es\/diario\/institucional\/2022\/11\/ayuntamiento-csic-universidades-pct-cartuja-y-jrc-firman-un-acuerdo-para-constituir-la-mesa-de-la-ciencia-e-impulsar-la-idi-en-sevilla\/","title":{"rendered":"Ayuntamiento, CSIC, Universidades, PCT Cartuja y JRC firman un acuerdo para constituir la Mesa de la Ciencia e impulsar la I+D+i en Sevilla"},"content":{"rendered":"<p><a href=\"https:\/\/www.upo.es\/diario\/wp-content\/uploads\/2022\/11\/Mesa-Ciencia-Sevilla.jpg\"><img loading=\"lazy\" decoding=\"async\" class=\"aligncenter size-large wp-image-30876153\" src=\"https:\/\/www.upo.es\/diario\/wp-content\/uploads\/2022\/11\/Mesa-Ciencia-Sevilla-750x500.jpg\" alt=\"Acuerdo de la Mesa de Ciencia\" width=\"750\" height=\"500\" srcset=\"https:\/\/www.upo.es\/diario\/wp-content\/uploads\/2022\/11\/Mesa-Ciencia-Sevilla-750x500.jpg 750w, https:\/\/www.upo.es\/diario\/wp-content\/uploads\/2022\/11\/Mesa-Ciencia-Sevilla-385x257.jpg 385w, https:\/\/www.upo.es\/diario\/wp-content\/uploads\/2022\/11\/Mesa-Ciencia-Sevilla-768x512.jpg 768w, https:\/\/www.upo.es\/diario\/wp-content\/uploads\/2022\/11\/Mesa-Ciencia-Sevilla-1536x1023.jpg 1536w, https:\/\/www.upo.es\/diario\/wp-content\/uploads\/2022\/11\/Mesa-Ciencia-Sevilla-165x109.jpg 165w, https:\/\/www.upo.es\/diario\/wp-content\/uploads\/2022\/11\/Mesa-Ciencia-Sevilla-1320x879.jpg 1320w, https:\/\/www.upo.es\/diario\/wp-content\/uploads\/2022\/11\/Mesa-Ciencia-Sevilla.jpg 1600w\" sizes=\"auto, (max-width: 750px) 100vw, 750px\" \/><\/a>El alcalde de Sevilla, <strong>Antonio Mu\u00f1oz<\/strong>, acompa\u00f1ado por Juan Antonio Barrionuevo, delegado de Juventud, Ciencia y Universidades y Cooperaci\u00f3n al Desarrollo; <strong>Miguel \u00c1ngel Castro<\/strong>, rector de la Universidad de Sevilla; <strong>Francisco Oliva<\/strong>, rector de la Universidad Pablo de Olavide; <strong>Gabriel Mar\u00eda P\u00e9rez<\/strong>, rector de la Universidad Loyola Andaluc\u00eda; <strong>Jos\u00e9 Ignacio Garc\u00eda<\/strong>, rector de la Universidad Internacional de Andaluc\u00eda; <strong>Margarita Paneque<\/strong>, delegada Institucional del CSIC en Andaluc\u00eda; <strong>Gabriela Garc\u00eda Meng\u00edbar<\/strong>, del equipo de Innovaci\u00f3n y Proyectos del Parque Cient\u00edfico y Tecnol\u00f3gico Cartuja, y <strong>Mikel Landabaso<\/strong>, director del Joint Research Centre (JRC) de Sevilla, han firmado esta ma\u00f1ana un <strong>manifiesto para constituir formalmente la Mesa de la Ciencia de Sevilla<\/strong>.<\/p>\n<p>\u201cEsta constituci\u00f3n formal de la Mesa de la Ciencia, a la que iremos sumando al resto de entidades cient\u00edfica en la ciudad, es la toma de conciencia de que este trabajo conjunto est\u00e1 dando sus resultados y puede ir a m\u00e1s\u201d, ha destacado el alcalde de Sevilla, quien ha subrayado que \u201cpor parte del Ayuntamiento, desde luego, no va a quedar, ya que por eso creamos a principios de a\u00f1o la delegaci\u00f3n de Ciencia, vinculada a las universidades y por eso adem\u00e1s vamos a incorporar en los presupuestos municipales de forma progresiva partidas destinadas la promoci\u00f3n de la ciencia en la ciudad de Sevilla, que se ver\u00e1 reflejado a partir de 2023 y se ir\u00e1 incrementando de forma progresiva en los pr\u00f3ximos ejercicios hasta ser una pieza m\u00e1s de nuestro engranaje presupuestario\u201d.<\/p>\n<p>En este sentido, Antonio Mu\u00f1oz ha subrayado que \u201cse trata, por tanto, de que formalmente los centros de investigaci\u00f3n p\u00fablicos, las universidades, y las empresas, representadas en este caso en el PCT Cartuja, unan sus fuerzas en torno a la ciencia y la investigaci\u00f3n, establezcamos sinergias y sobre todo despleguemos una estrategia conjunta de apoyo, divulgaci\u00f3n e impulso de la ciencia en nuestra ciudad, desde nuestros centros educativos, hasta las universidades y las empresas\u201d.<\/p>\n<p><a href=\"https:\/\/www.upo.es\/diario\/wp-content\/uploads\/2022\/11\/Mesa-Ciencia-Sevilla_PacoOliva.jpg\"><img loading=\"lazy\" decoding=\"async\" class=\"alignright size-medium wp-image-30876154\" src=\"https:\/\/www.upo.es\/diario\/wp-content\/uploads\/2022\/11\/Mesa-Ciencia-Sevilla_PacoOliva-385x257.jpg\" alt=\"\" width=\"385\" height=\"257\" srcset=\"https:\/\/www.upo.es\/diario\/wp-content\/uploads\/2022\/11\/Mesa-Ciencia-Sevilla_PacoOliva-385x257.jpg 385w, https:\/\/www.upo.es\/diario\/wp-content\/uploads\/2022\/11\/Mesa-Ciencia-Sevilla_PacoOliva-750x500.jpg 750w, https:\/\/www.upo.es\/diario\/wp-content\/uploads\/2022\/11\/Mesa-Ciencia-Sevilla_PacoOliva-768x512.jpg 768w, https:\/\/www.upo.es\/diario\/wp-content\/uploads\/2022\/11\/Mesa-Ciencia-Sevilla_PacoOliva-1536x1023.jpg 1536w, https:\/\/www.upo.es\/diario\/wp-content\/uploads\/2022\/11\/Mesa-Ciencia-Sevilla_PacoOliva-165x109.jpg 165w, https:\/\/www.upo.es\/diario\/wp-content\/uploads\/2022\/11\/Mesa-Ciencia-Sevilla_PacoOliva-1320x879.jpg 1320w, https:\/\/www.upo.es\/diario\/wp-content\/uploads\/2022\/11\/Mesa-Ciencia-Sevilla_PacoOliva.jpg 1600w\" sizes=\"auto, (max-width: 385px) 100vw, 385px\" \/><\/a>Por su parte, la delegada del CSIC ha comentado que cada d\u00eda est\u00e1 m\u00e1s convencida de que \u201cen la ciencia cada vez es m\u00e1s importante la colaboraci\u00f3n en lugar de la competencia\u201d. El rector de la US ha agradecido al Ayuntamiento \u201cla capacidad de cohesionarnos a todos y escenificar un espacio donde trabajemos juntos\u201d, a lo que el rector de la UPO ha a\u00f1adido que el d\u00eda de hoy \u201csupone avanzar hacia una sociedad del conocimiento\u201d. Por su parte, el responsable de la UNIA ha manifestado que \u201cSevilla es una de las pocas ciudades en Espa\u00f1a con tantas instituciones cient\u00edficas\u201d y el m\u00e1ximo responsable de la Universidad Loyola ha explicado que es necesario \u201creivindicar Sevilla como ciudad de las ideas\u201d. En esta misma l\u00ednea y durante su discurso, la representante del PCT Cartuja ha manifestado que protocolos como \u00e9ste \u201cponen en valor la ciencia y su potencial en Sevilla\u201d; y el director del JRC ha enfatizado que se est\u00e1 poniendo de manifiesto \u201cuna visi\u00f3n de Sevilla de futuro con futuro\u201d.<\/p>\n<p>En concreto, esta declaraci\u00f3n de intenciones tiene como <strong>objetivos<\/strong> promocionar la cultura cient\u00edfica a trav\u00e9s de la labor investigadora hecha en Sevilla; fomentar la vocaci\u00f3n investigadora entre la juventud sevillana y especialmente entre el alumnado de los centros educativos, especialmente en las carreras STEM; impulsar y reconocer la presencia de la mujer en la investigaci\u00f3n; reconocer y premiar la labor investigadora en cualquier \u00e1rea que suponga una mejora en el bienestar social, el desarrollo econ\u00f3mico y la salud; difundir y poner en valor la labor investigadora hecha en nuestra ciudad, acercando los trabajos de investigaci\u00f3n a un p\u00fablico no especialista, destacando su importancia y su aportaci\u00f3n a la sociedad y a la ciudad, o mejorar la cultura cient\u00edfica y la actitud racional cr\u00edtica en la sociedad en general y de la juventud sevillana en particular.<\/p>\n<p>Asimismo, recoge como fines compartir informaci\u00f3n acerca de las convocatorias de ayudas y fondos de las distintas administraciones p\u00fablicas, incluida la Uni\u00f3n Europea, a los que puedan acogerse los equipos cient\u00edficos de Sevilla; difundir la cultura del emprendimiento mediante startups entre los equipos cient\u00edficos, a fin de que sus investigaciones puedan materializarse en empresas; difundir y facilitar los recursos municipales disponibles para la formaci\u00f3n y la creaci\u00f3n de empresas entre los equipos cient\u00edficos, as\u00ed como para facilitar la atracci\u00f3n de talento investigador internacional; contribuir a la difusi\u00f3n del trabajo cient\u00edfico hecho en Sevilla a trav\u00e9s de los diferentes canales de los que dispone el Ayuntamiento de Sevilla; compartir informaci\u00f3n sobre los trabajos de los equipos cient\u00edficos de Sevilla en publicaciones de relevancia cient\u00edfica; trasladar a la comunidad cient\u00edfica las iniciativas municipales de promoci\u00f3n de la cultura cient\u00edfica para que puedan participar y enriquecerlas y ayudar a que la divulgaci\u00f3n cient\u00edfica sea accesible e integradora para toda la ciudadan\u00eda de la ciudad.<\/p>\n<p>Esta declaraci\u00f3n de intenciones se materializar\u00e1 posteriormente en un protocolo de actuaci\u00f3n formal que regule y ordene, previa aprobaci\u00f3n por sus respectivos \u00f3rganos de gobierno, las relaciones entre todas las entidades y el trabajo conjunto a fin de lograr los objetivos marcados en esta alianza que nace con car\u00e1cter de permanencia y que tiene como \u00fanico fin la promoci\u00f3n de la ciencia en Sevilla.<\/p>\n<p>Fuente: <strong>Ayuntamiento de Sevilla<\/strong><\/p>\n","protected":false},"excerpt":{"rendered":"<p>Instituciones p\u00fablicas y privadas se comprometen a trabajar colaborativamente para cumplir una serie de objetivos marcados en esta alianza que nace con car\u00e1cter de permanencia y que tiene como \u00fanico fin la promoci\u00f3n de la ciencia en Sevilla.<\/p>\n","protected":false},"author":6,"featured_media":30876153,"comment_status":"closed","ping_status":"open","sticky":false,"template":"","format":"standard","meta":{"_monsterinsights_skip_tracking":false,"_monsterinsights_sitenote_active":false,"_monsterinsights_sitenote_note":"","_monsterinsights_sitenote_category":0,"footnotes":""},"categories":[6],"tags":[700,7764,621,5833,45,2645,161,39],"class_list":["post-30876151","post","type-post","status-publish","format-standard","has-post-thumbnail","hentry","category-institucional","tag-acuerdo","tag-antonio-munoz","tag-ayuntamiento-de-sevilla","tag-ciencia","tag-csic","tag-divulgacion-cientifica","tag-sevilla","tag-universidades"],"_links":{"self":[{"href":"https:\/\/www.upo.es\/diario\/wp-json\/wp\/v2\/posts\/30876151","targetHints":{"allow":["GET"]}}],"collection":[{"href":"https:\/\/www.upo.es\/diario\/wp-json\/wp\/v2\/posts"}],"about":[{"href":"https:\/\/www.upo.es\/diario\/wp-json\/wp\/v2\/types\/post"}],"author":[{"embeddable":true,"href":"https:\/\/www.upo.es\/diario\/wp-json\/wp\/v2\/users\/6"}],"replies":[{"embeddable":true,"href":"https:\/\/www.upo.es\/diario\/wp-json\/wp\/v2\/comments?post=30876151"}],"version-history":[{"count":2,"href":"https:\/\/www.upo.es\/diario\/wp-json\/wp\/v2\/posts\/30876151\/revisions"}],"predecessor-version":[{"id":30876155,"href":"https:\/\/www.upo.es\/diario\/wp-json\/wp\/v2\/posts\/30876151\/revisions\/30876155"}],"wp:featuredmedia":[{"embeddable":true,"href":"https:\/\/www.upo.es\/diario\/wp-json\/wp\/v2\/media\/30876153"}],"wp:attachment":[{"href":"https:\/\/www.upo.es\/diario\/wp-json\/wp\/v2\/media?parent=30876151"}],"wp:term":[{"taxonomy":"category","embeddable":true,"href":"https:\/\/www.upo.es\/diario\/wp-json\/wp\/v2\/categories?post=30876151"},{"taxonomy":"post_tag","embeddable":true,"href":"https:\/\/www.upo.es\/diario\/wp-json\/wp\/v2\/tags?post=30876151"}],"curies":[{"name":"wp","href":"https:\/\/api.w.org\/{rel}","templated":true}]}}