{"id":30876161,"date":"2022-11-15T11:02:59","date_gmt":"2022-11-15T10:02:59","guid":{"rendered":"https:\/\/www.upo.es\/diario\/?p=30876161"},"modified":"2022-11-17T15:00:54","modified_gmt":"2022-11-17T14:00:54","slug":"la-upo-suscribe-un-convenio-con-la-fundacion-alala-para-ampliar-su-labor-en-poligono-sur","status":"publish","type":"post","link":"https:\/\/www.upo.es\/diario\/institucional\/2022\/11\/la-upo-suscribe-un-convenio-con-la-fundacion-alala-para-ampliar-su-labor-en-poligono-sur\/","title":{"rendered":"La UPO suscribe un convenio con la Fundaci\u00f3n Alal\u00e1 para ampliar su labor en Pol\u00edgono Sur"},"content":{"rendered":"<figure id=\"attachment_30876162\" aria-describedby=\"caption-attachment-30876162\" style=\"width: 750px\" class=\"wp-caption aligncenter\"><a href=\"https:\/\/www.upo.es\/diario\/wp-content\/uploads\/2022\/11\/Conv-UPO-Fund-Alala-scaled.jpg\"><img loading=\"lazy\" decoding=\"async\" class=\"size-large wp-image-30876162\" src=\"https:\/\/www.upo.es\/diario\/wp-content\/uploads\/2022\/11\/Conv-UPO-Fund-Alala-750x500.jpg\" alt=\"Francisco Oliva y Mar\u00eda de las Nieves Parejo tras la firma del convenio\" width=\"750\" height=\"500\" srcset=\"https:\/\/www.upo.es\/diario\/wp-content\/uploads\/2022\/11\/Conv-UPO-Fund-Alala-750x500.jpg 750w, https:\/\/www.upo.es\/diario\/wp-content\/uploads\/2022\/11\/Conv-UPO-Fund-Alala-385x257.jpg 385w, https:\/\/www.upo.es\/diario\/wp-content\/uploads\/2022\/11\/Conv-UPO-Fund-Alala-768x512.jpg 768w, https:\/\/www.upo.es\/diario\/wp-content\/uploads\/2022\/11\/Conv-UPO-Fund-Alala-1536x1024.jpg 1536w, https:\/\/www.upo.es\/diario\/wp-content\/uploads\/2022\/11\/Conv-UPO-Fund-Alala-2048x1365.jpg 2048w, https:\/\/www.upo.es\/diario\/wp-content\/uploads\/2022\/11\/Conv-UPO-Fund-Alala-165x109.jpg 165w, https:\/\/www.upo.es\/diario\/wp-content\/uploads\/2022\/11\/Conv-UPO-Fund-Alala-1320x880.jpg 1320w\" sizes=\"auto, (max-width: 750px) 100vw, 750px\" \/><\/a><figcaption id=\"caption-attachment-30876162\" class=\"wp-caption-text\">Francisco Oliva y Blanca Parejo tras la firma del convenio<\/figcaption><\/figure>\n<p>El rector de la Universidad Pablo de Olavide, <strong>Francisco Oliva Bl\u00e1zquez<\/strong>, y la directora de la Fundaci\u00f3n Alal\u00e1, <strong>Blanca Parejo Zabala<\/strong>, han firmado un protocolo general de colaboraci\u00f3n entre ambas entidades con el objetivo de ampliar la labor de la Universidad con la infancia y juventud del barrio sevillano de Pol\u00edgono Sur.<\/p>\n<p>Francisco Oliva ha destacado que \u201ceste acuerdo viene a reforzar nuestro proyecto con Pol\u00edgono Sur. Una de nuestras estrategias es apostar por la inclusi\u00f3n porque la Universidad no puede vivir de espaldas a la realidad y este campus est\u00e1 a cinco minutos de una de las zonas m\u00e1s desfavorecidas de Espa\u00f1a y Europa\u201d. As\u00ed, ha recordado que \u201cnuestra Residencia Flora Trist\u00e1n es un ejemplo del compromiso de la UPO con este barrio\u201d. \u201cCualquier chico o chica que llegue a la Universidad, supondr\u00e1 un triunfo para esta y para la sociedad\u201d, ha subrayado el rector.<\/p>\n<p>Por su parte, Blanca Parejo ha calificado de \u201cprimordial\u201d la colaboraci\u00f3n entre ambas entidades. \u201cLlevamos ocho a\u00f1os trabajando en Pol\u00edgono Sur con infancia y juventud, no en riesgo de exclusi\u00f3n, sino en exclusi\u00f3n totalmente y nuestra labor es integrar a las familias a trav\u00e9s del arte y del flamenco y fomentar el talento. Esta colaboraci\u00f3n es una oportunidad para que nuestros ni\u00f1os y ni\u00f1as puedan venir a la Universidad\u201d, ha se\u00f1alado la directora.<\/p>\n<p>Al acto de firma del convenio han asistido tambi\u00e9n el vicerrector de Cultura y Pol\u00edticas Sociales, <strong>David Cobos Sanchiz<\/strong>, y la directora general de Inclusi\u00f3n y Pol\u00edticas Socioculturales de la Universidad Pablo de Olavide, <strong>Mar\u00eda Jos\u00e9 Parejo Guzm\u00e1n<\/strong>.<\/p>\n<p>El protocolo marco firmado servir\u00e1 para impulsar la celebraci\u00f3n de actividades formativas de tipo acad\u00e9mico, cient\u00edfico, t\u00e9cnico y de investigaci\u00f3n que se concretar\u00e1n en acuerdos espec\u00edficos que se establecer\u00e1n posteriormente. Es decir, <strong>se trata de una colaboraci\u00f3n que afecta al \u00e1rea formativa y de investigaci\u00f3n y que contar\u00e1 tambi\u00e9n con actividades pr\u00e1cticas dirigidas al alumnado universitario<\/strong>.<\/p>\n<p><a href=\"https:\/\/www.upo.es\/diario\/wp-content\/uploads\/2022\/11\/Conv-UPO-Fund-Alala_grupo-scaled.jpg\"><img loading=\"lazy\" decoding=\"async\" class=\"alignright size-medium wp-image-30876164\" src=\"https:\/\/www.upo.es\/diario\/wp-content\/uploads\/2022\/11\/Conv-UPO-Fund-Alala_grupo-385x217.jpg\" alt=\"Asistentes a la firma del convenio con la Fundaci\u00f3n Alal\u00e1\" width=\"385\" height=\"217\" srcset=\"https:\/\/www.upo.es\/diario\/wp-content\/uploads\/2022\/11\/Conv-UPO-Fund-Alala_grupo-385x217.jpg 385w, https:\/\/www.upo.es\/diario\/wp-content\/uploads\/2022\/11\/Conv-UPO-Fund-Alala_grupo-750x422.jpg 750w, https:\/\/www.upo.es\/diario\/wp-content\/uploads\/2022\/11\/Conv-UPO-Fund-Alala_grupo-768x432.jpg 768w, https:\/\/www.upo.es\/diario\/wp-content\/uploads\/2022\/11\/Conv-UPO-Fund-Alala_grupo-1536x864.jpg 1536w, https:\/\/www.upo.es\/diario\/wp-content\/uploads\/2022\/11\/Conv-UPO-Fund-Alala_grupo-2048x1152.jpg 2048w\" sizes=\"auto, (max-width: 385px) 100vw, 385px\" \/><\/a>Este acuerdo tiene una vigencia de cuatro a\u00f1os y contar\u00e1 con una Comisi\u00f3n de seguimiento de la que formar\u00e1n parte la directora general de Inclusi\u00f3n y Pol\u00edticas Socioculturales de la Universidad Pablo de Olavide, Mar\u00eda Jos\u00e9 Parejo Guzm\u00e1n, y la propia directora de la Fundaci\u00f3n Alal\u00e1, Blanca Parejo Zabala.<\/p>\n<p>La <a href=\"https:\/\/www.fundacion-alala.org\/\">Fundaci\u00f3n Alal\u00e1<\/a> tiene como principal objetivo apoyar la integraci\u00f3n social a trav\u00e9s de la educaci\u00f3n de la infancia y la juventud en riesgo de exclusi\u00f3n social, potenciando la formaci\u00f3n en valores y utilizando como herramienta de motivaci\u00f3n la cultura, el arte y el deporte.<\/p>\n<p>La entidad tiene sedes en Sevilla y Jerez de la Frontera (C\u00e1diz) y cuenta con dos l\u00edneas de actuaci\u00f3n. La primera de ellas tiene relaci\u00f3n con la inclusi\u00f3n social y apuesta por el desarrollo de proyectos art\u00edsticos y culturales como espacio de expresi\u00f3n, motivaci\u00f3n y camino para la transformaci\u00f3n social, as\u00ed como la organizaci\u00f3n de actividades deportivas y de ocio para generar no s\u00f3lo h\u00e1bitos saludables, sino tambi\u00e9n sociales. En segundo lugar, la Fundaci\u00f3n pretende dotar a los y las menores de habilidades y herramientas de aprendizaje para lograr el \u00e9xito escolar a trav\u00e9s de la colaboraci\u00f3n con colegios y familias al objeto de prevenir el fracaso escolar.<\/p>\n<p>&nbsp;<\/p>\n","protected":false},"excerpt":{"rendered":"<p>Francisco Oliva y Blanca Parejo destacan que la colaboraci\u00f3n se concretar\u00e1 en acuerdos espec\u00edficos para determinar actividades destinadas a la infancia y juventud de este barrio sevillano.<\/p>\n","protected":false},"author":6,"featured_media":30876162,"comment_status":"closed","ping_status":"open","sticky":false,"template":"","format":"standard","meta":{"_monsterinsights_skip_tracking":false,"_monsterinsights_sitenote_active":false,"_monsterinsights_sitenote_note":"","_monsterinsights_sitenote_category":0,"footnotes":""},"categories":[6],"tags":[326,465,455,451,2813,357],"class_list":["post-30876161","post","type-post","status-publish","format-standard","has-post-thumbnail","hentry","category-institucional","tag-convenio","tag-educacion","tag-exclusion-social","tag-infancia","tag-integracion","tag-poligono-sur"],"_links":{"self":[{"href":"https:\/\/www.upo.es\/diario\/wp-json\/wp\/v2\/posts\/30876161","targetHints":{"allow":["GET"]}}],"collection":[{"href":"https:\/\/www.upo.es\/diario\/wp-json\/wp\/v2\/posts"}],"about":[{"href":"https:\/\/www.upo.es\/diario\/wp-json\/wp\/v2\/types\/post"}],"author":[{"embeddable":true,"href":"https:\/\/www.upo.es\/diario\/wp-json\/wp\/v2\/users\/6"}],"replies":[{"embeddable":true,"href":"https:\/\/www.upo.es\/diario\/wp-json\/wp\/v2\/comments?post=30876161"}],"version-history":[{"count":8,"href":"https:\/\/www.upo.es\/diario\/wp-json\/wp\/v2\/posts\/30876161\/revisions"}],"predecessor-version":[{"id":30876178,"href":"https:\/\/www.upo.es\/diario\/wp-json\/wp\/v2\/posts\/30876161\/revisions\/30876178"}],"wp:featuredmedia":[{"embeddable":true,"href":"https:\/\/www.upo.es\/diario\/wp-json\/wp\/v2\/media\/30876162"}],"wp:attachment":[{"href":"https:\/\/www.upo.es\/diario\/wp-json\/wp\/v2\/media?parent=30876161"}],"wp:term":[{"taxonomy":"category","embeddable":true,"href":"https:\/\/www.upo.es\/diario\/wp-json\/wp\/v2\/categories?post=30876161"},{"taxonomy":"post_tag","embeddable":true,"href":"https:\/\/www.upo.es\/diario\/wp-json\/wp\/v2\/tags?post=30876161"}],"curies":[{"name":"wp","href":"https:\/\/api.w.org\/{rel}","templated":true}]}}