{"id":30876206,"date":"2022-11-16T14:47:31","date_gmt":"2022-11-16T13:47:31","guid":{"rendered":"https:\/\/www.upo.es\/diario\/?p=30876206"},"modified":"2023-10-31T14:37:12","modified_gmt":"2023-10-31T13:37:12","slug":"la-upo-pone-en-marcha-el-i-ciclo-de-conferencias-rosario-valpuesta-sobre-investigaciones-feministas","status":"publish","type":"post","link":"https:\/\/www.upo.es\/diario\/docencia-formacion\/2022\/11\/la-upo-pone-en-marcha-el-i-ciclo-de-conferencias-rosario-valpuesta-sobre-investigaciones-feministas\/","title":{"rendered":"La UPO pone en marcha el I Ciclo de Conferencias Rosario Valpuesta sobre investigaciones feministas"},"content":{"rendered":"<p>&nbsp;<\/p>\n<figure id=\"attachment_30876276\" aria-describedby=\"caption-attachment-30876276\" style=\"width: 750px\" class=\"wp-caption aligncenter\"><a href=\"https:\/\/www.upo.es\/diario\/wp-content\/uploads\/2022\/11\/Ciclo-Conf-RV-inauguracion-scaled.jpg\"><img loading=\"lazy\" decoding=\"async\" class=\"wp-image-30876276 size-large\" src=\"https:\/\/www.upo.es\/diario\/wp-content\/uploads\/2022\/11\/Ciclo-Conf-RV-inauguracion-750x500.jpg\" alt=\"Roc\u00edo Reinoso, Laura L\u00f3pez de la Cruz y Paula Rodr\u00edguez Modro\u00f1o\" width=\"750\" height=\"500\" srcset=\"https:\/\/www.upo.es\/diario\/wp-content\/uploads\/2022\/11\/Ciclo-Conf-RV-inauguracion-750x500.jpg 750w, https:\/\/www.upo.es\/diario\/wp-content\/uploads\/2022\/11\/Ciclo-Conf-RV-inauguracion-385x257.jpg 385w, https:\/\/www.upo.es\/diario\/wp-content\/uploads\/2022\/11\/Ciclo-Conf-RV-inauguracion-768x512.jpg 768w, https:\/\/www.upo.es\/diario\/wp-content\/uploads\/2022\/11\/Ciclo-Conf-RV-inauguracion-1536x1024.jpg 1536w, https:\/\/www.upo.es\/diario\/wp-content\/uploads\/2022\/11\/Ciclo-Conf-RV-inauguracion-2048x1365.jpg 2048w\" sizes=\"auto, (max-width: 750px) 100vw, 750px\" \/><\/a><figcaption id=\"caption-attachment-30876276\" class=\"wp-caption-text\">Roc\u00edo Reinoso, Laura L\u00f3pez de la Cruz y Paula Rodr\u00edguez Modro\u00f1o<\/figcaption><\/figure>\n<p>El <strong>Centro Interdisciplinar de Estudios Feministas<\/strong> (<a href=\"https:\/\/www.upo.es\/cinef\/\">CINEF<\/a>) de la Universidad Pablo de Olavide ha organizado el primer <strong>Ciclo de Conferencias Rosario Valpuesta<\/strong> que, bajo el lema <strong>\u2018Investigaciones feministas desde la pr\u00e1ctica reflexiva\u2019,<\/strong> se desarrollar\u00e1 en ocho ponencias hasta el 20 de junio de 2023 en el marco del <a href=\"https:\/\/www.upo.es\/25-aniversario\/\">25\u00ba Aniversario de la UPO<\/a>.<\/p>\n<p>La vicerrectora de Relaciones Institucionales y Fundaciones, <strong>Laura L\u00f3pez de la Cruz<\/strong>, ha inaugurado el ciclo dando paso a la primera conferencia que ha tenido lugar este jueves en la Sala de Grados del Edificio 7. En la mesa, la acompa\u00f1ar\u00e1n la presidenta del Consejo Social de la UPO, <strong>Roc\u00edo Reinosa Cuevas<\/strong>; y la directora del CINEF, <strong>Paula Rodr\u00edguez Modro\u00f1o<\/strong>.<\/p>\n<p>Este ciclo tiene como objetivo debatir y reflexionar sobre las investigaciones feministas. En concreto, se tratar\u00e1 <strong>c\u00f3mo establecer el procedimiento para realizar una investigaci\u00f3n con perspectiva de g\u00e9nero<\/strong> desde diferentes \u00e1reas de conocimiento y presentar investigaciones, metodolog\u00edas, estrategias, oportunidades y limitaciones. As\u00ed, estos encuentros se han concebido como un espacio para reflexionar conjuntamente sobre los estudios de g\u00e9nero a trav\u00e9s de investigaciones que se est\u00e9n desarrollando.<\/p>\n<p><img loading=\"lazy\" decoding=\"async\" class=\"alignright size-medium wp-image-30876207\" src=\"https:\/\/www.upo.es\/diario\/wp-content\/uploads\/2022\/11\/Cartel-17-noviembre-Ciclo-Conferencias_page-0001-217x385.jpg\" alt=\"\" width=\"217\" height=\"385\" srcset=\"https:\/\/www.upo.es\/diario\/wp-content\/uploads\/2022\/11\/Cartel-17-noviembre-Ciclo-Conferencias_page-0001-217x385.jpg 217w, https:\/\/www.upo.es\/diario\/wp-content\/uploads\/2022\/11\/Cartel-17-noviembre-Ciclo-Conferencias_page-0001-422x750.jpg 422w, https:\/\/www.upo.es\/diario\/wp-content\/uploads\/2022\/11\/Cartel-17-noviembre-Ciclo-Conferencias_page-0001-768x1365.jpg 768w, https:\/\/www.upo.es\/diario\/wp-content\/uploads\/2022\/11\/Cartel-17-noviembre-Ciclo-Conferencias_page-0001-864x1536.jpg 864w, https:\/\/www.upo.es\/diario\/wp-content\/uploads\/2022\/11\/Cartel-17-noviembre-Ciclo-Conferencias_page-0001-1152x2048.jpg 1152w, https:\/\/www.upo.es\/diario\/wp-content\/uploads\/2022\/11\/Cartel-17-noviembre-Ciclo-Conferencias_page-0001-1320x2346.jpg 1320w, https:\/\/www.upo.es\/diario\/wp-content\/uploads\/2022\/11\/Cartel-17-noviembre-Ciclo-Conferencias_page-0001-scaled.jpg 1440w\" sizes=\"auto, (max-width: 217px) 100vw, 217px\" \/>La primera de las citas, celebrada esta tarde, es un <strong>Conversatorio sobre la figura de Rosario Valpuesta<\/strong> y su contribuci\u00f3n a una Universidad y a una sociedad m\u00e1s feminista y m\u00e1s comprometida con la igualdad de g\u00e9nero. Este acto ha sido moderado por las profesoras de la Universidad Pablo de Olavide <strong>Rosa D\u00edaz Jim\u00e9nez<\/strong> y <strong>Antonia Corona Aguilar<\/strong> y en el mismo participan personas pr\u00f3ximas a la que fuera primera rectora.<\/p>\n<p>La siguiente conferencia tendr\u00e1 lugar el <strong>13 de diciembre en la sede Olavide \u2013 Centro<\/strong> de la calle Lara\u00f1a, donde se desarrollar\u00e1n tambi\u00e9n el resto, bajo el t\u00edtulo \u2018Feminismos materialistas: di\u00e1logos entre Europa y Am\u00e9rica Latina\u2019 por parte de <strong>Luisina Bolla<\/strong>, de la Universidad Nacional de La Plata (Argentina). As\u00ed, otras tem\u00e1ticas como el teatro, el paisaje, la violencia contra las ni\u00f1as, la maternidad, la investigaci\u00f3n cient\u00edfica y la econom\u00eda feminista ocupar\u00e1n una fecha al mes hasta la finalizaci\u00f3n del ciclo en el mes de junio con ponencias de expertas de la propia Pablo de Olavide y otras universidades.<\/p>\n<p>El Centro Interdisciplinar de Estudios Feministas, de las Mujeres y de G\u00e9nero es un centro propio y especializado que a\u00fana y coordina investigaci\u00f3n, docencia y transferencia de conocimiento en igualdad de g\u00e9nero, campo en el que la Universidad Pablo de Olavide cuenta con una larga y comprometida trayectoria.<\/p>\n<p>La vocaci\u00f3n del CINEF es promover, potenciar y coordinar actividades sobre investigaci\u00f3n interdisciplinar y transferencia de conocimiento en materia de g\u00e9nero e igualdad, as\u00ed como asesorar y promover actividades docentes, incorporando la perspectiva de g\u00e9nero en todas las \u00e1reas de conocimiento. La creaci\u00f3n de este centro propio de investigaci\u00f3n en el a\u00f1o 2021 suma a la UPO a las universidades espa\u00f1olas con un centro o instituto especializado en los estudios feministas y de g\u00e9nero, facilitando la colaboraci\u00f3n con otros centros de investigaci\u00f3n.<\/p>\n<p>Programa completo <a href=\"https:\/\/www.upo.es\/cinef\/2022\/11\/04\/ciclo-de-conferencias-rosario-valpuesta\/\">aqu\u00ed<\/a>.<\/p>\n","protected":false},"excerpt":{"rendered":"<p>El Centro Interdisciplinar de Estudios Feministas (CINEF) de la Universidad Pablo de Olavide ha organizado el primer Ciclo de Conferencias Rosario Valpuesta que, bajo el lema \u2018Investigaciones feministas desde la pr\u00e1ctica reflexiva\u2019, se desarrollar\u00e1 en ocho ponencias hasta el 20 de junio de 2023 en el marco del 25\u00ba Aniversario de la UPO.<\/p>\n","protected":false},"author":14,"featured_media":30876276,"comment_status":"closed","ping_status":"open","sticky":false,"template":"","format":"standard","meta":{"_monsterinsights_skip_tracking":false,"_monsterinsights_sitenote_active":false,"_monsterinsights_sitenote_note":"","_monsterinsights_sitenote_category":0,"footnotes":""},"categories":[2779],"tags":[8016,1110,8041,890,336,5883,56,6244,536],"class_list":["post-30876206","post","type-post","status-publish","format-standard","has-post-thumbnail","hentry","category-docencia-formacion","tag-25-aniversario","tag-ciclo-de-conferencias","tag-cinef","tag-feminismo","tag-genero","tag-igualdad-de-genero","tag-investigacion","tag-perspectiva-de-genero","tag-rosario-valpuesta"],"_links":{"self":[{"href":"https:\/\/www.upo.es\/diario\/wp-json\/wp\/v2\/posts\/30876206","targetHints":{"allow":["GET"]}}],"collection":[{"href":"https:\/\/www.upo.es\/diario\/wp-json\/wp\/v2\/posts"}],"about":[{"href":"https:\/\/www.upo.es\/diario\/wp-json\/wp\/v2\/types\/post"}],"author":[{"embeddable":true,"href":"https:\/\/www.upo.es\/diario\/wp-json\/wp\/v2\/users\/14"}],"replies":[{"embeddable":true,"href":"https:\/\/www.upo.es\/diario\/wp-json\/wp\/v2\/comments?post=30876206"}],"version-history":[{"count":6,"href":"https:\/\/www.upo.es\/diario\/wp-json\/wp\/v2\/posts\/30876206\/revisions"}],"predecessor-version":[{"id":30876278,"href":"https:\/\/www.upo.es\/diario\/wp-json\/wp\/v2\/posts\/30876206\/revisions\/30876278"}],"wp:featuredmedia":[{"embeddable":true,"href":"https:\/\/www.upo.es\/diario\/wp-json\/wp\/v2\/media\/30876276"}],"wp:attachment":[{"href":"https:\/\/www.upo.es\/diario\/wp-json\/wp\/v2\/media?parent=30876206"}],"wp:term":[{"taxonomy":"category","embeddable":true,"href":"https:\/\/www.upo.es\/diario\/wp-json\/wp\/v2\/categories?post=30876206"},{"taxonomy":"post_tag","embeddable":true,"href":"https:\/\/www.upo.es\/diario\/wp-json\/wp\/v2\/tags?post=30876206"}],"curies":[{"name":"wp","href":"https:\/\/api.w.org\/{rel}","templated":true}]}}