{"id":30876240,"date":"2022-11-17T11:53:00","date_gmt":"2022-11-17T10:53:00","guid":{"rendered":"https:\/\/www.upo.es\/diario\/?p=30876240"},"modified":"2022-11-17T15:05:10","modified_gmt":"2022-11-17T14:05:10","slug":"upo-y-fundacion-madariaga-firman-un-convenio-de-practicas-para-jovenes-con-discapacidad-intelectual","status":"publish","type":"post","link":"https:\/\/www.upo.es\/diario\/institucional\/2022\/11\/upo-y-fundacion-madariaga-firman-un-convenio-de-practicas-para-jovenes-con-discapacidad-intelectual\/","title":{"rendered":"UPO y Fundaci\u00f3n Madariaga firman un convenio de pr\u00e1cticas para j\u00f3venes con discapacidad intelectual"},"content":{"rendered":"<figure id=\"attachment_30876241\" aria-describedby=\"caption-attachment-30876241\" style=\"width: 750px\" class=\"wp-caption aligncenter\"><a href=\"https:\/\/www.upo.es\/diario\/wp-content\/uploads\/2022\/11\/Cove-Proyecto-DISTRA-2-scaled.jpg\"><img loading=\"lazy\" decoding=\"async\" class=\"size-large wp-image-30876241\" src=\"https:\/\/www.upo.es\/diario\/wp-content\/uploads\/2022\/11\/Cove-Proyecto-DISTRA-2-750x422.jpg\" alt=\"\" width=\"750\" height=\"422\" srcset=\"https:\/\/www.upo.es\/diario\/wp-content\/uploads\/2022\/11\/Cove-Proyecto-DISTRA-2-750x422.jpg 750w, https:\/\/www.upo.es\/diario\/wp-content\/uploads\/2022\/11\/Cove-Proyecto-DISTRA-2-385x217.jpg 385w, https:\/\/www.upo.es\/diario\/wp-content\/uploads\/2022\/11\/Cove-Proyecto-DISTRA-2-768x432.jpg 768w, https:\/\/www.upo.es\/diario\/wp-content\/uploads\/2022\/11\/Cove-Proyecto-DISTRA-2-1536x864.jpg 1536w, https:\/\/www.upo.es\/diario\/wp-content\/uploads\/2022\/11\/Cove-Proyecto-DISTRA-2-2048x1152.jpg 2048w\" sizes=\"auto, (max-width: 750px) 100vw, 750px\" \/><\/a><figcaption id=\"caption-attachment-30876241\" class=\"wp-caption-text\">Firma del convenio entre UPO y Fundaci\u00f3n Madariaga<\/figcaption><\/figure>\n<p>El vicerrector de Cultura y Pol\u00edticas Sociales de la Universidad Pablo de Olavide, <strong>David Cobos Sanchiz<\/strong>, y el director general de la Fundaci\u00f3n Valent\u00edn de Madariaga y Oya, <strong>Luis Garc\u00eda de Tejada Ricart<\/strong>, han firmado un convenio de colaboraci\u00f3n entre ambas entidades para la <strong>realizaci\u00f3n de pr\u00e1cticas formativas por parte de j\u00f3venes con discapacidad intelectual<\/strong>. Al acto de firma tambi\u00e9n ha asistido la directora general de Inclusi\u00f3n y Pol\u00edticas Socioculturales de la UPO, <strong>Mar\u00eda Jos\u00e9 Parejo Guzm\u00e1n<\/strong>.<\/p>\n<p>De esta forma, <strong>participantes del <a href=\"https:\/\/distrafvmo.com\/\">Proyecto DISTRA<\/a> de la Fundaci\u00f3n podr\u00e1n afianzar el aprendizaje adquirido en este programa de empleo que tiene como finalidad la inclusi\u00f3n social de j\u00f3venes con discapacidad intelectual a trav\u00e9s del empleo<\/strong>. Para ello, este alumnado contar\u00e1 con una persona tutora y el apoyo necesario por parte de la Universidad para el desempe\u00f1o de las pr\u00e1cticas.<\/p>\n<p>El vicerrector ha destacado la importancia de la colaboraci\u00f3n con las entidades del tercer sector \u201cporque nos dan soporte para trabajar en este \u00e1mbito, ya que el compromiso social es una de las caracter\u00edsticas de la Universidad Pablo de Olavide desde su fundaci\u00f3n\u201d. Por otro lado, se ha mostrado muy satisfecho con esta colaboraci\u00f3n, que se podr\u00eda ampliar al \u00e1mbito cultural: \u201cEn esta Universidad hemos querido aunar cultura y pol\u00edticas sociales porque entendemos que la cultura tambi\u00e9n es un elemento de acci\u00f3n y cambio social. Esta es la primera vez que la UPO cuenta con una direcci\u00f3n general en este \u00e1mbito y es muestra del impulso que hemos querido dar a este vicerrectorado\u201d, ha se\u00f1alado David Cobos.<\/p>\n<p>Por su parte, el director general de la Fundaci\u00f3n Madariaga ha remarcado que \u201ces un orgullo que la Universidad Pablo de Olavide quiera abrir esta puerta y pueda acoger a estos j\u00f3venes para ayudarles en su inserci\u00f3n laboral, que es la ilusi\u00f3n de su vida\u201d. Asimismo, ha informado que son 42 los y las j\u00f3venes que participan en este programa de la Fundaci\u00f3n, que est\u00e1 dando unos excelentes resultados desde su inicio hace cuatro a\u00f1os y gracias al que ya se han incorporado al mundo laboral cinco de ellos.<\/p>\n<figure id=\"attachment_30876243\" aria-describedby=\"caption-attachment-30876243\" style=\"width: 385px\" class=\"wp-caption alignright\"><a href=\"https:\/\/www.upo.es\/diario\/wp-content\/uploads\/2022\/11\/Cove-Proyecto-DISTRA-scaled.jpg\"><img loading=\"lazy\" decoding=\"async\" class=\"size-medium wp-image-30876243\" src=\"https:\/\/www.upo.es\/diario\/wp-content\/uploads\/2022\/11\/Cove-Proyecto-DISTRA-385x257.jpg\" alt=\"\" width=\"385\" height=\"257\" srcset=\"https:\/\/www.upo.es\/diario\/wp-content\/uploads\/2022\/11\/Cove-Proyecto-DISTRA-385x257.jpg 385w, https:\/\/www.upo.es\/diario\/wp-content\/uploads\/2022\/11\/Cove-Proyecto-DISTRA-750x500.jpg 750w, https:\/\/www.upo.es\/diario\/wp-content\/uploads\/2022\/11\/Cove-Proyecto-DISTRA-768x512.jpg 768w, https:\/\/www.upo.es\/diario\/wp-content\/uploads\/2022\/11\/Cove-Proyecto-DISTRA-1536x1024.jpg 1536w, https:\/\/www.upo.es\/diario\/wp-content\/uploads\/2022\/11\/Cove-Proyecto-DISTRA-2048x1365.jpg 2048w\" sizes=\"auto, (max-width: 385px) 100vw, 385px\" \/><\/a><figcaption id=\"caption-attachment-30876243\" class=\"wp-caption-text\">David Cobos y Luis Garc\u00eda de Tejada<\/figcaption><\/figure>\n<p>El convenio firmado tiene una duraci\u00f3n inicial de un a\u00f1o y ser\u00e1 prorrogable de forma autom\u00e1tica cada anualidad hasta un m\u00e1ximo de cuatro. Posteriormente, las partes podr\u00e1n acordar una pr\u00f3rroga de hasta cuatro a\u00f1os adicionales.<\/p>\n<p>Para la vigilancia y control del convenio, se ha acordado la constituci\u00f3n de una comisi\u00f3n de seguimiento que estar\u00e1 formada por la directora general de Inclusi\u00f3n y Pol\u00edticas Socioculturales de la UPO, Mar\u00eda Jos\u00e9 Parejo Guzm\u00e1n, y la representante de la Fundaci\u00f3n Valent\u00edn de Madariaga y Oya Mar\u00eda Concepci\u00f3n Garc\u00eda Raynaud.<\/p>\n<p>El Proyecto DISTRA de la Fundaci\u00f3n Valent\u00edn de Madariaga y Oya es uno de las actividades que desarrolla la entidad en cuanto a emprendimiento social. Este programa tiene como objetivo poner en valor los conocimientos, habilidades y actitudes de los j\u00f3venes con discapacidad intelectual para la mejora de su autonom\u00eda personal, prepar\u00e1ndolos de manera integral para su inserci\u00f3n en la sociedad a trav\u00e9s del empleo. El programa est\u00e1 destinado a j\u00f3venes con discapacidad intelectual a partir de los 16 a\u00f1os.<\/p>\n","protected":false},"excerpt":{"rendered":"<p>El vicerrector de Cultura y Pol\u00edticas Sociales de la Universidad Pablo de Olavide, David Cobos Sanchiz, y el director general de la Fundaci\u00f3n Valent\u00edn de Madariaga y Oya, Luis Garc\u00eda de Tejada Ricart, han firmado un convenio de colaboraci\u00f3n entre ambas entidades para la realizaci\u00f3n de pr\u00e1cticas formativas por parte de j\u00f3venes con discapacidad intelectual.<\/p>\n","protected":false},"author":14,"featured_media":30876241,"comment_status":"closed","ping_status":"open","sticky":false,"template":"","format":"standard","meta":{"_monsterinsights_skip_tracking":false,"_monsterinsights_sitenote_active":false,"_monsterinsights_sitenote_note":"","_monsterinsights_sitenote_category":0,"footnotes":""},"categories":[6],"tags":[326,2083,2540,8099,65,7194],"class_list":["post-30876240","post","type-post","status-publish","format-standard","has-post-thumbnail","hentry","category-institucional","tag-convenio","tag-fundacion-madariaga","tag-inclusion-social","tag-personas-con-discapacidad-intelectual","tag-practicas","tag-vicerrectorado-de-cultura-y-politicas-sociales"],"_links":{"self":[{"href":"https:\/\/www.upo.es\/diario\/wp-json\/wp\/v2\/posts\/30876240","targetHints":{"allow":["GET"]}}],"collection":[{"href":"https:\/\/www.upo.es\/diario\/wp-json\/wp\/v2\/posts"}],"about":[{"href":"https:\/\/www.upo.es\/diario\/wp-json\/wp\/v2\/types\/post"}],"author":[{"embeddable":true,"href":"https:\/\/www.upo.es\/diario\/wp-json\/wp\/v2\/users\/14"}],"replies":[{"embeddable":true,"href":"https:\/\/www.upo.es\/diario\/wp-json\/wp\/v2\/comments?post=30876240"}],"version-history":[{"count":6,"href":"https:\/\/www.upo.es\/diario\/wp-json\/wp\/v2\/posts\/30876240\/revisions"}],"predecessor-version":[{"id":30876267,"href":"https:\/\/www.upo.es\/diario\/wp-json\/wp\/v2\/posts\/30876240\/revisions\/30876267"}],"wp:featuredmedia":[{"embeddable":true,"href":"https:\/\/www.upo.es\/diario\/wp-json\/wp\/v2\/media\/30876241"}],"wp:attachment":[{"href":"https:\/\/www.upo.es\/diario\/wp-json\/wp\/v2\/media?parent=30876240"}],"wp:term":[{"taxonomy":"category","embeddable":true,"href":"https:\/\/www.upo.es\/diario\/wp-json\/wp\/v2\/categories?post=30876240"},{"taxonomy":"post_tag","embeddable":true,"href":"https:\/\/www.upo.es\/diario\/wp-json\/wp\/v2\/tags?post=30876240"}],"curies":[{"name":"wp","href":"https:\/\/api.w.org\/{rel}","templated":true}]}}