{"id":30876286,"date":"2022-11-21T11:44:43","date_gmt":"2022-11-21T10:44:43","guid":{"rendered":"https:\/\/www.upo.es\/diario\/?p=30876286"},"modified":"2022-11-23T10:25:56","modified_gmt":"2022-11-23T09:25:56","slug":"el-consejo-social-promueve-una-jornada-sobre-inteligencia-artificial-para-el-alumnado-de-la-upo","status":"publish","type":"post","link":"https:\/\/www.upo.es\/diario\/comunidad\/2022\/11\/el-consejo-social-promueve-una-jornada-sobre-inteligencia-artificial-para-el-alumnado-de-la-upo\/","title":{"rendered":"El Consejo Social de la UPO arranca el ciclo &#8216;Talks &#038; Tools&#8217; con una tertulia con especialistas en Inteligencia Artificial"},"content":{"rendered":"<p><a href=\"https:\/\/www.upo.es\/diario\/wp-content\/uploads\/2022\/11\/Imagen-Talks-Tools.jpg\"><img loading=\"lazy\" decoding=\"async\" class=\"aligncenter size-large wp-image-30876287\" src=\"https:\/\/www.upo.es\/diario\/wp-content\/uploads\/2022\/11\/Imagen-Talks-Tools-750x663.jpg\" alt=\"\" width=\"750\" height=\"663\" srcset=\"https:\/\/www.upo.es\/diario\/wp-content\/uploads\/2022\/11\/Imagen-Talks-Tools-750x663.jpg 750w, https:\/\/www.upo.es\/diario\/wp-content\/uploads\/2022\/11\/Imagen-Talks-Tools-385x340.jpg 385w, https:\/\/www.upo.es\/diario\/wp-content\/uploads\/2022\/11\/Imagen-Talks-Tools-768x679.jpg 768w, https:\/\/www.upo.es\/diario\/wp-content\/uploads\/2022\/11\/Imagen-Talks-Tools.jpg 1241w\" sizes=\"auto, (max-width: 750px) 100vw, 750px\" \/><\/a><\/p>\n<p>El <a href=\"https:\/\/www.upo.es\/consejo-social\/\">Consejo Social de la Universidad Pablo de Olavide<\/a> inicia este martes su nuevo <strong>ciclo de tertulias ilustradas &#8216;Talks &amp; Tools&#8217;<\/strong>, con un encuentro de charla y debate con personas expertas en <strong>Inteligencia Artificial<\/strong>. El objetivo de esta nueva propuesta es <strong>dar a conocer entre el alumnado universitario nuevas tendencias en tecnolog\u00eda, y ampliar sus expectativas profesionales<\/strong>, anim\u00e1ndole a que contin\u00fae su formaci\u00f3n en las \u00e1reas m\u00e1s disruptivas de su \u00e1rea de conocimiento.<\/p>\n<p>El evento est\u00e1 promovido y dirigido por la presidenta del Consejo Social de la UPO, <strong>Roc\u00edo Reinoso<\/strong>, y tendr\u00e1 lugar este <strong>martes 22 de noviembre, en el Paraninfo del campus de la Universidad Pablo de Olavide, desde las 17.00 horas<\/strong>.<\/p>\n<p>En esta primera jornada, el estudiantado podr\u00e1 interactuar y debatir con dos especialistas digitales, que compartir\u00e1n su visi\u00f3n de c\u00f3mo ellos ven y viven con la Inteligencia Artificial, desde su desarrollo profesional, y c\u00f3mo esta tecnolog\u00eda est\u00e1 impactando en la sociedad.<\/p>\n<p>El primero, es experto en Inteligencia Artificial y divulgador l\u00edder en YouTube <strong>Carlos Santana<\/strong>, a trav\u00e9s de su canal DotCSV, con m\u00e1s de 600.000 personas suscriptoras. En su conferencia<strong> &#8216;Inteligencia Artificial para Estudiantes y RRHH&#8217;<\/strong>, abordar\u00e1 diferentes aspectos relacionados con el impacto de la Inteligencia Artificial, y qu\u00e9 oportunidades existen para nuevos puestos de trabajo, independientemente de la modalidad de estudios universitarios.<\/p>\n<p>Por su parte, <strong>Virginia Carcedo<\/strong>, con su ponencia <strong>&#8216;Sesgos Algor\u00edtmicos y Diversidad: la clave est\u00e1 en los datos y en los expertos&#8217;<\/strong>, tratar\u00e1 los sesgos en las personas y compartir\u00e1 casos de \u00e9xito de la aplicaci\u00f3n de la Inteligencia Artificial para el bien social. Carcedo es experta en Transformaci\u00f3n y Diversidad y secretaria general y directora de Transformaci\u00f3n y Excelencia de la Fundaci\u00f3n ONCE.<\/p>\n<p>Para registrarse en la jornada, <a href=\"https:\/\/form.typeform.com\/to\/SCrVfrYt?typeform-source=www.upo.es\">pinche aqu\u00ed<\/a>.<\/p>\n","protected":false},"excerpt":{"rendered":"<p>Este nuevo formato comienza con una jornada sobre Inteligencia Artificial con la participaci\u00f3n de dos personas expertas: Carlos Santana y Virginia Carcedo.<\/p>\n","protected":false},"author":14,"featured_media":30876287,"comment_status":"closed","ping_status":"open","sticky":false,"template":"","format":"standard","meta":{"_monsterinsights_skip_tracking":false,"_monsterinsights_sitenote_active":false,"_monsterinsights_sitenote_note":"","_monsterinsights_sitenote_category":0,"footnotes":""},"categories":[5842],"tags":[8105,112,970,21,151,217,6518,8106],"class_list":["post-30876286","post","type-post","status-publish","format-standard","has-post-thumbnail","hentry","category-comunidad","tag-carlos-santana","tag-consejo-social","tag-divulgacion","tag-estudiantes","tag-inteligencia-artificial","tag-nuevas-tecnologias","tag-rocio-reinoso","tag-virginia-carcedo"],"_links":{"self":[{"href":"https:\/\/www.upo.es\/diario\/wp-json\/wp\/v2\/posts\/30876286","targetHints":{"allow":["GET"]}}],"collection":[{"href":"https:\/\/www.upo.es\/diario\/wp-json\/wp\/v2\/posts"}],"about":[{"href":"https:\/\/www.upo.es\/diario\/wp-json\/wp\/v2\/types\/post"}],"author":[{"embeddable":true,"href":"https:\/\/www.upo.es\/diario\/wp-json\/wp\/v2\/users\/14"}],"replies":[{"embeddable":true,"href":"https:\/\/www.upo.es\/diario\/wp-json\/wp\/v2\/comments?post=30876286"}],"version-history":[{"count":7,"href":"https:\/\/www.upo.es\/diario\/wp-json\/wp\/v2\/posts\/30876286\/revisions"}],"predecessor-version":[{"id":30876304,"href":"https:\/\/www.upo.es\/diario\/wp-json\/wp\/v2\/posts\/30876286\/revisions\/30876304"}],"wp:featuredmedia":[{"embeddable":true,"href":"https:\/\/www.upo.es\/diario\/wp-json\/wp\/v2\/media\/30876287"}],"wp:attachment":[{"href":"https:\/\/www.upo.es\/diario\/wp-json\/wp\/v2\/media?parent=30876286"}],"wp:term":[{"taxonomy":"category","embeddable":true,"href":"https:\/\/www.upo.es\/diario\/wp-json\/wp\/v2\/categories?post=30876286"},{"taxonomy":"post_tag","embeddable":true,"href":"https:\/\/www.upo.es\/diario\/wp-json\/wp\/v2\/tags?post=30876286"}],"curies":[{"name":"wp","href":"https:\/\/api.w.org\/{rel}","templated":true}]}}