{"id":30876341,"date":"2022-11-28T06:13:57","date_gmt":"2022-11-28T05:13:57","guid":{"rendered":"https:\/\/www.upo.es\/diario\/?p=30876341"},"modified":"2022-11-30T14:48:33","modified_gmt":"2022-11-30T13:48:33","slug":"la-upo-inicia-el-proximo-lunes-una-nueva-campana-de-donacion-de-sangre-en-el-campus","status":"publish","type":"post","link":"https:\/\/www.upo.es\/diario\/comunidad\/2022\/11\/la-upo-inicia-el-proximo-lunes-una-nueva-campana-de-donacion-de-sangre-en-el-campus\/","title":{"rendered":"La UPO inicia una nueva campa\u00f1a de donaci\u00f3n de sangre en el campus"},"content":{"rendered":"<p><img loading=\"lazy\" decoding=\"async\" class=\"alignright size-medium wp-image-30876343\" src=\"https:\/\/www.upo.es\/diario\/wp-content\/uploads\/2022\/11\/UPO-donacion-sangre-e1669389132370-278x385.jpg\" alt=\"\" width=\"278\" height=\"385\" srcset=\"https:\/\/www.upo.es\/diario\/wp-content\/uploads\/2022\/11\/UPO-donacion-sangre-e1669389132370-278x385.jpg 278w, https:\/\/www.upo.es\/diario\/wp-content\/uploads\/2022\/11\/UPO-donacion-sangre-e1669389132370.jpg 516w\" sizes=\"auto, (max-width: 278px) 100vw, 278px\" \/>El Vicerrectorado de Cultura y Pol\u00edticas Sociales de la Universidad Pablo de Olavide, a trav\u00e9s de la Oficina de Voluntariado y Compromiso Social, inicia este lunes una nueva campa\u00f1a de donaci\u00f3n de sangre en el campus dirigida a estudiantes, PDI y PAS de la UPO. Con la colaboraci\u00f3n del Centro Regional de Transfusiones Sangu\u00edneas, la campa\u00f1a estar\u00e1 activa los <strong>d\u00edas 28, 29 y 30 de noviembre y 1 diciembre<\/strong>.<\/p>\n<p>Con esta campa\u00f1a se pretende sensibilizar a la comunidad universitaria de la importancia de las donaciones de sangre, ya que la sangre es un medicamento vital que no se puede fabricar ni comprar, a la vez que se fomenta la solidaridad de la comunidad universitaria a trav\u00e9s de las donaciones.<\/p>\n<p>Las personas interesadas en donar sangre durante estos d\u00edas pueden hacerlo<strong> en horario de 9:30 a 13:30 horas y de 16:00 a 20:30 horas<\/strong> y los lugares habilitados para la donaci\u00f3n son la <strong>Sala de Juntas II y la Sala Multiusos del Rectorado de la UPO<\/strong>. Estas personas deben tener en cuenta los requisitos b\u00e1sicos para ser donante: pesar m\u00e1s de 50 kilogramos, ser mayor de edad, gozar de buena salud y no acudir en ayunas.<\/p>\n<p>Adem\u00e1s, las personas donantes deben respetar un plazo m\u00ednimo de dos meses entre una donaci\u00f3n y otra y, antes de donar, un m\u00e9dico les examinar\u00e1 para determinar si puede hacerlo. La donaci\u00f3n de sangre dura 15 minutos y todo el material del proceso de donaci\u00f3n es est\u00e9ril y de un solo uso, con lo que no implica riesgo alguno para la persona donante.<\/p>\n<p>Tras la donaci\u00f3n de sangre se ofrecer\u00e1 a los donantes alimentos para reponerse en una zona de descanso habilitada para las personas que donen su sangre.<\/p>\n","protected":false},"excerpt":{"rendered":"<p>El Vicerrectorado de Cultura y Pol\u00edticas Sociales de la Universidad Pablo de Olavide, a trav\u00e9s de la Oficina de Voluntariado y Compromiso Social, inicia este lunes una nueva campa\u00f1a de donaci\u00f3n de sangre en el campus dirigida a estudiantes, PDI y PAS de la UPO. Con la colaboraci\u00f3n del Centro Regional de Transfusiones Sangu\u00edneas, la campa\u00f1a est\u00e1 activa los d\u00edas 28, 29 y 30 de noviembre y 1 diciembre. <\/p>\n","protected":false},"author":6,"featured_media":30876343,"comment_status":"closed","ping_status":"open","sticky":false,"template":"","format":"standard","meta":{"_monsterinsights_skip_tracking":false,"_monsterinsights_sitenote_active":false,"_monsterinsights_sitenote_note":"","_monsterinsights_sitenote_category":0,"footnotes":""},"categories":[5842],"tags":[3731,7484,218,1024,7194],"class_list":["post-30876341","post","type-post","status-publish","format-standard","has-post-thumbnail","hentry","category-comunidad","tag-donacion-de-sangre","tag-oficina-de-voluntariado-y-compromiso-social","tag-salud","tag-solidaridad","tag-vicerrectorado-de-cultura-y-politicas-sociales"],"_links":{"self":[{"href":"https:\/\/www.upo.es\/diario\/wp-json\/wp\/v2\/posts\/30876341","targetHints":{"allow":["GET"]}}],"collection":[{"href":"https:\/\/www.upo.es\/diario\/wp-json\/wp\/v2\/posts"}],"about":[{"href":"https:\/\/www.upo.es\/diario\/wp-json\/wp\/v2\/types\/post"}],"author":[{"embeddable":true,"href":"https:\/\/www.upo.es\/diario\/wp-json\/wp\/v2\/users\/6"}],"replies":[{"embeddable":true,"href":"https:\/\/www.upo.es\/diario\/wp-json\/wp\/v2\/comments?post=30876341"}],"version-history":[{"count":4,"href":"https:\/\/www.upo.es\/diario\/wp-json\/wp\/v2\/posts\/30876341\/revisions"}],"predecessor-version":[{"id":30876350,"href":"https:\/\/www.upo.es\/diario\/wp-json\/wp\/v2\/posts\/30876341\/revisions\/30876350"}],"wp:featuredmedia":[{"embeddable":true,"href":"https:\/\/www.upo.es\/diario\/wp-json\/wp\/v2\/media\/30876343"}],"wp:attachment":[{"href":"https:\/\/www.upo.es\/diario\/wp-json\/wp\/v2\/media?parent=30876341"}],"wp:term":[{"taxonomy":"category","embeddable":true,"href":"https:\/\/www.upo.es\/diario\/wp-json\/wp\/v2\/categories?post=30876341"},{"taxonomy":"post_tag","embeddable":true,"href":"https:\/\/www.upo.es\/diario\/wp-json\/wp\/v2\/tags?post=30876341"}],"curies":[{"name":"wp","href":"https:\/\/api.w.org\/{rel}","templated":true}]}}