{"id":30876345,"date":"2022-11-28T06:26:22","date_gmt":"2022-11-28T05:26:22","guid":{"rendered":"https:\/\/www.upo.es\/diario\/?p=30876345"},"modified":"2022-11-30T09:21:58","modified_gmt":"2022-11-30T08:21:58","slug":"el-aula-abierta-de-mayores-de-la-upo-celebra-su-20o-aniversario-con-un-acto-conmemorativo","status":"publish","type":"post","link":"https:\/\/www.upo.es\/diario\/institucional\/2022\/11\/el-aula-abierta-de-mayores-de-la-upo-celebra-su-20o-aniversario-con-un-acto-conmemorativo\/","title":{"rendered":"El Aula Abierta de Mayores de la UPO celebra su 20\u00ba Aniversario con un acto conmemorativo"},"content":{"rendered":"<p><a href=\"https:\/\/www.upo.es\/diario\/wp-content\/uploads\/2022\/11\/20AnivAAM-UPO_5.jpg\"><img loading=\"lazy\" decoding=\"async\" class=\"aligncenter size-large wp-image-30876359\" src=\"https:\/\/www.upo.es\/diario\/wp-content\/uploads\/2022\/11\/20AnivAAM-UPO_5-750x356.jpg\" alt=\"20 aniversario AAM\" width=\"750\" height=\"356\" srcset=\"https:\/\/www.upo.es\/diario\/wp-content\/uploads\/2022\/11\/20AnivAAM-UPO_5-750x356.jpg 750w, https:\/\/www.upo.es\/diario\/wp-content\/uploads\/2022\/11\/20AnivAAM-UPO_5-385x183.jpg 385w, https:\/\/www.upo.es\/diario\/wp-content\/uploads\/2022\/11\/20AnivAAM-UPO_5-768x364.jpg 768w, https:\/\/www.upo.es\/diario\/wp-content\/uploads\/2022\/11\/20AnivAAM-UPO_5-1536x728.jpg 1536w, https:\/\/www.upo.es\/diario\/wp-content\/uploads\/2022\/11\/20AnivAAM-UPO_5-1320x626.jpg 1320w, https:\/\/www.upo.es\/diario\/wp-content\/uploads\/2022\/11\/20AnivAAM-UPO_5.jpg 1599w\" sizes=\"auto, (max-width: 750px) 100vw, 750px\" \/><\/a>El <a href=\"https:\/\/www.upo.es\/aula-mayores\/\">Aula Abierta de Mayores<\/a> de la Universidad Pablo de Olavide ha celebrado su 20\u00ba Aniversario con un acto institucional que ha presidido el rector, Francisco Oliva Bl\u00e1zquez, en el que se ha hecho un <strong>recorrido por la trayectoria de este programa coordinado por el Vicerrectorado de Cultura y Pol\u00edticas Sociales<\/strong> y, adem\u00e1s, se ha llevado a cabo un <strong>reconocimiento a autoridades acad\u00e9micas, profesorado y alumnado que ha participado en el mismo<\/strong>.<\/p>\n<p><a href=\"https:\/\/www.upo.es\/diario\/wp-content\/uploads\/2022\/11\/20AnivAAM-UPO_-3-scaled.jpg\"><img loading=\"lazy\" decoding=\"async\" class=\"alignright size-medium wp-image-30876360\" src=\"https:\/\/www.upo.es\/diario\/wp-content\/uploads\/2022\/11\/20AnivAAM-UPO_-3-257x385.jpg\" alt=\"\" width=\"257\" height=\"385\" srcset=\"https:\/\/www.upo.es\/diario\/wp-content\/uploads\/2022\/11\/20AnivAAM-UPO_-3-257x385.jpg 257w, https:\/\/www.upo.es\/diario\/wp-content\/uploads\/2022\/11\/20AnivAAM-UPO_-3-500x750.jpg 500w, https:\/\/www.upo.es\/diario\/wp-content\/uploads\/2022\/11\/20AnivAAM-UPO_-3-768x1152.jpg 768w, https:\/\/www.upo.es\/diario\/wp-content\/uploads\/2022\/11\/20AnivAAM-UPO_-3-1024x1536.jpg 1024w, https:\/\/www.upo.es\/diario\/wp-content\/uploads\/2022\/11\/20AnivAAM-UPO_-3-1365x2048.jpg 1365w, https:\/\/www.upo.es\/diario\/wp-content\/uploads\/2022\/11\/20AnivAAM-UPO_-3-1320x1980.jpg 1320w, https:\/\/www.upo.es\/diario\/wp-content\/uploads\/2022\/11\/20AnivAAM-UPO_-3-scaled.jpg 1707w\" sizes=\"auto, (max-width: 257px) 100vw, 257px\" \/><\/a>Durante su intervenci\u00f3n, <strong>el rector ha agradecido al estudiantado y todas las personas que han trabajado por el Aula Abierta de Mayores<\/strong> porque \u201ces un programa de un \u00e9xito contrastado, con la \u00fanica finalidad de seguir form\u00e1ndonos y progresando en la vida desde el conocimiento. En definitiva, un proyecto que acent\u00faa el compromiso social de la UPO, que es una Universidad referente en este \u00e1mbito\u201d. Por otra parte, ha subrayado el car\u00e1cter especial de este programa \u201cque permite abrir las puertas de la Universidad porque la formaci\u00f3n no conoce edades y es la puerta de la libertad y la felicidad\u201d; y su contribuci\u00f3n a la cooperaci\u00f3n con los municipios: \u201cLa Universidad no puede vivir de espaldas a nuestros pueblos y aqu\u00ed se ve nuestro compromiso con su gente\u201d, ha remarcado.<\/p>\n<p>El rector ha estado acompa\u00f1ado en la mesa inaugural por representantes de las entidades que colaboran con el Aula Abierta de Mayores de la UPO. As\u00ed, el delegado de Cultura y Ciudadan\u00eda de la Diputaci\u00f3n de Sevilla, <strong>Alejandro Moyano Molina<\/strong>, ha destacado que este es un proyecto \u201cque enriquece la vida de nuestros municipios\u201d, gracias al que \u201chemos visto que se llega donde parec\u00eda imposible que la Universidad llegase\u201d. Por su parte, la directora del Centro de Instituciones de Andaluc\u00eda CaixaBank, <strong>Ana Mar\u00eda Soler Nieto<\/strong>, ha expresado el orgullo de la empresa \u201cpor aportar a este programa para nuestros mayores\u201d; y ha destacado su importancia para combatir la soledad no deseada.<\/p>\n<p>Asimismo, el vicerrector de Cultura y Pol\u00edticas Sociales de la Universidad Pablo de Olavide, <strong>David Cobos Sanchiz<\/strong>, ha se\u00f1alado que el Aula Abierta de Mayores es una de las primeras iniciativas sociales que puso en marcha la Universidad tras su creaci\u00f3n; y ha subrayado que \u201cestamos celebrando algo que est\u00e1 muy vivo y que tiene m\u00e1s alumnado, profesorado y municipios que nunca\u201d.<\/p>\n<p>El Aula Abierta de Mayores de la UPO ha expresado su agradecimiento a aquellas autoridades acad\u00e9micas que han tenido responsabilidad en este programa desde su puesta en marcha en 2002 hasta el \u00faltimo equipo de gobierno y, en concreto, a <strong>Luis Amador Mu\u00f1oz, Jos\u00e9 Luis Malag\u00f3n Bernal, Gonzalo Musitu Ochoa, Evaristo Barrera Algar\u00edn, Rosal\u00eda Mart\u00ednez Garc\u00eda, Lina G\u00e1lvez Mu\u00f1oz, Elodia Hern\u00e1ndez Le\u00f3n y Roc\u00edo C\u00e1rdenas Rodr\u00edguez<\/strong>.<\/p>\n<p>Asimismo, respecto a los profesores y las profesoras que han participado en el Aula Abierta de Mayores, han recogido en representaci\u00f3n de los mismos <strong>Juan Diego Mata Chac\u00f3n, Olga Cruz Moya, Antonio Vela S\u00e1nchez, Silvia P\u00e9rez Gonz\u00e1lez, \u00c1ngel Tenorio Villal\u00f3n, Victoria P\u00e9rez de Guzm\u00e1n Puya y Miguel \u00c1ngel Morales Cevidanes<\/strong>.<\/p>\n<p>Para cerrar este apartado del acto, se han entregado los reconocimientos a los alumnos y alumnas <strong>Felipe Rodr\u00edguez Navarro (del Aula de Alcal\u00e1 de Guada\u00edra), Gin\u00e9s Toc\u00f3n Pastor (Tomares), Carlos Barrero Trinidad (Castilleja de la Cuesta), Josefina Sosa Ben\u00edtez (Gerena), \u00c1ngeles Delgado Enamorado (Aznalc\u00f3llar) y Mar\u00eda del Carmen Rodr\u00edguez Romero (Gilena)<\/strong>. As\u00ed como a las coordinadoras t\u00e9cnicas del Aula Abierta de Mayores <strong>Julia Mu\u00f1oz y Teresa Rebolledo<\/strong>.<\/p>\n<p>Esta jornada de celebraci\u00f3n se enmarca en los actos de conmemoraci\u00f3n del <a href=\"https:\/\/www.upo.es\/25-aniversario\/\">25\u00ba Aniversario de la Universidad Pablo de Olavide<\/a> y ha proseguido con una conferencia titulada \u2018Un viaje hacia la \u00e9poca de Olavide a trav\u00e9s de los alimentos\u2019 a cargo de las profesoras Montserrat Cachero Vinuesa y Natalia Maillard \u00c1lvarez; y concluye esta tarde con un concierto por parte de la Banda del Sol titulado \u2018Un Aniversario de Pel\u00edcula\u2019.<\/p>\n<h3><strong>M\u00e1s de 1.000 estudiantes en 23 municipios<\/strong><\/h3>\n<p><a href=\"https:\/\/www.upo.es\/diario\/wp-content\/uploads\/2022\/11\/cartel-xx-aniversario-ig.jpg\"><img loading=\"lazy\" decoding=\"async\" class=\"alignright size-medium wp-image-30876346\" src=\"https:\/\/www.upo.es\/diario\/wp-content\/uploads\/2022\/11\/cartel-xx-aniversario-ig-385x385.jpg\" alt=\"XX Aniversario del Aula Abierta de Mayores\" width=\"385\" height=\"385\" srcset=\"https:\/\/www.upo.es\/diario\/wp-content\/uploads\/2022\/11\/cartel-xx-aniversario-ig-385x385.jpg 385w, https:\/\/www.upo.es\/diario\/wp-content\/uploads\/2022\/11\/cartel-xx-aniversario-ig-750x750.jpg 750w, https:\/\/www.upo.es\/diario\/wp-content\/uploads\/2022\/11\/cartel-xx-aniversario-ig-150x150.jpg 150w, https:\/\/www.upo.es\/diario\/wp-content\/uploads\/2022\/11\/cartel-xx-aniversario-ig-768x768.jpg 768w, https:\/\/www.upo.es\/diario\/wp-content\/uploads\/2022\/11\/cartel-xx-aniversario-ig.jpg 1080w\" sizes=\"auto, (max-width: 385px) 100vw, 385px\" \/><\/a>El Aula Abierta de Mayores es un programa de formaci\u00f3n cient\u00edfica, cultural y social de la Universidad Pablo de Olavide que persigue mejorar la calidad de vida de las personas mayores y fomentar su participaci\u00f3n como dinamizadoras sociales.<\/p>\n<p>Esta iniciativa surge en el curso acad\u00e9mico 2002\/2003 de la colaboraci\u00f3n entre varias instituciones y organismos sociales que act\u00faan sobre el \u00e1mbito educativo y la protecci\u00f3n de las personas mayores, orient\u00e1ndose especialmente a la actuaci\u00f3n en los municipios de la provincia de Sevilla. El Aula Abierta de Mayores supera el millar de alumnos y alumnas y est\u00e1 presente en 23 municipios durante el presente curso acad\u00e9mico: Alcal\u00e1 de Guada\u00edra, Almensilla, Aznalc\u00f3llar, Bollullos de la Mitaci\u00f3n, Bormujos, Casariche, Castilleja de la Cuesta, Dos Hermanas, El Viso del Alcor, Gerena, Gilena, Gines, Herrera, La Algaba, La Puebla de Cazalla, La Puebla del R\u00edo, Las Cabezas de San Juan, Lebrija, Pedrera, Pilas, Salteras, Santiponce y Tomares.<\/p>\n<p>El programa est\u00e1 financiado por la Diputaci\u00f3n Provincial de Sevilla, la Consejer\u00eda de Inclusi\u00f3n Social, Juventud, Familias e Igualdad de la Junta de Andaluc\u00eda, la Fundaci\u00f3n \u2018La Caixa\u2019 y la colaboraci\u00f3n de los diferentes ayuntamientos adscritos al Aula Abierta de Mayores.<\/p>\n<div id='gallery-1' class='gallery galleryid-30876345 gallery-columns-4 gallery-size-thumbnail'><figure class='gallery-item'>\n\t\t\t<div class='gallery-icon landscape'>\n\t\t\t\t<a href='https:\/\/www.upo.es\/diario\/wp-content\/uploads\/2022\/11\/20AnivAAM-UPO_-5-scaled.jpg'><img loading=\"lazy\" decoding=\"async\" width=\"150\" height=\"150\" src=\"https:\/\/www.upo.es\/diario\/wp-content\/uploads\/2022\/11\/20AnivAAM-UPO_-5-150x150.jpg\" class=\"attachment-thumbnail size-thumbnail\" alt=\"\" \/><\/a>\n\t\t\t<\/div><\/figure><figure class='gallery-item'>\n\t\t\t<div class='gallery-icon portrait'>\n\t\t\t\t<a href='https:\/\/www.upo.es\/diario\/wp-content\/uploads\/2022\/11\/20AnivAAM-UPO_-4-scaled.jpg'><img loading=\"lazy\" decoding=\"async\" width=\"150\" height=\"150\" src=\"https:\/\/www.upo.es\/diario\/wp-content\/uploads\/2022\/11\/20AnivAAM-UPO_-4-150x150.jpg\" class=\"attachment-thumbnail size-thumbnail\" alt=\"\" \/><\/a>\n\t\t\t<\/div><\/figure><figure class='gallery-item'>\n\t\t\t<div class='gallery-icon portrait'>\n\t\t\t\t<a href='https:\/\/www.upo.es\/diario\/wp-content\/uploads\/2022\/11\/20AnivAAM-UPO_-3-scaled.jpg'><img loading=\"lazy\" decoding=\"async\" width=\"150\" height=\"150\" src=\"https:\/\/www.upo.es\/diario\/wp-content\/uploads\/2022\/11\/20AnivAAM-UPO_-3-150x150.jpg\" class=\"attachment-thumbnail size-thumbnail\" alt=\"\" \/><\/a>\n\t\t\t<\/div><\/figure><figure class='gallery-item'>\n\t\t\t<div class='gallery-icon landscape'>\n\t\t\t\t<a href='https:\/\/www.upo.es\/diario\/wp-content\/uploads\/2022\/11\/20AnivAAM-UPO_5.jpg'><img loading=\"lazy\" decoding=\"async\" width=\"150\" height=\"150\" src=\"https:\/\/www.upo.es\/diario\/wp-content\/uploads\/2022\/11\/20AnivAAM-UPO_5-150x150.jpg\" class=\"attachment-thumbnail size-thumbnail\" alt=\"20 aniversario AAM\" \/><\/a>\n\t\t\t<\/div><\/figure>\n\t\t<\/div>\n\n","protected":false},"excerpt":{"rendered":"<p>El Aula Abierta de Mayores de la Universidad Pablo de Olavide ha celebrado su 20\u00ba Aniversario con un acto institucional que ha presidido el rector, Francisco Oliva Bl\u00e1zquez, en el que se ha hecho un recorrido por la trayectoria de este programa coordinado por el Vicerrectorado de Cultura y Pol\u00edticas Sociales y, adem\u00e1s, se ha llevado a cabo un reconocimiento a autoridades acad\u00e9micas, profesorado y alumnado que ha participado en el mismo.<\/p>\n","protected":false},"author":6,"featured_media":30876359,"comment_status":"closed","ping_status":"open","sticky":false,"template":"","format":"standard","meta":{"_monsterinsights_skip_tracking":false,"_monsterinsights_sitenote_active":false,"_monsterinsights_sitenote_note":"","_monsterinsights_sitenote_category":0,"footnotes":""},"categories":[6],"tags":[5133,52,2859,2052,2160,199],"class_list":["post-30876345","post","type-post","status-publish","format-standard","has-post-thumbnail","hentry","category-institucional","tag-20-aniversario","tag-aula-abierta-de-mayores","tag-envejecimiento-activo","tag-municipios","tag-personas-mayores","tag-profesorado"],"_links":{"self":[{"href":"https:\/\/www.upo.es\/diario\/wp-json\/wp\/v2\/posts\/30876345","targetHints":{"allow":["GET"]}}],"collection":[{"href":"https:\/\/www.upo.es\/diario\/wp-json\/wp\/v2\/posts"}],"about":[{"href":"https:\/\/www.upo.es\/diario\/wp-json\/wp\/v2\/types\/post"}],"author":[{"embeddable":true,"href":"https:\/\/www.upo.es\/diario\/wp-json\/wp\/v2\/users\/6"}],"replies":[{"embeddable":true,"href":"https:\/\/www.upo.es\/diario\/wp-json\/wp\/v2\/comments?post=30876345"}],"version-history":[{"count":9,"href":"https:\/\/www.upo.es\/diario\/wp-json\/wp\/v2\/posts\/30876345\/revisions"}],"predecessor-version":[{"id":30876369,"href":"https:\/\/www.upo.es\/diario\/wp-json\/wp\/v2\/posts\/30876345\/revisions\/30876369"}],"wp:featuredmedia":[{"embeddable":true,"href":"https:\/\/www.upo.es\/diario\/wp-json\/wp\/v2\/media\/30876359"}],"wp:attachment":[{"href":"https:\/\/www.upo.es\/diario\/wp-json\/wp\/v2\/media?parent=30876345"}],"wp:term":[{"taxonomy":"category","embeddable":true,"href":"https:\/\/www.upo.es\/diario\/wp-json\/wp\/v2\/categories?post=30876345"},{"taxonomy":"post_tag","embeddable":true,"href":"https:\/\/www.upo.es\/diario\/wp-json\/wp\/v2\/tags?post=30876345"}],"curies":[{"name":"wp","href":"https:\/\/api.w.org\/{rel}","templated":true}]}}