{"id":30876397,"date":"2022-12-01T11:01:20","date_gmt":"2022-12-01T10:01:20","guid":{"rendered":"https:\/\/www.upo.es\/diario\/?p=30876397"},"modified":"2022-12-05T10:36:44","modified_gmt":"2022-12-05T09:36:44","slug":"toni-nadal-explica-que-todo-se-puede-entrenar-en-la-universidad-pablo-de-olavide","status":"publish","type":"post","link":"https:\/\/www.upo.es\/diario\/comunidad\/2022\/12\/toni-nadal-explica-que-todo-se-puede-entrenar-en-la-universidad-pablo-de-olavide\/","title":{"rendered":"Toni Nadal explica que \u2018Todo se puede entrenar\u2019 en la Universidad Pablo de Olavide"},"content":{"rendered":"<figure id=\"attachment_30876420\" aria-describedby=\"caption-attachment-30876420\" style=\"width: 750px\" class=\"wp-caption aligncenter\"><a href=\"https:\/\/www.upo.es\/diario\/wp-content\/uploads\/2022\/12\/ToniNadal02.jpg\"><img loading=\"lazy\" decoding=\"async\" class=\"size-large wp-image-30876420\" src=\"https:\/\/www.upo.es\/diario\/wp-content\/uploads\/2022\/12\/ToniNadal02-750x435.jpg\" alt=\"\" width=\"750\" height=\"435\" srcset=\"https:\/\/www.upo.es\/diario\/wp-content\/uploads\/2022\/12\/ToniNadal02-750x435.jpg 750w, https:\/\/www.upo.es\/diario\/wp-content\/uploads\/2022\/12\/ToniNadal02-385x223.jpg 385w, https:\/\/www.upo.es\/diario\/wp-content\/uploads\/2022\/12\/ToniNadal02-768x445.jpg 768w, https:\/\/www.upo.es\/diario\/wp-content\/uploads\/2022\/12\/ToniNadal02-1536x891.jpg 1536w, https:\/\/www.upo.es\/diario\/wp-content\/uploads\/2022\/12\/ToniNadal02-1320x766.jpg 1320w, https:\/\/www.upo.es\/diario\/wp-content\/uploads\/2022\/12\/ToniNadal02.jpg 2000w\" sizes=\"auto, (max-width: 750px) 100vw, 750px\" \/><\/a><figcaption id=\"caption-attachment-30876420\" class=\"wp-caption-text\">Toni Nadal y Jes\u00fas J. Cambra<\/figcaption><\/figure>\n<p>La <strong>Facultad de Ciencias Empresariales de la Universidad Pablo de Olavide<\/strong> ha organizado la visita del <strong>entrenador de tenis y director deportivo de la \u2018Rafa Nadal Academy\u2019, Toni Nadal<\/strong>, que ha impartido una conferencia bajo el t\u00edtulo <strong>\u2018Todo se puede entrenar\u2019<\/strong>.<\/p>\n<p>Este evento se enmarca en los actos de conmemoraci\u00f3n del <strong>25\u00ba Aniversario de la Universidad Pablo de Olavide<\/strong> y ha tenido lugar<strong>\u00a0en el Sal\u00f3n de Actos del Instituto de la Grasa (Edificio 46) del campus<\/strong>.<\/p>\n<p>Seg\u00fan explica el decano de la Facultad de Ciencias Empresariales, <strong>\u00a0Jes\u00fas J. Cambra Fierro<\/strong>, \u00abesta iniciativa forma parte de una serie de encuentros con personas referentes de distintos \u00e1mbitos econ\u00f3micos, deportivos, culturales, etc\u00e9tera, que destacan por sus valores y competencias, susceptibles de ser aplicadas en el \u00e1mbito de la gesti\u00f3n de organizaciones y personas, no solo empresas\u00bb. Con ella, se invita a participar a estudiantes y profesorado de la Facultad, personas miembros de la comunidad universitaria en general, empresas e instituciones colaboradoras y alumnado de segundo curso de Bachillerato como actividad de difusi\u00f3n de la Facultad. \u00abEn este caso, esperamos que los valores que transmite Toni Nadal sirvan de inspiraci\u00f3n y gu\u00eda para el futuro personal y profesional de quienes han asistido\u00bb, ha se\u00f1alado el decano.<\/p>\n<p>Antonio Nadal Homar (Manacor, 1961) inici\u00f3 su carrera como entrenador en el Club de Tenis Manacor, del que lleg\u00f3 a ser director. Posteriormente, ha sido entrenador durante 27 a\u00f1os del jugador de tenis profesional Rafa Nadal y, en la actualidad, es director t\u00e9cnico deportivo de la \u2018Rafa Nadal Academy\u2019.<\/p>\n<figure id=\"attachment_30876421\" aria-describedby=\"caption-attachment-30876421\" style=\"width: 385px\" class=\"wp-caption alignright\"><a href=\"https:\/\/www.upo.es\/diario\/wp-content\/uploads\/2022\/12\/ToniNadal04.jpg\"><img loading=\"lazy\" decoding=\"async\" class=\"size-medium wp-image-30876421\" src=\"https:\/\/www.upo.es\/diario\/wp-content\/uploads\/2022\/12\/ToniNadal04-385x257.jpg\" alt=\"\" width=\"385\" height=\"257\" srcset=\"https:\/\/www.upo.es\/diario\/wp-content\/uploads\/2022\/12\/ToniNadal04-385x257.jpg 385w, https:\/\/www.upo.es\/diario\/wp-content\/uploads\/2022\/12\/ToniNadal04-750x500.jpg 750w, https:\/\/www.upo.es\/diario\/wp-content\/uploads\/2022\/12\/ToniNadal04-768x512.jpg 768w, https:\/\/www.upo.es\/diario\/wp-content\/uploads\/2022\/12\/ToniNadal04-1536x1025.jpg 1536w, https:\/\/www.upo.es\/diario\/wp-content\/uploads\/2022\/12\/ToniNadal04-165x109.jpg 165w, https:\/\/www.upo.es\/diario\/wp-content\/uploads\/2022\/12\/ToniNadal04-1320x880.jpg 1320w, https:\/\/www.upo.es\/diario\/wp-content\/uploads\/2022\/12\/ToniNadal04.jpg 2000w\" sizes=\"auto, (max-width: 385px) 100vw, 385px\" \/><\/a><figcaption id=\"caption-attachment-30876421\" class=\"wp-caption-text\">Toni Nadal imparte &#8216;Todo se puede entrenar&#8217;<\/figcaption><\/figure>\n<p>Nadal compatibiliza su labor en la academia con su faceta de conferenciante con <strong>charlas dirigidas a entrenadores y entrenadoras deportivas, j\u00f3venes y empresas<\/strong>. En ellas, habla sobre gesti\u00f3n de la adversidad, actitud, simplicidad, autoexigencia, respeto, compromiso, mejora constante y no sobrevalorar los \u00e9xitos ni magnificar las derrotas.<\/p>\n<p>Toni Nadal es autor del libro \u2018Todo se puede entrenar\u2019. En \u00e9l, toma como base el deporte pero, como su propio t\u00edtulo indica, \u201cpone la pista\u201d para el desarrollo de cualquier disciplina, f\u00edsica o intelectual, individual o colectiva. A lo largo de las p\u00e1ginas del libro, el entrenador va repasando algunos de los aspectos en los que es necesario poner el foco para construir una historia de \u00e9xito, pero desde la originalidad, escapando a las convicciones comunes y a la ret\u00f3rica de autoayuda biempensante.<\/p>\n","protected":false},"excerpt":{"rendered":"<p>La Facultad de Ciencias Empresariales de la Universidad Pablo de Olavide ha organizado la visita del entrenador de tenis y director deportivo de la \u2018Rafa Nadal Academy\u2019, Toni Nadal, que ha impartido una conferencia bajo el t\u00edtulo \u2018Todo se puede entrenar\u2019.<\/p>\n","protected":false},"author":14,"featured_media":30876420,"comment_status":"closed","ping_status":"open","sticky":false,"template":"","format":"standard","meta":{"_monsterinsights_skip_tracking":false,"_monsterinsights_sitenote_active":false,"_monsterinsights_sitenote_note":"","_monsterinsights_sitenote_category":0,"footnotes":""},"categories":[5842],"tags":[7944,541,8120,360,1010,8119,8118],"class_list":["post-30876397","post","type-post","status-publish","format-standard","has-post-thumbnail","hentry","category-comunidad","tag-25-aniversario-upo","tag-deporte","tag-desarrollo-personal","tag-facultad-de-ciencias-empresariales","tag-instituto-de-la-grasa","tag-tenis","tag-toni-nadal"],"_links":{"self":[{"href":"https:\/\/www.upo.es\/diario\/wp-json\/wp\/v2\/posts\/30876397","targetHints":{"allow":["GET"]}}],"collection":[{"href":"https:\/\/www.upo.es\/diario\/wp-json\/wp\/v2\/posts"}],"about":[{"href":"https:\/\/www.upo.es\/diario\/wp-json\/wp\/v2\/types\/post"}],"author":[{"embeddable":true,"href":"https:\/\/www.upo.es\/diario\/wp-json\/wp\/v2\/users\/14"}],"replies":[{"embeddable":true,"href":"https:\/\/www.upo.es\/diario\/wp-json\/wp\/v2\/comments?post=30876397"}],"version-history":[{"count":5,"href":"https:\/\/www.upo.es\/diario\/wp-json\/wp\/v2\/posts\/30876397\/revisions"}],"predecessor-version":[{"id":30876422,"href":"https:\/\/www.upo.es\/diario\/wp-json\/wp\/v2\/posts\/30876397\/revisions\/30876422"}],"wp:featuredmedia":[{"embeddable":true,"href":"https:\/\/www.upo.es\/diario\/wp-json\/wp\/v2\/media\/30876420"}],"wp:attachment":[{"href":"https:\/\/www.upo.es\/diario\/wp-json\/wp\/v2\/media?parent=30876397"}],"wp:term":[{"taxonomy":"category","embeddable":true,"href":"https:\/\/www.upo.es\/diario\/wp-json\/wp\/v2\/categories?post=30876397"},{"taxonomy":"post_tag","embeddable":true,"href":"https:\/\/www.upo.es\/diario\/wp-json\/wp\/v2\/tags?post=30876397"}],"curies":[{"name":"wp","href":"https:\/\/api.w.org\/{rel}","templated":true}]}}