{"id":30876423,"date":"2022-12-01T15:40:42","date_gmt":"2022-12-01T14:40:42","guid":{"rendered":"https:\/\/www.upo.es\/diario\/?p=30876423"},"modified":"2022-12-01T15:47:01","modified_gmt":"2022-12-01T14:47:01","slug":"homenaje-profesor-porras-nadales-jornadas-retos-estado-constitucional","status":"publish","type":"post","link":"https:\/\/www.upo.es\/diario\/comunidad\/2022\/12\/homenaje-profesor-porras-nadales-jornadas-retos-estado-constitucional\/","title":{"rendered":"Homenaje en la US y la UPO al profesor Antonio J. Porras Nadales durante las Jornadas \u2018Retos del Estado constitucional en el siglo XXI\u2019"},"content":{"rendered":"<figure id=\"attachment_30876425\" aria-describedby=\"caption-attachment-30876425\" style=\"width: 750px\" class=\"wp-caption aligncenter\"><a href=\"https:\/\/www.upo.es\/diario\/wp-content\/uploads\/2022\/12\/Homenaje-AntonioJPorrasNadales-scaled.jpg\"><img loading=\"lazy\" decoding=\"async\" class=\"size-large wp-image-30876425\" src=\"https:\/\/www.upo.es\/diario\/wp-content\/uploads\/2022\/12\/Homenaje-AntonioJPorrasNadales-750x422.jpg\" alt=\"Mar\u00eda Holgado y Ana Carmona entregaron un obsequio a Antonio J. Porras Nadales al finalizar las Jornadas\" width=\"750\" height=\"422\" srcset=\"https:\/\/www.upo.es\/diario\/wp-content\/uploads\/2022\/12\/Homenaje-AntonioJPorrasNadales-750x422.jpg 750w, https:\/\/www.upo.es\/diario\/wp-content\/uploads\/2022\/12\/Homenaje-AntonioJPorrasNadales-385x217.jpg 385w, https:\/\/www.upo.es\/diario\/wp-content\/uploads\/2022\/12\/Homenaje-AntonioJPorrasNadales-768x432.jpg 768w, https:\/\/www.upo.es\/diario\/wp-content\/uploads\/2022\/12\/Homenaje-AntonioJPorrasNadales-1536x864.jpg 1536w, https:\/\/www.upo.es\/diario\/wp-content\/uploads\/2022\/12\/Homenaje-AntonioJPorrasNadales-2048x1152.jpg 2048w\" sizes=\"auto, (max-width: 750px) 100vw, 750px\" \/><\/a><figcaption id=\"caption-attachment-30876425\" class=\"wp-caption-text\">Mar\u00eda Holgado y Ana Carmona entregaron un obsequio a Antonio J. Porras Nadales al finalizar las Jornadas<\/figcaption><\/figure>\n<p>Las <strong>Jornadas \u2018Retos del Estado constitucional en el siglo XXI: Reflexiones desde la obra del profesor Antonio J. Porras Nadales\u2019<\/strong> han concluido hoy en la Universidad Pablo de Olavide con la participaci\u00f3n de colegas y juristas de Derecho Constitucional que han rendido homenaje, en un acto acad\u00e9mico con motivo de su pr\u00f3xima jubilaci\u00f3n, a quien fue catedr\u00e1tico desde los inicios de la UPO. <strong>Laura L\u00f3pez de la Cruz<\/strong>, vicerrectora de Relaciones Institucionales y Fundaciones, y <strong>Mar\u00eda Holgado<\/strong>, profesora de Derecho Constitucional de la UPO y directora de las Jornadas junto a la catedr\u00e1tica de la US <strong>Ana Carmona<\/strong>, han clausurado esta ma\u00f1ana un programa que ha contado con la participaci\u00f3n del profesor <strong>Antonio Joaqu\u00edn Porras Nadales<\/strong>.<\/p>\n<p>El homenaje al profesor Porras Nadales comenz\u00f3 en la tarde de ayer jueves en la Facultad de Derecho de la Universidad de Sevilla, donde, tras el acto inaugural, el profesor de la UPO <strong>Francisco Jos\u00e9 Guti\u00e9rrez Rodr\u00edguez<\/strong> <strong>realiz\u00f3 una semblanza de quien ha sido catedr\u00e1tico de Derecho Constitucional en las universidades de Huelva, Pablo de Olavide y Sevilla<\/strong>. Las jornadas han contado con <strong>tres mesas redondas<\/strong> en las que se han abordado temas como el Estado Social y las pol\u00edticas p\u00fablicas; la representaci\u00f3n pol\u00edtica y el Estado de partidos; o una reflexi\u00f3n sobre el Estado en el siglo XXI.<\/p>\n<figure id=\"attachment_30876427\" aria-describedby=\"caption-attachment-30876427\" style=\"width: 385px\" class=\"wp-caption alignleft\"><a href=\"https:\/\/www.upo.es\/diario\/wp-content\/uploads\/2022\/12\/PedroCruzVillalon-scaled.jpg\"><img loading=\"lazy\" decoding=\"async\" class=\"size-medium wp-image-30876427\" src=\"https:\/\/www.upo.es\/diario\/wp-content\/uploads\/2022\/12\/PedroCruzVillalon-385x217.jpg\" alt=\"Pedro Cruz Villal\u00f3n\" width=\"385\" height=\"217\" srcset=\"https:\/\/www.upo.es\/diario\/wp-content\/uploads\/2022\/12\/PedroCruzVillalon-385x217.jpg 385w, https:\/\/www.upo.es\/diario\/wp-content\/uploads\/2022\/12\/PedroCruzVillalon-750x422.jpg 750w, https:\/\/www.upo.es\/diario\/wp-content\/uploads\/2022\/12\/PedroCruzVillalon-768x432.jpg 768w, https:\/\/www.upo.es\/diario\/wp-content\/uploads\/2022\/12\/PedroCruzVillalon-1536x864.jpg 1536w, https:\/\/www.upo.es\/diario\/wp-content\/uploads\/2022\/12\/PedroCruzVillalon-2048x1152.jpg 2048w\" sizes=\"auto, (max-width: 385px) 100vw, 385px\" \/><\/a><figcaption id=\"caption-attachment-30876427\" class=\"wp-caption-text\">Pedro Cruz Villal\u00f3n<\/figcaption><\/figure>\n<p>La <strong>conferencia de clausura<\/strong>, \u2018Los retos del constitucionalismo contempor\u00e1neo\u2019, ha corrido a cargo de <strong>Pedro Cruz Villal\u00f3n<\/strong>, expresidente del Tribunal Constitucional y catedr\u00e1tico de la Universidad Aut\u00f3noma de Madrid. Quien tambi\u00e9n ha sido abogado general del TJUE, ha reflexionado sobre las identidades constitucionales de los Estados naci\u00f3n, advirtiendo que, si no somos conscientes de la &#8216;heterodeterminaci\u00f3n<em>&#8216;<\/em> constitucional que implica pertenecer a la UE, el proyecto europeo puede entrar en crisis.<\/p>\n<p>A continuaci\u00f3n, ha intervenido <strong>Antonio J. Porras Nadales<\/strong>, que ha comparado la construcci\u00f3n del estado constitucional espa\u00f1ol con la de un edificio. \u201cImagin\u00e1bamos un palacio de cristal, sin zonas opacas, pero tenemos un edifico normal, como lo son otros y en otros pa\u00edses, con sus cloacas y tuber\u00edas para las aguas negras\u201d. Ante el homenaje de sus colegas por su jubilaci\u00f3n, ha definido su generaci\u00f3n como \u201cun eslab\u00f3n consistente, pero ahora surge el reto de enlazar con el siguiente, ante retos como el populismo, el desaf\u00edo tecnol\u00f3gico y las dudas de si la UE seguir\u00e1 siendo un marco protector con el que podamos contar\u201d.<\/p>\n<figure id=\"attachment_30876428\" aria-describedby=\"caption-attachment-30876428\" style=\"width: 385px\" class=\"wp-caption alignleft\"><a href=\"https:\/\/www.upo.es\/diario\/wp-content\/uploads\/2022\/12\/Homenaje-AntonioJPorrasNadales_clausura-scaled.jpg\"><img loading=\"lazy\" decoding=\"async\" class=\"size-medium wp-image-30876428\" src=\"https:\/\/www.upo.es\/diario\/wp-content\/uploads\/2022\/12\/Homenaje-AntonioJPorrasNadales_clausura-385x217.jpg\" alt=\"Mar\u00eda Holgado, Laura L\u00f3pez de la Cruz y Ana Carmona\" width=\"385\" height=\"217\" srcset=\"https:\/\/www.upo.es\/diario\/wp-content\/uploads\/2022\/12\/Homenaje-AntonioJPorrasNadales_clausura-385x217.jpg 385w, https:\/\/www.upo.es\/diario\/wp-content\/uploads\/2022\/12\/Homenaje-AntonioJPorrasNadales_clausura-750x422.jpg 750w, https:\/\/www.upo.es\/diario\/wp-content\/uploads\/2022\/12\/Homenaje-AntonioJPorrasNadales_clausura-768x432.jpg 768w, https:\/\/www.upo.es\/diario\/wp-content\/uploads\/2022\/12\/Homenaje-AntonioJPorrasNadales_clausura-1536x864.jpg 1536w, https:\/\/www.upo.es\/diario\/wp-content\/uploads\/2022\/12\/Homenaje-AntonioJPorrasNadales_clausura-2048x1152.jpg 2048w\" sizes=\"auto, (max-width: 385px) 100vw, 385px\" \/><\/a><figcaption id=\"caption-attachment-30876428\" class=\"wp-caption-text\">Mar\u00eda Holgado, Laura L\u00f3pez de la Cruz y Ana Carmona<\/figcaption><\/figure>\n<p><strong>Mar\u00eda Holgado<\/strong>, secretaria general de la Universidad y codirectora de las Jornadas ha agradecido al profesor Porras Nadales todo lo que ha hecho por la formaci\u00f3n de juristas y por la Universidad, destacando la colaboraci\u00f3n entre los equipos docentes de Derecho constitucional de la US y la UPO. La vicerrectora de Relaciones Institucionales y Fundaciones, <strong>Laura L\u00f3pez de la Cruz<\/strong>, ha cerrado el programa destacando las aportaciones de quien fue catedr\u00e1tico de la Olavide a la ciencia jur\u00eddica y, en el 25 aniversario de la Universidad, su contribuci\u00f3n a conformar los estudios de la Facultad y el equipo docente de Derecho constitucional.<\/p>\n<h3><strong>Antonio J. Porras Nadales<\/strong><\/h3>\n<p>Actualmente profesor em\u00e9rito de la Universidad de Sevilla, Antonio J. Porras Nadales fue catedr\u00e1tico de Derecho Constitucional de la Universidad Pablo de Olavide desde su creaci\u00f3n en el curso 1997\/1998. Inici\u00f3 su carrera docente en el entonces Colegio Universitario de C\u00f3rdoba, adscrito a la US, y ha sido catedr\u00e1tico de Derecho Constitucional desde 1988 en las Universidades de Huelva, Pablo de Olavide y Sevilla.<\/p>\n<p>Antonio J. Porras Nadales particip\u00f3 en la creaci\u00f3n del Departamento de Derecho de la UPO y contribuy\u00f3 a la configuraci\u00f3n de las primeras titulaciones de la Facultad de Derecho, as\u00ed como a la puesta en marcha de diversas asignaturas del \u00e1rea de Derecho Constitucional de la que fue responsable hasta el curso 2005\/2006. Su trayectoria como investigador se ha centrado fundamentalmente en el estudio de la evoluci\u00f3n hist\u00f3rica del Estado social (<em>Introducci\u00f3n a una teor\u00eda del Estado postsocial<\/em>, 1988), as\u00ed como en el an\u00e1lisis de la crisis de la representaci\u00f3n pol\u00edtica (<em>Representaci\u00f3n y democracia avanzada<\/em>, 1994). Ha dirigido diversas tesis doctorales tanto en la Universidad de Sevilla como en la Universidad Pablo de Olavide. Es autor de quince monograf\u00edas y m\u00e1s de cien art\u00edculos y cap\u00edtulos de obras colectivas, tambi\u00e9n sobre actividad regulativa, calidad normativa y evoluci\u00f3n auton\u00f3mica. Ha sido nombrado Doctor Honoris Causa por la Universidad C\u00e9sar Vallejo, de Trujillo (Per\u00fa).<\/p>\n<p>&nbsp;<\/p>\n","protected":false},"excerpt":{"rendered":"<p>Las Jornadas \u2018Retos del Estado constitucional en el siglo XXI: Reflexiones desde la obra del profesor Antonio J. Porras Nadales\u2019 han concluido hoy en la Universidad Pablo de Olavide con la participaci\u00f3n de colegas y juristas de Derecho Constitucional que han rendido homenaje, en un acto acad\u00e9mico con motivo de su pr\u00f3xima jubilaci\u00f3n, a quien fue catedr\u00e1tico desde los inicios<a class=\"read-more\" href=\"https:\/\/www.upo.es\/diario\/comunidad\/2022\/12\/homenaje-profesor-porras-nadales-jornadas-retos-estado-constitucional\/\">[Read More&#8230;]<\/a><\/p>\n","protected":false},"author":6,"featured_media":30876425,"comment_status":"closed","ping_status":"open","sticky":false,"template":"","format":"standard","meta":{"_monsterinsights_skip_tracking":false,"_monsterinsights_sitenote_active":false,"_monsterinsights_sitenote_note":"","_monsterinsights_sitenote_category":0,"footnotes":""},"categories":[5842],"tags":[4009,81,308,84,1648,8018],"class_list":["post-30876423","post","type-post","status-publish","format-standard","has-post-thumbnail","hentry","category-comunidad","tag-derecho-constitucional","tag-facultad-de-derecho","tag-homenaje","tag-jornadas","tag-laura-lopez-de-la-cruz","tag-maria-holgado-gonzalez"],"_links":{"self":[{"href":"https:\/\/www.upo.es\/diario\/wp-json\/wp\/v2\/posts\/30876423","targetHints":{"allow":["GET"]}}],"collection":[{"href":"https:\/\/www.upo.es\/diario\/wp-json\/wp\/v2\/posts"}],"about":[{"href":"https:\/\/www.upo.es\/diario\/wp-json\/wp\/v2\/types\/post"}],"author":[{"embeddable":true,"href":"https:\/\/www.upo.es\/diario\/wp-json\/wp\/v2\/users\/6"}],"replies":[{"embeddable":true,"href":"https:\/\/www.upo.es\/diario\/wp-json\/wp\/v2\/comments?post=30876423"}],"version-history":[{"count":5,"href":"https:\/\/www.upo.es\/diario\/wp-json\/wp\/v2\/posts\/30876423\/revisions"}],"predecessor-version":[{"id":30876431,"href":"https:\/\/www.upo.es\/diario\/wp-json\/wp\/v2\/posts\/30876423\/revisions\/30876431"}],"wp:featuredmedia":[{"embeddable":true,"href":"https:\/\/www.upo.es\/diario\/wp-json\/wp\/v2\/media\/30876425"}],"wp:attachment":[{"href":"https:\/\/www.upo.es\/diario\/wp-json\/wp\/v2\/media?parent=30876423"}],"wp:term":[{"taxonomy":"category","embeddable":true,"href":"https:\/\/www.upo.es\/diario\/wp-json\/wp\/v2\/categories?post=30876423"},{"taxonomy":"post_tag","embeddable":true,"href":"https:\/\/www.upo.es\/diario\/wp-json\/wp\/v2\/tags?post=30876423"}],"curies":[{"name":"wp","href":"https:\/\/api.w.org\/{rel}","templated":true}]}}