{"id":30876435,"date":"2022-12-02T12:44:52","date_gmt":"2022-12-02T11:44:52","guid":{"rendered":"https:\/\/www.upo.es\/diario\/?p=30876435"},"modified":"2022-12-14T11:36:23","modified_gmt":"2022-12-14T10:36:23","slug":"francisco-oliva-resalta-el-papel-de-las-universidades-para-ampliar-el-numero-de-estudiantes-con-discapacidad","status":"publish","type":"post","link":"https:\/\/www.upo.es\/diario\/sin-categoria\/2022\/12\/francisco-oliva-resalta-el-papel-de-las-universidades-para-ampliar-el-numero-de-estudiantes-con-discapacidad\/","title":{"rendered":"Francisco Oliva resalta el papel de las universidades para ampliar el n\u00famero de estudiantes con discapacidad"},"content":{"rendered":"<figure id=\"attachment_30876436\" aria-describedby=\"caption-attachment-30876436\" style=\"width: 750px\" class=\"wp-caption aligncenter\"><a href=\"https:\/\/www.upo.es\/diario\/wp-content\/uploads\/2022\/12\/Dia-Discapacidad-3-scaled.jpg\"><img loading=\"lazy\" decoding=\"async\" class=\"size-large wp-image-30876436\" src=\"https:\/\/www.upo.es\/diario\/wp-content\/uploads\/2022\/12\/Dia-Discapacidad-3-750x422.jpg\" alt=\"\" width=\"750\" height=\"422\" srcset=\"https:\/\/www.upo.es\/diario\/wp-content\/uploads\/2022\/12\/Dia-Discapacidad-3-750x422.jpg 750w, https:\/\/www.upo.es\/diario\/wp-content\/uploads\/2022\/12\/Dia-Discapacidad-3-385x217.jpg 385w, https:\/\/www.upo.es\/diario\/wp-content\/uploads\/2022\/12\/Dia-Discapacidad-3-768x432.jpg 768w, https:\/\/www.upo.es\/diario\/wp-content\/uploads\/2022\/12\/Dia-Discapacidad-3-1536x864.jpg 1536w, https:\/\/www.upo.es\/diario\/wp-content\/uploads\/2022\/12\/Dia-Discapacidad-3-2048x1152.jpg 2048w\" sizes=\"auto, (max-width: 750px) 100vw, 750px\" \/><\/a><figcaption id=\"caption-attachment-30876436\" class=\"wp-caption-text\">Autoridades y entidades en la II Jornada del D\u00eda de las Personas con Discapacidad<\/figcaption><\/figure>\n<p>El rector de la Universidad Pablo de Olavide, <strong>Francisco Oliva Bl\u00e1zquez<\/strong>, ha presidido el acto de inauguraci\u00f3n de la <strong>II Jornada de Celebraci\u00f3n del D\u00eda Internacional de las Personas con Discapacidad<\/strong>, que ha organizado el <strong>Vicerrectorado de Cultura y Pol\u00edticas Sociales<\/strong>, en el que ha resaltado <strong>el papel que tienen las universidades para ampliar el n\u00famero de estudiantes con discapacidad<\/strong>. \u201cEl diagn\u00f3stico de la situaci\u00f3n de las personas con discapacidad estudiando en las universidades arroja un 1,4%, un dato que hay que revertir porque los estudios superiores suponen mayores posibilidades de empleo y, por tanto, de vida aut\u00f3noma\u201d, ha se\u00f1alado.<\/p>\n<p>Asimismo, ha subrayado que \u201ctenemos un deber moral y legal para <strong>abordar esta realidad de la discapacidad a trav\u00e9s de un enfoque multidisciplinar y transversal<\/strong>, como recogen los Objetivos de Desarrollo Sostenible\u201d; y ha alabado el papel de las entidades del tercer sector, a las que ha agradecido su \u201csolidaridad con las personas m\u00e1s vulnerables de nuestra sociedad\u201d.<\/p>\n<blockquote><p>\u00abTenemos un deber moral y legal para abordar esta realidad de la discapacidad a trav\u00e9s de un enfoque multidisciplinar y transversal, como recogen los ODS\u00bb<\/p><\/blockquote>\n<h5>Francisco Oliva<\/h5>\n<p>Bajo el lema <strong>\u2018Con la inclusi\u00f3n, siempre ganamos\u2019<\/strong>, este encuentro con la comunidad universitaria y con las asociaciones de este \u00e1mbito ha contado con la participaci\u00f3n del consejero de Universidad, Investigaci\u00f3n e Innovaci\u00f3n de la Junta de Andaluc\u00eda, <strong>Jos\u00e9 Carlos G\u00f3mez Villamandos<\/strong>, que ha destacado la labor que realiza la Universidad Pablo de Olavide en el \u00e1mbito de la inclusi\u00f3n y como \u201cinterlocutor de primer nivel por su compromiso y generaci\u00f3n de oportunidades. Hoy en d\u00eda, entendemos que el sistema universitario tiene que tener alma y que esto se traduzca en la nueva ley de universidades que desarrollaremos el pr\u00f3ximo a\u00f1o mediante la incorporaci\u00f3n de estos indicadores en el modelo de financiaci\u00f3n\u201d.<\/p>\n<p>Por su parte, la consejera de Inclusi\u00f3n Social, Juventud, Familias e Igualdad, <strong>Loles L\u00f3pez Gabarro<\/strong>, ha resaltado la labor de las entidades que trabajan en el sector de la discapacidad y ha alabado el testimonio de las personas con discapacidad \u201cque nos dan lecciones cada d\u00eda\u201d porque \u201cnosotros les ponemos m\u00e1s l\u00edmites de los que tienen en realidad\u201d.<\/p>\n<p>El teniente alcalde y delegado de H\u00e1bitat Urbano y Cohesi\u00f3n Social del Ayuntamiento de Sevilla, <strong>Juan Manuel Flores Cordero<\/strong>, se ha referido a la necesidad de compromiso por parte del \u00e1mbito p\u00fablico \u201cpara que las personas con discapacidad se desarrollen en los mismos derechos. Sevilla tiene que ser una ciudad inclusiva y para ello trabajamos\u201d. Asimismo, la presidenta del Consejo Social de la Universidad Pablo de Olavide, <strong>Roc\u00edo Reinoso Cuevas<\/strong>, ha se\u00f1alado que la igualdad de oportunidades de las personas con discapacidad \u201ces un derecho que tenemos que blindar y poner todo ese talento al servicio de la sociedad\u201d.<\/p>\n<figure id=\"attachment_30876439\" aria-describedby=\"caption-attachment-30876439\" style=\"width: 385px\" class=\"wp-caption alignright\"><a href=\"https:\/\/www.upo.es\/diario\/wp-content\/uploads\/2022\/12\/Dia-Discapacidad-5-scaled.jpg\"><img loading=\"lazy\" decoding=\"async\" class=\"wp-image-30876439 size-medium\" src=\"https:\/\/www.upo.es\/diario\/wp-content\/uploads\/2022\/12\/Dia-Discapacidad-5-385x257.jpg\" alt=\"\" width=\"385\" height=\"257\" srcset=\"https:\/\/www.upo.es\/diario\/wp-content\/uploads\/2022\/12\/Dia-Discapacidad-5-385x257.jpg 385w, https:\/\/www.upo.es\/diario\/wp-content\/uploads\/2022\/12\/Dia-Discapacidad-5-750x500.jpg 750w, https:\/\/www.upo.es\/diario\/wp-content\/uploads\/2022\/12\/Dia-Discapacidad-5-768x512.jpg 768w, https:\/\/www.upo.es\/diario\/wp-content\/uploads\/2022\/12\/Dia-Discapacidad-5-1536x1024.jpg 1536w, https:\/\/www.upo.es\/diario\/wp-content\/uploads\/2022\/12\/Dia-Discapacidad-5-2048x1365.jpg 2048w\" sizes=\"auto, (max-width: 385px) 100vw, 385px\" \/><\/a><figcaption id=\"caption-attachment-30876439\" class=\"wp-caption-text\">Mar\u00eda Jos\u00e9 Parejo, Juan Manuel Flores, Jos\u00e9 Carlos G\u00f3mez Villamandos, Francisco Oliva, Loles L\u00f3pez y Roc\u00edo Reinoso<\/figcaption><\/figure>\n<p>El acto inaugural, que ha conducido la directora general de Inclusi\u00f3n y Pol\u00edticas Socioculturales de la UPO, <strong>Mar\u00eda Jos\u00e9 Parejo Guzm\u00e1n<\/strong>, ha dado paso a un acto acad\u00e9mico en el que se desarrollar\u00e1n varias mesas redondas; y, en segundo lugar, la actuaci\u00f3n musical de la <strong>National Radio Station, con Manuel Ortega, que comenzar\u00e1 a las 16:00 horas.<\/strong><\/p>\n<p>En la primera mesa de experiencias tomar\u00e1n la palabra entidades del tercer sector del \u00e1mbito de la discapacidad como Fundaci\u00f3n ONCE, Fundaci\u00f3n Valent\u00edn de Madariaga y Oya, la Asociaci\u00f3n de Personas Sordociegas ASOCIDE, Fundaci\u00f3n SAMU y la Asociaci\u00f3n ASPATHI, que colaboran con la UPO a trav\u00e9s de convenios y explicar\u00e1n sus actuaciones m\u00e1s relevantes al respecto. A continuaci\u00f3n, ser\u00e1 el turno para el alumnado, que contar\u00e1 en primera persona su experiencia con el Servicio de Atenci\u00f3n a la Diversidad Funcional de la Universidad Pablo de Olavide. Y, finalmente, la mesa acad\u00e9mica contar\u00e1 con profesorado de la UPO de los Departamentos de Filolog\u00eda y Traducci\u00f3n; Trabajo Social y Servicios Sociales; y Econom\u00eda, M\u00e9todos Cuantitativos e Historia Econ\u00f3mica, que expondr\u00e1 su trabajo de estudio e investigaci\u00f3n en el \u00e1mbito de la discapacidad.<\/p>\n<p>Por otra parte, durante toda la ma\u00f1ana, la jornada contar\u00e1 con stands informativos de varias entidades que expondr\u00e1n su trabajo y recursos en la galer\u00eda del Rectorado en la Plaza de Am\u00e9rica.<\/p>\n<h3><strong>Actuaci\u00f3n de la National Radio Station por la tarde<\/strong><\/h3>\n<p>La II Jornada de Celebraci\u00f3n del D\u00eda Internacional de las Personas con Discapacidad de la Universidad Pablo de Olavide concluir\u00e1 con la actuaci\u00f3n del grupo National Radio Station, con Manel Ortega. Esta banda de rock interpreta versiones de grandes temas que sonaron en las d\u00e9cadas de los a\u00f1os 50, 60 y 70, que abarcan desde Chuck Berry hasta Fleetwood Mac, pasando por The Beatles o Bo Diddley, desde un punto de vista musical en\u00e9rgico y contundente.<\/p>\n<p>Manel Ortega es un artista multidisciplinar que combin\u00f3 desde muy temprano la m\u00fasica con las artes pl\u00e1sticas. En el a\u00f1o 2000, lanza su primer disco en solitario, \u2018Merrie Melodies\u2019 y en 2014, su vida da un giro radical al contraer un virus que le provoca una grave discapacidad f\u00edsica. Lejos de abandonar su carrera, Ortega ha continuado publicando discos en solitario y, en la actualidad, trabaja en un largometraje.<\/p>\n<p><a title=\"II Jornadas de celebraci\u00f3n del D\u00eda de las Personas con Discapacidad\" href=\"https:\/\/www.flickr.com\/photos\/pablodeolavide\/albums\/72177720304133680\" data-flickr-embed=\"true\" data-header=\"true\"><img loading=\"lazy\" decoding=\"async\" src=\"https:\/\/live.staticflickr.com\/65535\/52537837585_9773fdfe18_z.jpg\" alt=\"II Jornadas de celebraci\u00f3n del D\u00eda de las Personas con Discapacidad\" width=\"640\" height=\"480\" \/><\/a><script async src=\"\/\/embedr.flickr.com\/assets\/client-code.js\" charset=\"utf-8\"><\/script><\/p>\n","protected":false},"excerpt":{"rendered":"<p>La Universidad Pablo de Olavide, a trav\u00e9s del Vicerrectorado de Cultura y Pol\u00edticas Sociales, organiza la II Jornada de Celebraci\u00f3n del D\u00eda Internacional de las Personas con Discapacidad.<\/p>\n","protected":false},"author":14,"featured_media":30876436,"comment_status":"closed","ping_status":"open","sticky":false,"template":"","format":"standard","meta":{"_monsterinsights_skip_tracking":false,"_monsterinsights_sitenote_active":false,"_monsterinsights_sitenote_note":"","_monsterinsights_sitenote_category":0,"footnotes":""},"categories":[6,1],"tags":[621,8123,8075,8098,4569,1210,3456,8068,7194],"class_list":["post-30876435","post","type-post","status-publish","format-standard","has-post-thumbnail","hentry","category-institucional","category-sin-categoria","tag-ayuntamiento-de-sevilla","tag-consejeria-de-inclusion-social","tag-consejeria-de-universidad","tag-consejo-social-upo","tag-dia-internacional-de-las-personas-con-discapacidad","tag-discapacidad","tag-inclusion","tag-personas-con-discapacidad","tag-vicerrectorado-de-cultura-y-politicas-sociales"],"_links":{"self":[{"href":"https:\/\/www.upo.es\/diario\/wp-json\/wp\/v2\/posts\/30876435","targetHints":{"allow":["GET"]}}],"collection":[{"href":"https:\/\/www.upo.es\/diario\/wp-json\/wp\/v2\/posts"}],"about":[{"href":"https:\/\/www.upo.es\/diario\/wp-json\/wp\/v2\/types\/post"}],"author":[{"embeddable":true,"href":"https:\/\/www.upo.es\/diario\/wp-json\/wp\/v2\/users\/14"}],"replies":[{"embeddable":true,"href":"https:\/\/www.upo.es\/diario\/wp-json\/wp\/v2\/comments?post=30876435"}],"version-history":[{"count":7,"href":"https:\/\/www.upo.es\/diario\/wp-json\/wp\/v2\/posts\/30876435\/revisions"}],"predecessor-version":[{"id":30876444,"href":"https:\/\/www.upo.es\/diario\/wp-json\/wp\/v2\/posts\/30876435\/revisions\/30876444"}],"wp:featuredmedia":[{"embeddable":true,"href":"https:\/\/www.upo.es\/diario\/wp-json\/wp\/v2\/media\/30876436"}],"wp:attachment":[{"href":"https:\/\/www.upo.es\/diario\/wp-json\/wp\/v2\/media?parent=30876435"}],"wp:term":[{"taxonomy":"category","embeddable":true,"href":"https:\/\/www.upo.es\/diario\/wp-json\/wp\/v2\/categories?post=30876435"},{"taxonomy":"post_tag","embeddable":true,"href":"https:\/\/www.upo.es\/diario\/wp-json\/wp\/v2\/tags?post=30876435"}],"curies":[{"name":"wp","href":"https:\/\/api.w.org\/{rel}","templated":true}]}}