{"id":30876480,"date":"2022-12-07T12:16:36","date_gmt":"2022-12-07T11:16:36","guid":{"rendered":"https:\/\/www.upo.es\/diario\/?p=30876480"},"modified":"2022-12-12T19:34:35","modified_gmt":"2022-12-12T18:34:35","slug":"la-catedra-macrosad-trabajo-social-verde-da-respuesta-a-las-nuevas-realidades-y-necesidades-sociales-derivadas-del-cambio-climatico","status":"publish","type":"post","link":"https:\/\/www.upo.es\/diario\/entrevista\/2022\/12\/la-catedra-macrosad-trabajo-social-verde-da-respuesta-a-las-nuevas-realidades-y-necesidades-sociales-derivadas-del-cambio-climatico\/","title":{"rendered":"\u201cLa C\u00e1tedra Macrosad Trabajo Social Verde da respuesta a las nuevas realidades sociales derivadas del cambio clim\u00e1tico\u201d"},"content":{"rendered":"<figure id=\"attachment_30876481\" aria-describedby=\"caption-attachment-30876481\" style=\"width: 750px\" class=\"wp-caption aligncenter\"><a href=\"https:\/\/www.upo.es\/diario\/wp-content\/uploads\/2022\/12\/Fernando-Relinque-Medina-scaled.jpg\"><img loading=\"lazy\" decoding=\"async\" class=\"size-large wp-image-30876481\" src=\"https:\/\/www.upo.es\/diario\/wp-content\/uploads\/2022\/12\/Fernando-Relinque-Medina-750x500.jpg\" alt=\"\" width=\"750\" height=\"500\" srcset=\"https:\/\/www.upo.es\/diario\/wp-content\/uploads\/2022\/12\/Fernando-Relinque-Medina-750x500.jpg 750w, https:\/\/www.upo.es\/diario\/wp-content\/uploads\/2022\/12\/Fernando-Relinque-Medina-385x257.jpg 385w, https:\/\/www.upo.es\/diario\/wp-content\/uploads\/2022\/12\/Fernando-Relinque-Medina-768x512.jpg 768w, https:\/\/www.upo.es\/diario\/wp-content\/uploads\/2022\/12\/Fernando-Relinque-Medina-1536x1024.jpg 1536w, https:\/\/www.upo.es\/diario\/wp-content\/uploads\/2022\/12\/Fernando-Relinque-Medina-2048x1365.jpg 2048w\" sizes=\"auto, (max-width: 750px) 100vw, 750px\" \/><\/a><figcaption id=\"caption-attachment-30876481\" class=\"wp-caption-text\">Fernando Relinque, profesor del Departamento de Trabajo Social y Servicios Sociales<\/figcaption><\/figure>\n<p>&nbsp;<\/p>\n<p>El profesor del Departamento de Trabajo Social y Servicios Sociales de la Universidad Pablo de Olavide <strong>Fernando Relinque Medina<\/strong> dirige la <strong>C\u00e1tedra Macrosad Trabajo Social Verde<\/strong>, una iniciativa pionera a nivel europeo que trabaja en investigaci\u00f3n dirigida a la sostenibilidad ambiental de los servicios sociales y otros \u00e1mbitos del Trabajo Social. De la mano de <strong>Macrosad<\/strong>, cooperativa de educaci\u00f3n y cuidados a personas, esta c\u00e1tedra pone sobre la mesa la trascendencia de las nuevas realidades y necesidades sociales derivadas del cambio clim\u00e1tico que ahora est\u00e1n adquiriendo m\u00e1s relevancia medi\u00e1tica que nunca.<\/p>\n<p><strong>\u00bfCu\u00e1l considera que es el principal valor de la c\u00e1tedra que dirige?<\/strong><\/p>\n<p>La C\u00e1tedra Macrosad Trabajo Social Verde de la UPO nace en un contexto en el que el cambio clim\u00e1tico, los desastres naturales, la lucha por el control de las materias primas, la tecnologizaci\u00f3n de la sociedad y la globalizaci\u00f3n est\u00e1n suponiendo nuevos retos a afrontar desde el Trabajo Social, como son el aumento de los flujos migratorios y personas refugiadas, el incremento de la desigualdad socioecon\u00f3mica, el aislamiento y abandono de las zonas rurales, la soledad no deseada y exclusi\u00f3n de las personas mayores y otros colectivos con vulnerabilidad social.<\/p>\n<p>Sin embargo, a pesar de las evidentes consecuencias sociales y aumento de la vulnerabilidad social por causas ambientales, la relaci\u00f3n entre Medio Ambiente y Trabajo Social no ha tenido un desarrollo s\u00f3lido en la profesi\u00f3n, de modo que la investigaci\u00f3n y el desarrollo de modelos y est\u00e1ndares pr\u00e1cticos en esta \u00e1rea son escasos. Por ello, contar con un grupo de personas expertas, tanto del \u00e1mbito acad\u00e9mico como empresarial, con una dilatada experiencia en el ejercicio e investigaci\u00f3n en el trabajo social y con vocaci\u00f3n ambientalista, implicadas en mejorar la sostenibilidad de las pr\u00e1cticas en trabajo social y poner el foco en la potencialidad de la profesi\u00f3n para mitigar las consecuencias negativas del desarrollismo y cambio clim\u00e1tico es, sin duda, el principal valor de la C\u00e1tedra.<\/p>\n<blockquote><p>\u00abA pesar del aumento de la vulnerabilidad social por causas ambientales, la relaci\u00f3n entre Medio Ambiente y Trabajo Social no ha tenido un desarrollo s\u00f3lido en la profesi\u00f3n\u00bb<\/p><\/blockquote>\n<p><strong>\u00bfCon qu\u00e9 objetivo naci\u00f3? <\/strong><\/p>\n<p>Para dar respuesta a las nuevas realidades y necesidades sociales derivadas del cambio clim\u00e1tico y mejorar la relaci\u00f3n de las personas, organizaciones y comunidades con su entorno favoreciendo pr\u00e1cticas y modelos de intervenci\u00f3n m\u00e1s sostenibles.<\/p>\n<p>Para ello, se requiere de nuevas estrategias y la promoci\u00f3n de herramientas innovadoras a nivel comunitario que permitan reducir la exclusi\u00f3n social y favorecer la resiliencia de los colectivos con mayor vulnerabilidad en estos escenarios de cambio, as\u00ed como potenciar la concienciaci\u00f3n y sensibilizaci\u00f3n ambiental de la sociedad, aprovechando la implementaci\u00f3n territorial de los servicios sociales, comunitarios y especializados y de los recursos sociosanitarios dirigidos a la poblaci\u00f3n en situaci\u00f3n de exclusi\u00f3n social.<\/p>\n<p><strong>\u00bfQu\u00e9 balance puede hacer hasta el momento de la misma?<\/strong><\/p>\n<p>Aunque apenas llevamos seis meses de recorrido desde que inauguramos la C\u00e1tedra, creo que el balance es muy positivo. El equipo ha conseguido identificar las prioridades y las l\u00edneas de acci\u00f3n que la C\u00e1tedra pondr\u00e1 en marcha en los dos pr\u00f3ximos a\u00f1os. Adem\u00e1s, hemos consensuado y definido la noci\u00f3n de Trabajo Social Verde, algo que no es sencillo, pues existe poca bibliograf\u00eda al respecto y las referencias se centran fundamentalmente en diagn\u00f3sticos sociales de \u00e1reas medioambientalmente vulnerables, pero no conceptualizan est\u00e1ndares o m\u00e9todos propios del trabajo social verde.<\/p>\n<p>En la actualidad, estamos inmersos en la organizaci\u00f3n de un Think Tank de personas expertas para consensuar l\u00edneas de acci\u00f3n y procesos para definir el marco de intervenci\u00f3n del Trabajo Social Verde con personas, organizaciones y comunidad.<\/p>\n<p><strong><a href=\"https:\/\/www.upo.es\/diario\/wp-content\/uploads\/2022\/12\/jrEFiLEj_400x400.jpg\"><img loading=\"lazy\" decoding=\"async\" class=\"alignright size-full wp-image-30876484\" src=\"https:\/\/www.upo.es\/diario\/wp-content\/uploads\/2022\/12\/jrEFiLEj_400x400.jpg\" alt=\"\" width=\"400\" height=\"400\" srcset=\"https:\/\/www.upo.es\/diario\/wp-content\/uploads\/2022\/12\/jrEFiLEj_400x400.jpg 400w, https:\/\/www.upo.es\/diario\/wp-content\/uploads\/2022\/12\/jrEFiLEj_400x400-385x385.jpg 385w, https:\/\/www.upo.es\/diario\/wp-content\/uploads\/2022\/12\/jrEFiLEj_400x400-150x150.jpg 150w\" sizes=\"auto, (max-width: 400px) 100vw, 400px\" \/><\/a>\u00bfCu\u00e1les son los pr\u00f3ximos proyectos en el marco de la c\u00e1tedra?<\/strong><\/p>\n<p>Estamos trabajando en dos l\u00edneas principales de trabajo. En la primera de ellas, estamos volcados en el desarrollo de un Plan de Acci\u00f3n Sostenible para entidades prestadoras de Servicios Sociales. Este plan es in\u00e9dito en nuestro pa\u00eds y con \u00e9l se pretende mejorar las pr\u00e1cticas sostenibles de los servicios sociales, reducir su impacto ambiental y mejorar su interrelaci\u00f3n con el entorno. Uno de los puntos fuertes es la implicaci\u00f3n de Macrosad en esta C\u00e1tedra que permitir\u00e1 la aplicaci\u00f3n de un pilotaje de este Plan en sus servicios y recursos residenciales y educativos, lo que permitir\u00e1 experimentar su viabilidad y el desarrollo de est\u00e1ndares contrastados y validados que den pie a un programa de verificaci\u00f3n de calidad y sostenibilidad en servicios sociales.<\/p>\n<p>La segunda l\u00ednea que estamos iniciando es la investigaci\u00f3n sobre mejora de los cuidados y eficiencia de los servicios sociales en zonas despobladas a partir de metodolog\u00edas de participaci\u00f3n social y gobernanza.<\/p>\n<p><strong>\u00bfPor qu\u00e9 es importante para la Universidad un instrumento como este?<\/strong><\/p>\n<p>La C\u00e1tedra Macrosad Trabajo Social Verde cuenta, entre sus objetivos, con el de potenciar la investigaci\u00f3n en un \u00e1rea poco explorada hasta ahora como es la relaci\u00f3n entre el Medio Ambiente y el Trabajo Social, lo que generar\u00e1 un importante impacto cient\u00edfico y profesional, que situar\u00e1 al Departamento de Trabajo Social y Servicios Sociales de la Universidad Pablo de Olavide como referente en esta \u00e1rea de conocimiento.<\/p>\n<p>Adem\u00e1s, la colaboraci\u00f3n p\u00fablico-privada que se desprende del Convenio de Creaci\u00f3n y Desarrollo de la C\u00e1tedra, favorecer\u00e1 la transferencia de resultados, aprovechando, de un lado, la experiencia en cuidados y atenci\u00f3n social de Macrosad, as\u00ed como su extensa implantaci\u00f3n en el territorio nacional de profesionales y centros de acci\u00f3n social y atenci\u00f3n sociosanitaria y, por otro lado, la excelencia y el compromiso social de la Universidad Pablo de Olavide.<\/p>\n<p>Partiendo de los resultados de las investigaciones puestas en marcha y de los conocimientos generados, se desarrollar\u00e1 un plan formativo dirigido al alumnado de la UPO y profesionales de trabajo social que ayudar\u00e1 a diseminar los conocimientos, m\u00e9todos, est\u00e1ndares y pr\u00e1cticas del trabajo social verde.<\/p>\n<p><strong>Para las familias y las empresas, la econom\u00eda de los cuidados tiene un gran peso. Y, ahora con la crisis energ\u00e9tica, parece que las buenas pr\u00e1cticas ambientales son m\u00e1s valoradas. \u00bfEn qu\u00e9 medida son estos de los principales caminos que debemos recorrer como sociedad?<\/strong><\/p>\n<p>En Europa, asistimos a un r\u00e1pido envejecimiento de la poblaci\u00f3n, un proceso en el que la necesidad de cuidados de larga duraci\u00f3n aumentar\u00e1 de manera considerable. Ello, unido a procesos como la despoblaci\u00f3n de las zonas rurales o el aumento de la soledad no deseada, deben llevar a replantearnos el sistema de cuidados.<\/p>\n<p>El avance hacia una agenda de desarrollo con base en la sostenibilidad econ\u00f3mica ambiental y social, debe incluir la noci\u00f3n de \u201ccuidado\u201d para asegurar un desarrollo inclusivo y un cambio estructural en el sistema de cuidados que cuente con la coparticipaci\u00f3n y gobernanza de los actores implicados en el territorio y favorecer la eficiencia de los cuidados a partir de las realidades espec\u00edficas y singulares de cada poblaci\u00f3n.<\/p>\n<h3><strong>Un consejo de reconocido prestigio<\/strong><\/h3>\n<p>El Consejo de la C\u00e1tedra Macrosad Trabajo Social Verde est\u00e1 compuesto por miembros de contrastado prestigio nacional e internacional en el trabajo social como <strong>Rosa Mar\u00eda D\u00edaz<\/strong>, decana de la Facultad de Ciencias Sociales de la UPO\u00a0 y experta en el dise\u00f1o y evaluaci\u00f3n de entornos amables para las personas; <strong>Germ\u00e1n Jar\u00e1iz<\/strong>, profesor titular de la UPO, copresidente de la Red Espa\u00f1ola de Pol\u00edtica Social, con una extensa trayectoria en el desarrollo de pol\u00edticas sociales, experto en trabajo social comunitario y cuidados; y <strong>Octavio V\u00e1zquez<\/strong>, catedr\u00e1tico de la Universidad de Huelva, experto en movimientos migratorios y en la investigaci\u00f3n e innovaci\u00f3n en servicios sociales. A ello se le suma la experiencia de una entidad como Macrosad SCA, con m\u00e1s de 25 a\u00f1os de experiencia en cuidados a personas y con un fuerte compromiso con la investigaci\u00f3n y la innovaci\u00f3n social que ha incorporado a esta C\u00e1tedra a <strong>Luc\u00eda Gonz\u00e1lez<\/strong>, doctora en Trabajo Social y directora del \u00c1rea de Innovaci\u00f3n y Marketing; <strong>Ram\u00f3n Muela<\/strong>, responsable del Departamento de I+D; y <strong>Fuensanta Rivero<\/strong>, responsable de Sistemas y M\u00e9todos.<\/p>\n<p>M\u00e1s informaci\u00f3n en @CatedraTSVerde<\/p>\n","protected":false},"excerpt":{"rendered":"<p>El profesor del Departamento de Trabajo Social y Servicios Sociales de la Universidad Pablo de Olavide Fernando Relinque Medina dirige la C\u00e1tedra Macrosad Trabajo Social Verde, una iniciativa pionera a nivel europeo que trabaja en investigaci\u00f3n dirigida a la sostenibilidad ambiental de los servicios sociales y otros \u00e1mbitos del Trabajo Social. De la mano de Macrosad, cooperativa de educaci\u00f3n y cuidados a personas, esta c\u00e1tedra pone sobre la mesa la trascendencia de las nuevas realidades y necesidades sociales derivadas del cambio clim\u00e1tico que ahora est\u00e1n adquiriendo m\u00e1s relevancia medi\u00e1tica que nunca.<\/p>\n","protected":false},"author":14,"featured_media":30876481,"comment_status":"closed","ping_status":"open","sticky":false,"template":"","format":"standard","meta":{"_monsterinsights_skip_tracking":false,"_monsterinsights_sitenote_active":false,"_monsterinsights_sitenote_note":"","_monsterinsights_sitenote_category":0,"footnotes":""},"categories":[24],"tags":[593,358,8048,3405,8124,8125,429,1046,832,103],"class_list":["post-30876480","post","type-post","status-publish","format-standard","has-post-thumbnail","hentry","category-entrevista","tag-cambio-climatico","tag-catedra","tag-cuidados","tag-departamento-de-trabajo-social-y-servicios-sociales","tag-fernando-relinque","tag-macrosad","tag-medio-ambiente","tag-servicios-sociales","tag-sostenibilidad","tag-trabajo-social"],"_links":{"self":[{"href":"https:\/\/www.upo.es\/diario\/wp-json\/wp\/v2\/posts\/30876480","targetHints":{"allow":["GET"]}}],"collection":[{"href":"https:\/\/www.upo.es\/diario\/wp-json\/wp\/v2\/posts"}],"about":[{"href":"https:\/\/www.upo.es\/diario\/wp-json\/wp\/v2\/types\/post"}],"author":[{"embeddable":true,"href":"https:\/\/www.upo.es\/diario\/wp-json\/wp\/v2\/users\/14"}],"replies":[{"embeddable":true,"href":"https:\/\/www.upo.es\/diario\/wp-json\/wp\/v2\/comments?post=30876480"}],"version-history":[{"count":9,"href":"https:\/\/www.upo.es\/diario\/wp-json\/wp\/v2\/posts\/30876480\/revisions"}],"predecessor-version":[{"id":30876508,"href":"https:\/\/www.upo.es\/diario\/wp-json\/wp\/v2\/posts\/30876480\/revisions\/30876508"}],"wp:featuredmedia":[{"embeddable":true,"href":"https:\/\/www.upo.es\/diario\/wp-json\/wp\/v2\/media\/30876481"}],"wp:attachment":[{"href":"https:\/\/www.upo.es\/diario\/wp-json\/wp\/v2\/media?parent=30876480"}],"wp:term":[{"taxonomy":"category","embeddable":true,"href":"https:\/\/www.upo.es\/diario\/wp-json\/wp\/v2\/categories?post=30876480"},{"taxonomy":"post_tag","embeddable":true,"href":"https:\/\/www.upo.es\/diario\/wp-json\/wp\/v2\/tags?post=30876480"}],"curies":[{"name":"wp","href":"https:\/\/api.w.org\/{rel}","templated":true}]}}