{"id":30876503,"date":"2022-12-12T11:25:16","date_gmt":"2022-12-12T10:25:16","guid":{"rendered":"https:\/\/www.upo.es\/diario\/?p=30876503"},"modified":"2022-12-14T11:37:08","modified_gmt":"2022-12-14T10:37:08","slug":"el-rector-de-la-upo-destaca-el-fin-de-la-lista-de-espera-del-profesorado-acreditado-en-el-acto-de-tomas-de-posesion-de-pdi-y-pas","status":"publish","type":"post","link":"https:\/\/www.upo.es\/diario\/comunidad\/2022\/12\/el-rector-de-la-upo-destaca-el-fin-de-la-lista-de-espera-del-profesorado-acreditado-en-el-acto-de-tomas-de-posesion-de-pdi-y-pas\/","title":{"rendered":"El rector de la UPO destaca el fin de la lista de espera del profesorado acreditado en el acto de tomas de posesi\u00f3n de PDI y PAS"},"content":{"rendered":"<figure id=\"attachment_30876505\" aria-describedby=\"caption-attachment-30876505\" style=\"width: 750px\" class=\"wp-caption aligncenter\"><a href=\"https:\/\/www.upo.es\/diario\/wp-content\/uploads\/2022\/12\/TP_20221212_grupo-scaled.jpg\"><img loading=\"lazy\" decoding=\"async\" class=\"size-large wp-image-30876505\" src=\"https:\/\/www.upo.es\/diario\/wp-content\/uploads\/2022\/12\/TP_20221212_grupo-750x422.jpg\" alt=\"Profesorado y PAS tras la toma de posesi\u00f3n en el Paraninfo\" width=\"750\" height=\"422\" srcset=\"https:\/\/www.upo.es\/diario\/wp-content\/uploads\/2022\/12\/TP_20221212_grupo-750x422.jpg 750w, https:\/\/www.upo.es\/diario\/wp-content\/uploads\/2022\/12\/TP_20221212_grupo-385x217.jpg 385w, https:\/\/www.upo.es\/diario\/wp-content\/uploads\/2022\/12\/TP_20221212_grupo-768x432.jpg 768w, https:\/\/www.upo.es\/diario\/wp-content\/uploads\/2022\/12\/TP_20221212_grupo-1536x864.jpg 1536w, https:\/\/www.upo.es\/diario\/wp-content\/uploads\/2022\/12\/TP_20221212_grupo-2048x1152.jpg 2048w, https:\/\/www.upo.es\/diario\/wp-content\/uploads\/2022\/12\/TP_20221212_grupo-1320x743.jpg 1320w\" sizes=\"auto, (max-width: 750px) 100vw, 750px\" \/><\/a><figcaption id=\"caption-attachment-30876505\" class=\"wp-caption-text\">Profesorado y PAS tras la toma de posesi\u00f3n en el Paraninfo<\/figcaption><\/figure>\n<p>La Universidad Pablo de Olavide ha reanudado la celebraci\u00f3n de los actos p\u00fablicos presenciales de las<strong> tomas de posesi\u00f3n de catedr\u00e1ticos y catedr\u00e1ticas, profesorado titular y funcionariado tras el periodo en que fueron suspendidos por causa de la pandemia por Covid-19<\/strong>. De esta forma, el rector, Francisco Oliva Bl\u00e1zquez, ha presidido este acto para el personal docente y de investigaci\u00f3n y el personal de administraci\u00f3n y servicios que accedi\u00f3 al cuerpo de funcionariado en los dos \u00faltimos cursos acad\u00e9micos, donde ha anunciado el fin de la lista de espera del profesorado acreditado en la Universidad Pablo de Olavide.<\/p>\n<p>\u201cCon este acto, la Universidad se ve reforzada en la tarea de fortalecimiento y estabilizaci\u00f3n de nuestra plantilla para acabar con la precarizaci\u00f3n. Desde hace tiempo, el Consejo de Direcci\u00f3n ha trabajado duramente para desarrollar unas pol\u00edticas activas que reviertan esta situaci\u00f3n. Como resultado de este esfuerzo, unido a la tasa de reposici\u00f3n cedida por otras universidades, hemos conseguido algo impensable hace un a\u00f1o como es acabar con la lista de espera de profesorado acreditado\u201d, ha se\u00f1alado. En este sentido, ha destacado que, desde el primer d\u00eda, \u201ceste equipo de gobierno crey\u00f3 que lo m\u00e1s importante era la plantilla\u201d porque \u201cestaba en una situaci\u00f3n problem\u00e1tica por la congelaci\u00f3n de la tasa de reposici\u00f3n\u201d, entre otras cuestiones.<\/p>\n<p>Asimismo, el rector ha felicitado a todas las personas presentes \u201cporque hoy es el d\u00eda en el que se formalizan todos los esfuerzos de una carrera acad\u00e9mica y de servicio p\u00fablico. Es una alegr\u00eda hacer comunidad universitaria porque este esp\u00edritu nos distingue entre otras universidades\u201d.<\/p>\n<p>Como <strong>catedr\u00e1ticos y catedr\u00e1ticas de la Universidad Pablo de Olavide<\/strong>, han tomado posesi\u00f3n: \u00c1lvaro L\u00f3pez Cabrales, Roc\u00edo Ruiz Ben\u00edtez, Manuel Ricardo Torres Soriano, V\u00edctor Amadeo Ba\u00f1uls Silvera, Raquel Fl\u00f3rez L\u00f3pez, Juan Carlos Fern\u00e1ndez Truan, Paula Gonz\u00e1lez Rodr\u00edguez y Juan Manuel Rueda Cantuche.<\/p>\n<p>Por otra parte, han tomado posesi\u00f3n como <strong>profesoras y profesores titulares<\/strong>: Igor P\u00e9rez Tostado, Bethany Aram Worzella, Mar\u00eda de la Menta Ballesteros Mart\u00edn, Mar\u00eda Jos\u00e9 G\u00f3mez-Mill\u00e1n Herencia, Silvia Mendoza Calder\u00f3n, Juan Manuel Ram\u00f3n Jer\u00f3nimo, Ana Isabel Rojas Gonz\u00e1lez, Emilio Siendones Castillo, Susana Pasamar Reyes, Paula Rodr\u00edguez Modro\u00f1o, Mar\u00eda Cristina Rosillo L\u00f3pez, Mar\u00eda Manuela Segovia Gonz\u00e1lez, V\u00edctor \u00c1lvarez Tallada, Mar\u00eda Dolores Gallego Pereira, Mar\u00eda Amapola Povedano D\u00edaz, Olga Cruz Moya, Amando Flores D\u00edaz, Mari\u00e1n Mor\u00f3n Mart\u00edn, Mar\u00eda Viviana Caruso Font\u00e1n, Tania Isabel Lopes Da Costa, Juan Domingo Delgado Garc\u00eda, \u00c1frica Calvo Lluch, Ignacio Flor Parra, Jos\u00e9 Manuel Hurtado Gonz\u00e1lez, Carlos David Barranco, Mar\u00eda Luisa Buide del Real, Beatriz Palacios Florencio, Laura Nieves Sierra Garc\u00eda, Eva Barrena Algara, Gloria Fern\u00e1ndez Arribas, Juan Carlos L\u00f3pez Ramos, Cristina L\u00f3pez Vargas, Beatriz Mac\u00edas G\u00f3mez-Estern, Mauricio Alejandro Matus L\u00f3pez, Mar\u00eda Reyes P\u00e9rez Alberdi, Montserrat Hermos\u00edn \u00c1lvarez, Mar\u00eda Luisa Hidalgo Hidalgo, Younes Smani, Jos\u00e9 D\u00edaz Diego, Ana Dolores L\u00f3pez S\u00e1nchez, Ignacio Moreno Gabald\u00f3n, Fernando Manuel Otero Saborido, Leticia de los \u00c1ngeles P\u00e9rez-Calero S\u00e1nchez, Eduardo S\u00e1ez de Villarreal S\u00e1ez, Mar\u00eda Jos\u00e9 Trigueros Mart\u00edn, Gladys Margot Cahuana Macedo, Mar\u00eda Macarena Esteba Ib\u00e1\u00f1ez, Sandra Isabel Fachelli Oliva, Mar\u00eda \u00c1ngeles Huete Garc\u00eda, Jos\u00e9 Carlos Jaenes S\u00e1nchez, \u00c1ngel Mario Jordi S\u00e1nchez, In\u00e9s Mart\u00ednez Pita, Rafael Merinero Rodr\u00edguez y Mar\u00eda del Rosario Rodr\u00edguez Gri\u00f1olo.<\/p>\n<p>Finalmente, han hecho lo propio como <strong>funcionarios y funcionarias de carrera<\/strong>: Mar\u00eda del Carmen Utrera Bonet, Javier Garc\u00eda Men\u00e9ndez, Carmen Torrecillas Moya, Rafael Martos Morales, Mar\u00eda del Valle Romero Varo y Araceli Romero Mendivil.<\/p>\n","protected":false},"excerpt":{"rendered":"<p>La Universidad Pablo de Olavide ha reanudado la celebraci\u00f3n de los actos p\u00fablicos presenciales de las tomas de posesi\u00f3n de catedr\u00e1ticos y catedr\u00e1ticas, profesorado titular y funcionariado tras el periodo en que fueron suspendidos por causa de la pandemia por Covid-19.<\/p>\n","protected":false},"author":6,"featured_media":30876505,"comment_status":"closed","ping_status":"open","sticky":false,"template":"","format":"standard","meta":{"_monsterinsights_skip_tracking":false,"_monsterinsights_sitenote_active":false,"_monsterinsights_sitenote_note":"","_monsterinsights_sitenote_category":0,"footnotes":""},"categories":[5842],"tags":[8128,682,6031,199,685],"class_list":["post-30876503","post","type-post","status-publish","format-standard","has-post-thumbnail","hentry","category-comunidad","tag-funcionariado","tag-pas","tag-personal-de-administracion-y-servicios","tag-profesorado","tag-toma-de-posesion"],"_links":{"self":[{"href":"https:\/\/www.upo.es\/diario\/wp-json\/wp\/v2\/posts\/30876503","targetHints":{"allow":["GET"]}}],"collection":[{"href":"https:\/\/www.upo.es\/diario\/wp-json\/wp\/v2\/posts"}],"about":[{"href":"https:\/\/www.upo.es\/diario\/wp-json\/wp\/v2\/types\/post"}],"author":[{"embeddable":true,"href":"https:\/\/www.upo.es\/diario\/wp-json\/wp\/v2\/users\/6"}],"replies":[{"embeddable":true,"href":"https:\/\/www.upo.es\/diario\/wp-json\/wp\/v2\/comments?post=30876503"}],"version-history":[{"count":2,"href":"https:\/\/www.upo.es\/diario\/wp-json\/wp\/v2\/posts\/30876503\/revisions"}],"predecessor-version":[{"id":30876506,"href":"https:\/\/www.upo.es\/diario\/wp-json\/wp\/v2\/posts\/30876503\/revisions\/30876506"}],"wp:featuredmedia":[{"embeddable":true,"href":"https:\/\/www.upo.es\/diario\/wp-json\/wp\/v2\/media\/30876505"}],"wp:attachment":[{"href":"https:\/\/www.upo.es\/diario\/wp-json\/wp\/v2\/media?parent=30876503"}],"wp:term":[{"taxonomy":"category","embeddable":true,"href":"https:\/\/www.upo.es\/diario\/wp-json\/wp\/v2\/categories?post=30876503"},{"taxonomy":"post_tag","embeddable":true,"href":"https:\/\/www.upo.es\/diario\/wp-json\/wp\/v2\/tags?post=30876503"}],"curies":[{"name":"wp","href":"https:\/\/api.w.org\/{rel}","templated":true}]}}