{"id":30876515,"date":"2022-12-13T12:31:07","date_gmt":"2022-12-13T11:31:07","guid":{"rendered":"https:\/\/www.upo.es\/diario\/?p=30876515"},"modified":"2022-12-15T13:50:41","modified_gmt":"2022-12-15T12:50:41","slug":"la-upo-renueva-su-acreditacion-de-voluntariado-con-el-sello-de-calidad-del-cuerpo-europeo-de-solidaridad","status":"publish","type":"post","link":"https:\/\/www.upo.es\/diario\/cultura-social\/2022\/12\/la-upo-renueva-su-acreditacion-de-voluntariado-con-el-sello-de-calidad-del-cuerpo-europeo-de-solidaridad\/","title":{"rendered":"La UPO renueva su acreditaci\u00f3n de voluntariado con el sello de calidad del Cuerpo Europeo de Solidaridad"},"content":{"rendered":"<figure id=\"attachment_30876520\" aria-describedby=\"caption-attachment-30876520\" style=\"width: 750px\" class=\"wp-caption aligncenter\"><a href=\"https:\/\/www.upo.es\/diario\/wp-content\/uploads\/2022\/12\/Foto1-Voluntariado.jpg\"><img loading=\"lazy\" decoding=\"async\" class=\"size-large wp-image-30876520\" src=\"https:\/\/www.upo.es\/diario\/wp-content\/uploads\/2022\/12\/Foto1-Voluntariado-750x422.jpg\" alt=\"\" width=\"750\" height=\"422\" srcset=\"https:\/\/www.upo.es\/diario\/wp-content\/uploads\/2022\/12\/Foto1-Voluntariado-750x422.jpg 750w, https:\/\/www.upo.es\/diario\/wp-content\/uploads\/2022\/12\/Foto1-Voluntariado-385x217.jpg 385w, https:\/\/www.upo.es\/diario\/wp-content\/uploads\/2022\/12\/Foto1-Voluntariado-768x432.jpg 768w, https:\/\/www.upo.es\/diario\/wp-content\/uploads\/2022\/12\/Foto1-Voluntariado-1536x864.jpg 1536w, https:\/\/www.upo.es\/diario\/wp-content\/uploads\/2022\/12\/Foto1-Voluntariado-1320x743.jpg 1320w, https:\/\/www.upo.es\/diario\/wp-content\/uploads\/2022\/12\/Foto1-Voluntariado.jpg 1975w\" sizes=\"auto, (max-width: 750px) 100vw, 750px\" \/><\/a><figcaption id=\"caption-attachment-30876520\" class=\"wp-caption-text\">Inauguraci\u00f3n de la jornada del D\u00eda Internacional del Voluntariado<\/figcaption><\/figure>\n<p>La Universidad Pablo de Olavide, a trav\u00e9s del <strong>Vicerrectorado de Cultura y Pol\u00edticas Sociales<\/strong>, ha organizado una jornada de celebraci\u00f3n con motivo del <strong>D\u00eda Internacional del Voluntariado<\/strong> en el que se ha anunciado la <strong>renovaci\u00f3n de su acreditaci\u00f3n de voluntariado con el nuevo sello de calidad del Cuerpo Europeo de Solidaridad<\/strong>. Con ella, la UPO refuerza su programa para enviar y recibir personas voluntarias en el \u00e1mbito europeo.<\/p>\n<p>El vicerrector de Cultura y Pol\u00edticas Sociales, <strong>David Cobos Sanchiz<\/strong>, que ha inaugurado esta jornada, ha destacado la necesidad de que \u201clas universidades tengan alma. La UPO lo ha tenido claro desde su fundaci\u00f3n y, en la actualidad, lideramos procesos de cambio, como el trabajo que se est\u00e1 realizando desde la Residencia Flora Trist\u00e1n en uno de los barrios m\u00e1s deprimidos de Europa. Y, adem\u00e1s, alineando la cultura como elemento de transformaci\u00f3n social\u201d. Por otra parte, ha subrayado que \u201ccada vez hay m\u00e1s personas voluntarias en la universidad y, por el camino, reciben m\u00e1s de lo que dan en su bagaje personal\u201d.<\/p>\n<p>Por su parte, la secretaria general de Familias, Igualdad, Violencia de g\u00e9nero y Diversidad, <strong>Ana Carmen Mata Rico<\/strong>, ha remarcado \u201cel compromiso de la Junta de Andaluc\u00eda con el voluntariado de la mano de las universidades, que refleja el esp\u00edritu social de nuestra Comunidad. Porque las universidades no solo son transmisoras de conocimiento, sino tambi\u00e9n de valores. El voluntariado nos hace mejores ciudadanos y ciudadanas\u201d.<\/p>\n<p>Asimismo, durante el acto de inauguraci\u00f3n de la jornada de celebraci\u00f3n del D\u00eda Internacional del Voluntariado, la directora general de Inclusi\u00f3n y Pol\u00edticas Socioculturales de la UPO, <strong>Mar\u00eda Jos\u00e9 Parejo Guzm\u00e1n<\/strong>, ha dado lectura a la <a href=\"https:\/\/www.upo.es\/cms1\/export\/sites\/upo\/upsc\/voluntariado\/documentos\/MANIFIESTO-FINAL-DIA-DE-VOLUNTARIADO-2022.pdf\">Declaraci\u00f3n conjunta de las Universidades P\u00fablicas Andaluzas en el D\u00eda Internacional del Voluntariado<\/a> que, bajo el lema <strong>\u2018El Compromiso Social en las Universidades P\u00fablicas Andaluzas\u2019<\/strong>, se ha redactado con la colaboraci\u00f3n de la Consejer\u00eda de Inclusi\u00f3n Social, Juventud, Familias e Igualdad.<\/p>\n<figure id=\"attachment_30876517\" aria-describedby=\"caption-attachment-30876517\" style=\"width: 385px\" class=\"wp-caption alignright\"><a href=\"https:\/\/www.upo.es\/diario\/wp-content\/uploads\/2022\/12\/Voluntariado11.jpg\"><img loading=\"lazy\" decoding=\"async\" class=\"size-medium wp-image-30876517\" src=\"https:\/\/www.upo.es\/diario\/wp-content\/uploads\/2022\/12\/Voluntariado11-385x257.jpg\" alt=\"\" width=\"385\" height=\"257\" srcset=\"https:\/\/www.upo.es\/diario\/wp-content\/uploads\/2022\/12\/Voluntariado11-385x257.jpg 385w, https:\/\/www.upo.es\/diario\/wp-content\/uploads\/2022\/12\/Voluntariado11-750x500.jpg 750w, https:\/\/www.upo.es\/diario\/wp-content\/uploads\/2022\/12\/Voluntariado11-768x512.jpg 768w, https:\/\/www.upo.es\/diario\/wp-content\/uploads\/2022\/12\/Voluntariado11-1536x1025.jpg 1536w, https:\/\/www.upo.es\/diario\/wp-content\/uploads\/2022\/12\/Voluntariado11-165x109.jpg 165w, https:\/\/www.upo.es\/diario\/wp-content\/uploads\/2022\/12\/Voluntariado11-1320x880.jpg 1320w, https:\/\/www.upo.es\/diario\/wp-content\/uploads\/2022\/12\/Voluntariado11.jpg 2000w\" sizes=\"auto, (max-width: 385px) 100vw, 385px\" \/><\/a><figcaption id=\"caption-attachment-30876517\" class=\"wp-caption-text\">Mar\u00eda Jos\u00e9 Parejo, David Cobos y Ana Carmen Mata<\/figcaption><\/figure>\n<p>En este documento, se expresa el agradecimiento a todas las personas voluntarias del \u00e1mbito universitario andaluz, al tiempo que se destaca el papel de las universidades como agentes de cambio social \u201cen la lucha contra la pobreza, desigualdad y problemas ambientales\u201d. Una tarea en la que las universidades andaluzas llevan implicadas m\u00e1s de veinte a\u00f1os, como el caso de la Universidad Pablo de Olavide, que cuenta con <strong>la Oficina de Voluntariado m\u00e1s antigua de la Comunidad siendo la entidad m\u00e1s joven de ellas<\/strong>.<\/p>\n<p>Este encuentro de voluntariado ha seguido desarroll\u00e1ndose en el campus de la UPO con la participaci\u00f3n de diversas <strong>entidades y asociaciones que han organizado numerosas actividades dirigidas al alumnado universitario<\/strong> como concursos, m\u00fasica, premios y un desayuno navide\u00f1o con el objetivo de sensibilizar a la comunidad universitaria sobre la importancia del compromiso y la participaci\u00f3n social a trav\u00e9s del voluntariado.<\/p>\n<p>Entre otras, el alumnado de la UPO ha podido conocer la actividad de entidades como<strong> Mad \u00c1frica, ASAS, Banco de Alimentos, Cesal, ARCA, ATMOS, Fundaci\u00f3n TAS, ASAENES, ASPAD, AVACE, Fundaci\u00f3n TAU, Autismo Sevilla, Entreculturas y ONG SED<\/strong>.<\/p>\n<h3><strong>Voluntariado europeo<\/strong><\/h3>\n<p>Seg\u00fan ha explicado David Cobos Sanchiz, la renovaci\u00f3n de la acreditaci\u00f3n de voluntariado ha supuesto un \u201carduo y laborioso proceso\u201d que ha desarrollado la Oficina de Voluntariado y Compromiso Social.<\/p>\n<p>El Cuerpo Europeo de Solidaridad (CES) es un programa de voluntariado internacional, subvencionado por la Comisi\u00f3n Europea, que est\u00e1 dirigido a j\u00f3venes entre 18 y 35 a\u00f1os con el objetivo de fomentar su participaci\u00f3n como ciudadanos y ciudadanas europeas para construir una sociedad m\u00e1s integradora mediante el apoyo a las personas m\u00e1s vulnerables y respondiendo a los retos sociales. En concreto, para el periodo 2021\/27, la Uni\u00f3n Europea ha dado prioridad a la promoci\u00f3n de la inclusi\u00f3n y la diversidad, a la sostenibilidad y cuidado medioambiental, el apoyo a la transici\u00f3n digital y la mejora de la participaci\u00f3n de la juventud en la sociedad.<\/p>\n<p><a href=\"https:\/\/www.upo.es\/diario\/wp-content\/uploads\/2022\/12\/Voluntariado05.jpg\"><img loading=\"lazy\" decoding=\"async\" class=\"aligncenter size-large wp-image-30876518\" src=\"https:\/\/www.upo.es\/diario\/wp-content\/uploads\/2022\/12\/Voluntariado05-750x500.jpg\" alt=\"\" width=\"750\" height=\"500\" srcset=\"https:\/\/www.upo.es\/diario\/wp-content\/uploads\/2022\/12\/Voluntariado05-750x500.jpg 750w, https:\/\/www.upo.es\/diario\/wp-content\/uploads\/2022\/12\/Voluntariado05-385x257.jpg 385w, https:\/\/www.upo.es\/diario\/wp-content\/uploads\/2022\/12\/Voluntariado05-768x512.jpg 768w, https:\/\/www.upo.es\/diario\/wp-content\/uploads\/2022\/12\/Voluntariado05-1536x1025.jpg 1536w, https:\/\/www.upo.es\/diario\/wp-content\/uploads\/2022\/12\/Voluntariado05-165x109.jpg 165w, https:\/\/www.upo.es\/diario\/wp-content\/uploads\/2022\/12\/Voluntariado05-1320x880.jpg 1320w, https:\/\/www.upo.es\/diario\/wp-content\/uploads\/2022\/12\/Voluntariado05.jpg 2000w\" sizes=\"auto, (max-width: 750px) 100vw, 750px\" \/><\/a><\/p>\n","protected":false},"excerpt":{"rendered":"<p>La Universidad Pablo de Olavide, a trav\u00e9s del Vicerrectorado de Cultura y Pol\u00edticas Sociales, ha organizado una jornada de celebraci\u00f3n con motivo del D\u00eda Internacional del Voluntariado en el que se ha anunciado la renovaci\u00f3n de su acreditaci\u00f3n de voluntariado con el nuevo sello de calidad del Cuerpo Europeo de Solidaridad. Con ella, la UPO refuerza su programa para enviar y recibir personas voluntarias en el \u00e1mbito europeo.<\/p>\n","protected":false},"author":14,"featured_media":30876520,"comment_status":"closed","ping_status":"open","sticky":false,"template":"","format":"standard","meta":{"_monsterinsights_skip_tracking":false,"_monsterinsights_sitenote_active":false,"_monsterinsights_sitenote_note":"","_monsterinsights_sitenote_category":0,"footnotes":""},"categories":[5843],"tags":[2759,8123,6925,1315,5488,7194,86],"class_list":["post-30876515","post","type-post","status-publish","format-standard","has-post-thumbnail","hentry","category-cultura-social","tag-compromiso-social","tag-consejeria-de-inclusion-social","tag-cuerpo-europeo-de-solidaridad","tag-oficina-de-voluntariado","tag-universidades-publicas-andaluzas","tag-vicerrectorado-de-cultura-y-politicas-sociales","tag-voluntariado"],"_links":{"self":[{"href":"https:\/\/www.upo.es\/diario\/wp-json\/wp\/v2\/posts\/30876515","targetHints":{"allow":["GET"]}}],"collection":[{"href":"https:\/\/www.upo.es\/diario\/wp-json\/wp\/v2\/posts"}],"about":[{"href":"https:\/\/www.upo.es\/diario\/wp-json\/wp\/v2\/types\/post"}],"author":[{"embeddable":true,"href":"https:\/\/www.upo.es\/diario\/wp-json\/wp\/v2\/users\/14"}],"replies":[{"embeddable":true,"href":"https:\/\/www.upo.es\/diario\/wp-json\/wp\/v2\/comments?post=30876515"}],"version-history":[{"count":2,"href":"https:\/\/www.upo.es\/diario\/wp-json\/wp\/v2\/posts\/30876515\/revisions"}],"predecessor-version":[{"id":30876521,"href":"https:\/\/www.upo.es\/diario\/wp-json\/wp\/v2\/posts\/30876515\/revisions\/30876521"}],"wp:featuredmedia":[{"embeddable":true,"href":"https:\/\/www.upo.es\/diario\/wp-json\/wp\/v2\/media\/30876520"}],"wp:attachment":[{"href":"https:\/\/www.upo.es\/diario\/wp-json\/wp\/v2\/media?parent=30876515"}],"wp:term":[{"taxonomy":"category","embeddable":true,"href":"https:\/\/www.upo.es\/diario\/wp-json\/wp\/v2\/categories?post=30876515"},{"taxonomy":"post_tag","embeddable":true,"href":"https:\/\/www.upo.es\/diario\/wp-json\/wp\/v2\/tags?post=30876515"}],"curies":[{"name":"wp","href":"https:\/\/api.w.org\/{rel}","templated":true}]}}