{"id":30876536,"date":"2022-12-14T11:58:01","date_gmt":"2022-12-14T10:58:01","guid":{"rendered":"https:\/\/www.upo.es\/diario\/?p=30876536"},"modified":"2022-12-15T16:06:32","modified_gmt":"2022-12-15T15:06:32","slug":"una-jornada-upo-universidad-emprendedora-para-captar-talento-e-implantar-nuevos-proyectos","status":"publish","type":"post","link":"https:\/\/www.upo.es\/diario\/comunidad\/2022\/12\/una-jornada-upo-universidad-emprendedora-para-captar-talento-e-implantar-nuevos-proyectos\/","title":{"rendered":"Una Jornada UPO Universidad Emprendedora para captar talento e implantar nuevos proyectos"},"content":{"rendered":"<figure id=\"attachment_30876537\" aria-describedby=\"caption-attachment-30876537\" style=\"width: 750px\" class=\"wp-caption aligncenter\"><a href=\"https:\/\/www.upo.es\/diario\/wp-content\/uploads\/2022\/12\/foto6.jpg\"><img loading=\"lazy\" decoding=\"async\" class=\"size-large wp-image-30876537\" src=\"https:\/\/www.upo.es\/diario\/wp-content\/uploads\/2022\/12\/foto6-750x355.jpg\" alt=\"\" width=\"750\" height=\"355\" srcset=\"https:\/\/www.upo.es\/diario\/wp-content\/uploads\/2022\/12\/foto6-750x355.jpg 750w, https:\/\/www.upo.es\/diario\/wp-content\/uploads\/2022\/12\/foto6-385x182.jpg 385w, https:\/\/www.upo.es\/diario\/wp-content\/uploads\/2022\/12\/foto6-768x363.jpg 768w, https:\/\/www.upo.es\/diario\/wp-content\/uploads\/2022\/12\/foto6-1536x727.jpg 1536w, https:\/\/www.upo.es\/diario\/wp-content\/uploads\/2022\/12\/foto6-1320x625.jpg 1320w, https:\/\/www.upo.es\/diario\/wp-content\/uploads\/2022\/12\/foto6.jpg 1600w\" sizes=\"auto, (max-width: 750px) 100vw, 750px\" \/><\/a><figcaption id=\"caption-attachment-30876537\" class=\"wp-caption-text\">Rosario Jim\u00e9nez, Carmen Cabello y Amapola Povedano<\/figcaption><\/figure>\n<p>La Universidad Pablo de Olavide, a trav\u00e9s del <strong>CADE-UPO<\/strong>, ha organizado <strong>dos nuevas actividades para el fomento del emprendimiento entre la comunidad universitaria<\/strong>. En esta ocasi\u00f3n, se trata de <strong>una jornada divulgativa y un taller para crear oportunidades con impacto social<\/strong>. La primera de ellas ha tenido lugar este mi\u00e9rcoles y la pr\u00f3xima ser\u00e1 el viernes 16 de diciembre.<\/p>\n<p>Ambas acciones se enmarcan en el <strong>Proyecto Europeo AccEnt<\/strong> (Accelerating Innovation and Entrepreneurial Excellence in Higher Education Institutes) con la colaboraci\u00f3n del <strong>InnLab<\/strong> (Centro Propio de Investigaci\u00f3n sobre Innovaci\u00f3n, Emprendimiento y Empresa Familiar), la <strong>Oficina de Transferencia de Resultados de Investigaci\u00f3n<\/strong> (OTRI), el <strong>\u00c1rea de Empleabilidad y Emprendimiento<\/strong> y el <strong>CADE-UPO<\/strong> (Andaluc\u00eda Emprende).<\/p>\n<p>La <strong>Jornada UPO Universidad Emprendedora<\/strong>, que se ha celebrado en primer lugar, ha sido inaugurada por la directora general de Empleabilidad y Emprendimiento, <strong>Amapola Povedano D\u00edaz<\/strong>; y ha contado tambi\u00e9n con la directora de la OTRI, <strong>Rosario Jim\u00e9nez Rodr\u00edguez<\/strong>, y la profesora <strong>Carmen Cabello Medina<\/strong>, que coordina el Proyecto Europeo AccEnt en esta universidad.<\/p>\n<p>Esta sesi\u00f3n tiene como objetivo generar iniciativas que atiendan a necesidades de la sociedad, dise\u00f1ar y gestionar nuevos proyectos, identificar fuentes de recursos para su gesti\u00f3n y, con ello, contribuir al desarrollo social y econ\u00f3mico de la regi\u00f3n.<\/p>\n<p>Para ello, el encuentro ha comenzado con una mesa redonda bajo el t\u00edtulo \u2018\u00bfQuieres emprender en la UPO? Conoce c\u00f3mo podemos ayudarte\u2019; y ha seguido con la presentaci\u00f3n de miembros emprendedores de la UPO como <strong>\u00c1lvaro L\u00f3pez<\/strong> (PowerOnyou), <strong>Diego Jim\u00e9nez<\/strong> (Green Mirror) y <strong>Andrea Garc\u00eda y Jos\u00e9 M. Gonz\u00e1lez<\/strong> (Easy Statistics). A continuaci\u00f3n, ha sido el turno del emprendimiento con un gran impacto social de la mano de <strong>Katia Simone<\/strong> (AOKLabs). Y, tras la conferencia de la profesora del Departamento de Organizaci\u00f3n de Empresas y Marketing, <strong>Elena Sousa Ginel<\/strong>, con el t\u00edtulo \u2018\u00bfSon emprendedores los estudiantes UPO?\u2019, la jornada concluye con un debate con personas expertas sobre los retos para una universidad emprendedora con <strong>Rosa Siles<\/strong> (Andaluc\u00eda Emprende) y<strong> Jos\u00e9 Ruiz<\/strong> (GEM Andaluc\u00eda).<\/p>\n<figure id=\"attachment_30876538\" aria-describedby=\"caption-attachment-30876538\" style=\"width: 385px\" class=\"wp-caption alignright\"><a href=\"https:\/\/www.upo.es\/diario\/wp-content\/uploads\/2022\/12\/foto1.jpg\"><img loading=\"lazy\" decoding=\"async\" class=\"size-medium wp-image-30876538\" src=\"https:\/\/www.upo.es\/diario\/wp-content\/uploads\/2022\/12\/foto1-385x182.jpg\" alt=\"\" width=\"385\" height=\"182\" srcset=\"https:\/\/www.upo.es\/diario\/wp-content\/uploads\/2022\/12\/foto1-385x182.jpg 385w, https:\/\/www.upo.es\/diario\/wp-content\/uploads\/2022\/12\/foto1-750x355.jpg 750w, https:\/\/www.upo.es\/diario\/wp-content\/uploads\/2022\/12\/foto1-768x363.jpg 768w, https:\/\/www.upo.es\/diario\/wp-content\/uploads\/2022\/12\/foto1-1536x727.jpg 1536w, https:\/\/www.upo.es\/diario\/wp-content\/uploads\/2022\/12\/foto1-1320x625.jpg 1320w, https:\/\/www.upo.es\/diario\/wp-content\/uploads\/2022\/12\/foto1.jpg 1600w\" sizes=\"auto, (max-width: 385px) 100vw, 385px\" \/><\/a><figcaption id=\"caption-attachment-30876538\" class=\"wp-caption-text\">Jornada UPO Universidad Emprendedora<\/figcaption><\/figure>\n<h3><strong>El viernes, taller de emprendimiento<\/strong><\/h3>\n<p>Por otra parte, el taller del viernes 16 de diciembre se desarrollar\u00e1 en el Seminario 1 del Edificio 6 en horario de 16:00 a 19:00 horas y estar\u00e1 dirigido por <strong>Kiko Rodr\u00edguez<\/strong>, ingeniero de soluciones fotovoltaicas y emprendedor con Amalgama Desarrollo, bajo el t\u00edtulo <strong>\u2018Emprendimiento para un mundo mejor\u2019<\/strong>. El objetivo de esta sesi\u00f3n es buscar personas emprendedoras para crear oportunidades con impacto social y medioambiental positivo.<\/p>\n<p>El Proyecto AccEnt, liderado por la Universidad Arist\u00f3teles de Sal\u00f3nica (Grecia), est\u00e1 coordinado en la UPO por la profesora Carmen Cabello Medina, del Departamento de Organizaci\u00f3n de Empresas y Marketing, e integra adem\u00e1s a universidades y otras instituciones de B\u00e9lgica, Italia, Holanda y Polonia. Su objetivo es impulsar la innovaci\u00f3n y el emprendimiento en las universidades participantes a trav\u00e9s de acciones que impliquen a estudiantes, investigadores y agentes del ecosistema.<\/p>\n<p>El CADE-UPO, ubicado en el edificio Alexander von Humboldt del campus de la Universidad Pablo de Olavide, fue creado en 2017 gracias al convenio de colaboraci\u00f3n firmado con Andaluc\u00eda Emprende para el fomento de la cultura emprendedora en la comunidad universitaria. Desde entonces, el CADE-UPO trabaja en coordinaci\u00f3n con el \u00c1rea de Empleabilidad y Emprendimiento de la Fundaci\u00f3n Universidad Pablo de Olavide, asesorando a estudiantes y PDI para el desarrollo de sus proyectos emprendedores.<\/p>\n<p>Inscripci\u00f3n <a href=\"https:\/\/www.upo.es\/fundaciones\/fundacion-universidad-pablo-de-olavide\/empleabilidad-emprendimiento\/orientacion-profesional\/inscripcion-a-las-actividades-del-area-de-empleabilidad-y-emprendimiento\/\">aqu\u00ed<\/a>.<\/p>\n","protected":false},"excerpt":{"rendered":"<p>La Universidad Pablo de Olavide, a trav\u00e9s del CADE-UPO, ha organizado dos nuevas actividades para el fomento del emprendimiento entre la comunidad universitaria. En esta ocasi\u00f3n, se trata de una jornada divulgativa y un taller para crear oportunidades con impacto social. La primera de ellas ha tenido lugar este mi\u00e9rcoles y la pr\u00f3xima ser\u00e1 el viernes 16 de diciembre.<\/p>\n","protected":false},"author":14,"featured_media":30876537,"comment_status":"closed","ping_status":"open","sticky":false,"template":"","format":"standard","meta":{"_monsterinsights_skip_tracking":false,"_monsterinsights_sitenote_active":false,"_monsterinsights_sitenote_note":"","_monsterinsights_sitenote_category":0,"footnotes":""},"categories":[5842],"tags":[5068,4984,689,7521,8130,514,83,2891,279],"class_list":["post-30876536","post","type-post","status-publish","format-standard","has-post-thumbnail","hentry","category-comunidad","tag-area-de-empleabilidad-y-emprendimiento","tag-cade-upo","tag-emprendimiento","tag-emprendimiento-social","tag-innlab","tag-jornada","tag-otri","tag-proyecto-europeo","tag-taller"],"_links":{"self":[{"href":"https:\/\/www.upo.es\/diario\/wp-json\/wp\/v2\/posts\/30876536","targetHints":{"allow":["GET"]}}],"collection":[{"href":"https:\/\/www.upo.es\/diario\/wp-json\/wp\/v2\/posts"}],"about":[{"href":"https:\/\/www.upo.es\/diario\/wp-json\/wp\/v2\/types\/post"}],"author":[{"embeddable":true,"href":"https:\/\/www.upo.es\/diario\/wp-json\/wp\/v2\/users\/14"}],"replies":[{"embeddable":true,"href":"https:\/\/www.upo.es\/diario\/wp-json\/wp\/v2\/comments?post=30876536"}],"version-history":[{"count":1,"href":"https:\/\/www.upo.es\/diario\/wp-json\/wp\/v2\/posts\/30876536\/revisions"}],"predecessor-version":[{"id":30876539,"href":"https:\/\/www.upo.es\/diario\/wp-json\/wp\/v2\/posts\/30876536\/revisions\/30876539"}],"wp:featuredmedia":[{"embeddable":true,"href":"https:\/\/www.upo.es\/diario\/wp-json\/wp\/v2\/media\/30876537"}],"wp:attachment":[{"href":"https:\/\/www.upo.es\/diario\/wp-json\/wp\/v2\/media?parent=30876536"}],"wp:term":[{"taxonomy":"category","embeddable":true,"href":"https:\/\/www.upo.es\/diario\/wp-json\/wp\/v2\/categories?post=30876536"},{"taxonomy":"post_tag","embeddable":true,"href":"https:\/\/www.upo.es\/diario\/wp-json\/wp\/v2\/tags?post=30876536"}],"curies":[{"name":"wp","href":"https:\/\/api.w.org\/{rel}","templated":true}]}}